{"id":341,"date":"2015-10-06T10:09:18","date_gmt":"2015-10-06T13:09:18","guid":{"rendered":"https:\/\/leppais.wordpress.com\/?p=341"},"modified":"2015-10-06T10:09:18","modified_gmt":"2015-10-06T13:09:18","slug":"semana-academica-de-ciencias-sociais-ufpel-2015","status":"publish","type":"post","link":"https:\/\/wp.ufpel.edu.br\/leppais\/2015\/10\/06\/semana-academica-de-ciencias-sociais-ufpel-2015\/","title":{"rendered":"Semana Acad\u00eamica de Ci\u00eancias Sociais UFPel 2015"},"content":{"rendered":"<p><a href=\"https:\/\/i0.wp.com\/wp.ufpel.edu.br\/leppais\/files\/2015\/10\/semana-academica-de-cs.jpg?ssl=1\"><img data-recalc-dims=\"1\" loading=\"lazy\" decoding=\"async\" data-attachment-id=\"342\" data-permalink=\"https:\/\/wp.ufpel.edu.br\/leppais\/2015\/10\/06\/semana-academica-de-ciencias-sociais-ufpel-2015\/semana-academica-de-cs\/\" data-orig-file=\"https:\/\/i0.wp.com\/wp.ufpel.edu.br\/leppais\/files\/2015\/10\/semana-academica-de-cs.jpg?fit=720%2C508&amp;ssl=1\" data-orig-size=\"720,508\" data-comments-opened=\"0\" data-image-meta=\"{&quot;aperture&quot;:&quot;0&quot;,&quot;credit&quot;:&quot;&quot;,&quot;camera&quot;:&quot;&quot;,&quot;caption&quot;:&quot;&quot;,&quot;created_timestamp&quot;:&quot;0&quot;,&quot;copyright&quot;:&quot;&quot;,&quot;focal_length&quot;:&quot;0&quot;,&quot;iso&quot;:&quot;0&quot;,&quot;shutter_speed&quot;:&quot;0&quot;,&quot;title&quot;:&quot;&quot;,&quot;orientation&quot;:&quot;0&quot;}\" data-image-title=\"Semana Academica de CS\" data-image-description=\"\" data-image-caption=\"\" data-medium-file=\"https:\/\/i0.wp.com\/wp.ufpel.edu.br\/leppais\/files\/2015\/10\/semana-academica-de-cs.jpg?fit=300%2C212&amp;ssl=1\" data-large-file=\"https:\/\/i0.wp.com\/wp.ufpel.edu.br\/leppais\/files\/2015\/10\/semana-academica-de-cs.jpg?fit=584%2C412&amp;ssl=1\" class=\"alignnone size-large wp-image-342\" src=\"https:\/\/i0.wp.com\/wp.ufpel.edu.br\/leppais\/files\/2015\/10\/semana-academica-de-cs.jpg?resize=584%2C412&#038;ssl=1\" alt=\"Semana Academica de CS\" width=\"584\" height=\"412\" srcset=\"https:\/\/i0.wp.com\/wp.ufpel.edu.br\/leppais\/files\/2015\/10\/semana-academica-de-cs.jpg?w=720&amp;ssl=1 720w, https:\/\/i0.wp.com\/wp.ufpel.edu.br\/leppais\/files\/2015\/10\/semana-academica-de-cs.jpg?resize=300%2C212&amp;ssl=1 300w, https:\/\/i0.wp.com\/wp.ufpel.edu.br\/leppais\/files\/2015\/10\/semana-academica-de-cs.jpg?resize=425%2C300&amp;ssl=1 425w\" sizes=\"auto, (max-width: 584px) 100vw, 584px\" \/><\/a><\/p>\n","protected":false},"excerpt":{"rendered":"","protected":false},"author":641,"featured_media":0,"comment_status":"open","ping_status":"open","sticky":false,"template":"","format":"standard","meta":{"advanced_seo_description":"","jetpack_seo_html_title":"","jetpack_seo_noindex":false,"jetpack_post_was_ever_published":false,"_jetpack_newsletter_access":"","_jetpack_dont_email_post_to_subs":false,"_jetpack_newsletter_tier_id":0,"_jetpack_memberships_contains_paywalled_content":false,"_jetpack_memberships_contains_paid_content":false,"footnotes":"","jetpack_publicize_message":"","jetpack_publicize_feature_enabled":true,"jetpack_social_post_already_shared":true,"jetpack_social_options":{"image_generator_settings":{"template":"highway","default_image_id":0,"font":"","enabled":false},"version":2}},"categories":[9],"tags":[],"class_list":["post-341","post","type-post","status-publish","format-standard","hentry","category-eventos"],"jetpack_publicize_connections":[],"jetpack_featured_media_url":"","jetpack_sharing_enabled":true,"jetpack_shortlink":"https:\/\/wp.me\/payVYo-5v","jetpack-related-posts":[{"id":2938,"url":"https:\/\/wp.ufpel.edu.br\/leppais\/2019\/11\/04\/oficina-antropoeticas-na-semana-de-ciencias-sociais-2019\/","url_meta":{"origin":341,"position":0},"title":"Oficina Antropo\u00e9ticas na Semana de Ci\u00eancias Sociais 2019","author":"antropologia","date":"04\/11\/2019","format":false,"excerpt":"","rel":"","context":"Em &quot;Antropo\u00e9ticas&quot;","block_context":{"text":"Antropo\u00e9ticas","link":"https:\/\/wp.ufpel.edu.br\/leppais\/category\/antropoeticas\/"},"img":{"alt_text":"","src":"https:\/\/i0.wp.com\/wp.ufpel.edu.br\/leppais\/files\/2019\/11\/Oficina-Antropoeticas-NOV2019.jpg?resize=350%2C200&ssl=1","width":350,"height":200,"srcset":"https:\/\/i0.wp.com\/wp.ufpel.edu.br\/leppais\/files\/2019\/11\/Oficina-Antropoeticas-NOV2019.jpg?resize=350%2C200&ssl=1 1x, https:\/\/i0.wp.com\/wp.ufpel.edu.br\/leppais\/files\/2019\/11\/Oficina-Antropoeticas-NOV2019.jpg?resize=525%2C300&ssl=1 1.5x, https:\/\/i0.wp.com\/wp.ufpel.edu.br\/leppais\/files\/2019\/11\/Oficina-Antropoeticas-NOV2019.jpg?resize=700%2C400&ssl=1 2x, https:\/\/i0.wp.com\/wp.ufpel.edu.br\/leppais\/files\/2019\/11\/Oficina-Antropoeticas-NOV2019.jpg?resize=1050%2C600&ssl=1 3x"},"classes":[]},{"id":1302,"url":"https:\/\/wp.ufpel.edu.br\/leppais\/2017\/11\/06\/premiado-na-anpocs-o-painel-de-carolina-hoffmann-braga-mestre-pelo-ppgantufpel\/","url_meta":{"origin":341,"position":1},"title":"Premiado na ANPOCS o\u00a0painel de Carolina Hoffmann Braga, mestre pelo PPGAnt\/UFPEL\u00a0","author":"antropologia","date":"06\/11\/2017","format":false,"excerpt":"Na semana de 23 a 27 de outubro aconteceu, em Caxambu (MG), o 41\u00ba\u00a0Encontro Anual da ANPOCS, a Associa\u00e7\u00e3o Nacional de P\u00f3s-Gradua\u00e7\u00e3o e Pesquisa em Ci\u00eancias Sociais, o mais importante evento cient\u00edfico da \u00e1rea. Entre dezenas de Pain\u00e9is apresentados nos Grupos de Trabalho, s\u00e3o selecionados 35 como finalistas para, dentre\u2026","rel":"","context":"Post similar","block_context":{"text":"Post similar","link":""},"img":{"alt_text":"","src":"https:\/\/i0.wp.com\/wp.ufpel.edu.br\/leppais\/files\/2017\/11\/posteranpocs2017-carolhoffmann.jpg?resize=350%2C200&ssl=1","width":350,"height":200,"srcset":"https:\/\/i0.wp.com\/wp.ufpel.edu.br\/leppais\/files\/2017\/11\/posteranpocs2017-carolhoffmann.jpg?resize=350%2C200&ssl=1 1x, https:\/\/i0.wp.com\/wp.ufpel.edu.br\/leppais\/files\/2017\/11\/posteranpocs2017-carolhoffmann.jpg?resize=525%2C300&ssl=1 1.5x, https:\/\/i0.wp.com\/wp.ufpel.edu.br\/leppais\/files\/2017\/11\/posteranpocs2017-carolhoffmann.jpg?resize=700%2C400&ssl=1 2x, https:\/\/i0.wp.com\/wp.ufpel.edu.br\/leppais\/files\/2017\/11\/posteranpocs2017-carolhoffmann.jpg?resize=1050%2C600&ssl=1 3x, https:\/\/i0.wp.com\/wp.ufpel.edu.br\/leppais\/files\/2017\/11\/posteranpocs2017-carolhoffmann.jpg?resize=1400%2C800&ssl=1 4x"},"classes":[]},{"id":1050,"url":"https:\/\/wp.ufpel.edu.br\/leppais\/2017\/05\/03\/cartografia-das-ciencias-rasgando-mapas\/","url_meta":{"origin":341,"position":2},"title":"Cartografia das ci\u00eancias: rasgando mapas","author":"antropologia","date":"03\/05\/2017","format":false,"excerpt":"","rel":"","context":"Em &quot;Eventos&quot;","block_context":{"text":"Eventos","link":"https:\/\/wp.ufpel.edu.br\/leppais\/category\/eventos\/"},"img":{"alt_text":"","src":"https:\/\/i0.wp.com\/wp.ufpel.edu.br\/leppais\/files\/2017\/05\/convite-antropologiainterativo.jpg?resize=350%2C200&ssl=1","width":350,"height":200,"srcset":"https:\/\/i0.wp.com\/wp.ufpel.edu.br\/leppais\/files\/2017\/05\/convite-antropologiainterativo.jpg?resize=350%2C200&ssl=1 1x, https:\/\/i0.wp.com\/wp.ufpel.edu.br\/leppais\/files\/2017\/05\/convite-antropologiainterativo.jpg?resize=525%2C300&ssl=1 1.5x, https:\/\/i0.wp.com\/wp.ufpel.edu.br\/leppais\/files\/2017\/05\/convite-antropologiainterativo.jpg?resize=700%2C400&ssl=1 2x"},"classes":[]},{"id":2471,"url":"https:\/\/wp.ufpel.edu.br\/leppais\/2012\/03\/22\/reinauguracao-do-laboratorio\/","url_meta":{"origin":341,"position":3},"title":"Reinaugura\u00e7\u00e3o do Laborat\u00f3rio","author":"antropologia","date":"22\/03\/2012","format":false,"excerpt":"Agora com sala pr\u00f3pria no Instituto de Ci\u00eancias Humanas da UFPel, o LEPPAIS foi reinaugurado na tarde de 22 de mar\u00e7o de 2012 \u00e0s 14h na presen\u00e7a de Jos\u00e9 de Souza Martins (FFLCH-USP), professores do Departamento de Antropologia e alunos. Na reinaugura\u00e7\u00e3o, cada presente pode pintar um tijolo das paredes\u2026","rel":"","context":"Em &quot;Eventos&quot;","block_context":{"text":"Eventos","link":"https:\/\/wp.ufpel.edu.br\/leppais\/category\/eventos\/"},"img":{"alt_text":"","src":"https:\/\/i0.wp.com\/wp.ufpel.edu.br\/leppais\/files\/2013\/07\/dsc_0175.jpg?resize=350%2C200&ssl=1","width":350,"height":200,"srcset":"https:\/\/i0.wp.com\/wp.ufpel.edu.br\/leppais\/files\/2013\/07\/dsc_0175.jpg?resize=350%2C200&ssl=1 1x, https:\/\/i0.wp.com\/wp.ufpel.edu.br\/leppais\/files\/2013\/07\/dsc_0175.jpg?resize=525%2C300&ssl=1 1.5x, https:\/\/i0.wp.com\/wp.ufpel.edu.br\/leppais\/files\/2013\/07\/dsc_0175.jpg?resize=700%2C400&ssl=1 2x, https:\/\/i0.wp.com\/wp.ufpel.edu.br\/leppais\/files\/2013\/07\/dsc_0175.jpg?resize=1050%2C600&ssl=1 3x, https:\/\/i0.wp.com\/wp.ufpel.edu.br\/leppais\/files\/2013\/07\/dsc_0175.jpg?resize=1400%2C800&ssl=1 4x"},"classes":[]},{"id":1530,"url":"https:\/\/wp.ufpel.edu.br\/leppais\/2018\/05\/21\/convite-cafe-arqueologico-2\/","url_meta":{"origin":341,"position":4},"title":"Convite: Caf\u00e9 Arqueol\u00f3gico","author":"antropologia","date":"21\/05\/2018","format":false,"excerpt":"O LEPAARQ (Laborat\u00f3rio de Ensino e Pesquisa em Antropologia e Arqueologia) est\u00e1\u00a0 promovendo mais um caf\u00e9 arqueol\u00f3gico em homenagem aos 10 anos do curso de antropologia. Esse ser\u00e1 com a participa\u00e7\u00e3o do professor Dr. Danilo Vicensotto da \u00e1rea de Antropologia e Arqueologia do Instituto de Ci\u00eancias Humanas e da informa\u00e7\u00e3o\u2026","rel":"","context":"Em &quot;Atividades&quot;","block_context":{"text":"Atividades","link":"https:\/\/wp.ufpel.edu.br\/leppais\/category\/atividades\/"},"img":{"alt_text":"","src":"https:\/\/i0.wp.com\/wp.ufpel.edu.br\/leppais\/files\/2018\/05\/img-20180521-wa0000.jpg?resize=350%2C200&ssl=1","width":350,"height":200,"srcset":"https:\/\/i0.wp.com\/wp.ufpel.edu.br\/leppais\/files\/2018\/05\/img-20180521-wa0000.jpg?resize=350%2C200&ssl=1 1x, https:\/\/i0.wp.com\/wp.ufpel.edu.br\/leppais\/files\/2018\/05\/img-20180521-wa0000.jpg?resize=525%2C300&ssl=1 1.5x, https:\/\/i0.wp.com\/wp.ufpel.edu.br\/leppais\/files\/2018\/05\/img-20180521-wa0000.jpg?resize=700%2C400&ssl=1 2x"},"classes":[]},{"id":2696,"url":"https:\/\/wp.ufpel.edu.br\/leppais\/2019\/05\/06\/nota-de-gestao-ciencias-humanas\/","url_meta":{"origin":341,"position":5},"title":"Nota de Gest\u00e3o \u2013 Ci\u00eancias Humanas","author":"antropologia","date":"06\/05\/2019","format":false,"excerpt":"http:\/\/ccs2.ufpel.edu.br\/wp\/2019\/05\/02\/nota-de-gestao-2\/ Manifesta\u00e7\u00e3o do F\u00f3rum de Diretores da UFPEL (PDF)","rel":"","context":"Em &quot;Lutas&quot;","block_context":{"text":"Lutas","link":"https:\/\/wp.ufpel.edu.br\/leppais\/category\/lutas\/"},"img":{"alt_text":"","src":"https:\/\/i0.wp.com\/wp.ufpel.edu.br\/leppais\/files\/2019\/05\/Nota-gestao.jpg?resize=350%2C200&ssl=1","width":350,"height":200,"srcset":"https:\/\/i0.wp.com\/wp.ufpel.edu.br\/leppais\/files\/2019\/05\/Nota-gestao.jpg?resize=350%2C200&ssl=1 1x, https:\/\/i0.wp.com\/wp.ufpel.edu.br\/leppais\/files\/2019\/05\/Nota-gestao.jpg?resize=525%2C300&ssl=1 1.5x, https:\/\/i0.wp.com\/wp.ufpel.edu.br\/leppais\/files\/2019\/05\/Nota-gestao.jpg?resize=700%2C400&ssl=1 2x"},"classes":[]}],"jetpack_likes_enabled":true,"_links":{"self":[{"href":"https:\/\/wp.ufpel.edu.br\/leppais\/wp-json\/wp\/v2\/posts\/341","targetHints":{"allow":["GET"]}}],"collection":[{"href":"https:\/\/wp.ufpel.edu.br\/leppais\/wp-json\/wp\/v2\/posts"}],"about":[{"href":"https:\/\/wp.ufpel.edu.br\/leppais\/wp-json\/wp\/v2\/types\/post"}],"author":[{"embeddable":true,"href":"https:\/\/wp.ufpel.edu.br\/leppais\/wp-json\/wp\/v2\/users\/641"}],"replies":[{"embeddable":true,"href":"https:\/\/wp.ufpel.edu.br\/leppais\/wp-json\/wp\/v2\/comments?post=341"}],"version-history":[{"count":0,"href":"https:\/\/wp.ufpel.edu.br\/leppais\/wp-json\/wp\/v2\/posts\/341\/revisions"}],"wp:attachment":[{"href":"https:\/\/wp.ufpel.edu.br\/leppais\/wp-json\/wp\/v2\/media?parent=341"}],"wp:term":[{"taxonomy":"category","embeddable":true,"href":"https:\/\/wp.ufpel.edu.br\/leppais\/wp-json\/wp\/v2\/categories?post=341"},{"taxonomy":"post_tag","embeddable":true,"href":"https:\/\/wp.ufpel.edu.br\/leppais\/wp-json\/wp\/v2\/tags?post=341"}],"curies":[{"name":"wp","href":"https:\/\/api.w.org\/{rel}","templated":true}]}}