{"id":3394,"date":"2021-08-23T10:27:44","date_gmt":"2021-08-23T13:27:44","guid":{"rendered":"https:\/\/wp.ufpel.edu.br\/leppais\/?p=3394"},"modified":"2021-08-27T15:38:54","modified_gmt":"2021-08-27T18:38:54","slug":"tercas-antropoeticas","status":"publish","type":"post","link":"https:\/\/wp.ufpel.edu.br\/leppais\/2021\/08\/23\/tercas-antropoeticas\/","title":{"rendered":"Ter\u00e7as Antropo\u00e9ticas"},"content":{"rendered":"<p><img data-recalc-dims=\"1\" loading=\"lazy\" decoding=\"async\" data-attachment-id=\"3395\" data-permalink=\"https:\/\/wp.ufpel.edu.br\/leppais\/2021\/08\/23\/tercas-antropoeticas\/tercas-antropoeticas-2021-2\/\" data-orig-file=\"https:\/\/i0.wp.com\/wp.ufpel.edu.br\/leppais\/files\/2021\/08\/Tercas-Antropoeticas-2021-2.jpg?fit=1000%2C1000&amp;ssl=1\" data-orig-size=\"1000,1000\" data-comments-opened=\"0\" data-image-meta=\"{&quot;aperture&quot;:&quot;0&quot;,&quot;credit&quot;:&quot;Hamilton Bittencourt&quot;,&quot;camera&quot;:&quot;&quot;,&quot;caption&quot;:&quot;&quot;,&quot;created_timestamp&quot;:&quot;0&quot;,&quot;copyright&quot;:&quot;\\u00a92019 Hamilton Bittencourt&quot;,&quot;focal_length&quot;:&quot;0&quot;,&quot;iso&quot;:&quot;0&quot;,&quot;shutter_speed&quot;:&quot;0&quot;,&quot;title&quot;:&quot;&quot;,&quot;orientation&quot;:&quot;0&quot;}\" data-image-title=\"Tercas Antropoeticas-2021-2\" data-image-description=\"\" data-image-caption=\"\" data-medium-file=\"https:\/\/i0.wp.com\/wp.ufpel.edu.br\/leppais\/files\/2021\/08\/Tercas-Antropoeticas-2021-2.jpg?fit=300%2C300&amp;ssl=1\" data-large-file=\"https:\/\/i0.wp.com\/wp.ufpel.edu.br\/leppais\/files\/2021\/08\/Tercas-Antropoeticas-2021-2.jpg?fit=584%2C584&amp;ssl=1\" class=\"alignnone size-full wp-image-3395\" src=\"https:\/\/i0.wp.com\/wp.ufpel.edu.br\/leppais\/files\/2021\/08\/Tercas-Antropoeticas-2021-2.jpg?resize=584%2C584&#038;ssl=1\" alt=\"\" width=\"584\" height=\"584\" srcset=\"https:\/\/i0.wp.com\/wp.ufpel.edu.br\/leppais\/files\/2021\/08\/Tercas-Antropoeticas-2021-2.jpg?w=1000&amp;ssl=1 1000w, https:\/\/i0.wp.com\/wp.ufpel.edu.br\/leppais\/files\/2021\/08\/Tercas-Antropoeticas-2021-2.jpg?resize=300%2C300&amp;ssl=1 300w, https:\/\/i0.wp.com\/wp.ufpel.edu.br\/leppais\/files\/2021\/08\/Tercas-Antropoeticas-2021-2.jpg?resize=150%2C150&amp;ssl=1 150w, https:\/\/i0.wp.com\/wp.ufpel.edu.br\/leppais\/files\/2021\/08\/Tercas-Antropoeticas-2021-2.jpg?resize=768%2C768&amp;ssl=1 768w, https:\/\/i0.wp.com\/wp.ufpel.edu.br\/leppais\/files\/2021\/08\/Tercas-Antropoeticas-2021-2.jpg?resize=50%2C50&amp;ssl=1 50w\" sizes=\"auto, (max-width: 584px) 100vw, 584px\" \/><\/p>\n<p>Inscri\u00e7\u00f5es: <strong><a href=\"https:\/\/forms.gle\/Z3xezUYtknDuNMVJ9\">https:\/\/forms.gle\/Z3xezUYtknDuNMVJ9<\/a><\/strong><\/p>\n<p><img data-recalc-dims=\"1\" loading=\"lazy\" decoding=\"async\" data-attachment-id=\"3399\" data-permalink=\"https:\/\/wp.ufpel.edu.br\/leppais\/2021\/08\/23\/tercas-antropoeticas\/tercas-antropoeticas-programacao_v4\/\" data-orig-file=\"https:\/\/i0.wp.com\/wp.ufpel.edu.br\/leppais\/files\/2021\/08\/Tercas-Antropoeticas-Programacao_v4.jpg?fit=1000%2C1647&amp;ssl=1\" data-orig-size=\"1000,1647\" data-comments-opened=\"0\" data-image-meta=\"{&quot;aperture&quot;:&quot;0&quot;,&quot;credit&quot;:&quot;Hamilton Bittencourt&quot;,&quot;camera&quot;:&quot;&quot;,&quot;caption&quot;:&quot;&quot;,&quot;created_timestamp&quot;:&quot;0&quot;,&quot;copyright&quot;:&quot;\\u00a92019 Hamilton Bittencourt&quot;,&quot;focal_length&quot;:&quot;0&quot;,&quot;iso&quot;:&quot;0&quot;,&quot;shutter_speed&quot;:&quot;0&quot;,&quot;title&quot;:&quot;&quot;,&quot;orientation&quot;:&quot;0&quot;}\" data-image-title=\"Tercas Antropoeticas-Programacao_v4\" data-image-description=\"\" data-image-caption=\"\" data-medium-file=\"https:\/\/i0.wp.com\/wp.ufpel.edu.br\/leppais\/files\/2021\/08\/Tercas-Antropoeticas-Programacao_v4.jpg?fit=182%2C300&amp;ssl=1\" data-large-file=\"https:\/\/i0.wp.com\/wp.ufpel.edu.br\/leppais\/files\/2021\/08\/Tercas-Antropoeticas-Programacao_v4.jpg?fit=584%2C961&amp;ssl=1\" class=\"alignnone size-full wp-image-3399\" src=\"https:\/\/i0.wp.com\/wp.ufpel.edu.br\/leppais\/files\/2021\/08\/Tercas-Antropoeticas-Programacao_v4.jpg?resize=584%2C962&#038;ssl=1\" alt=\"\" width=\"584\" height=\"962\" srcset=\"https:\/\/i0.wp.com\/wp.ufpel.edu.br\/leppais\/files\/2021\/08\/Tercas-Antropoeticas-Programacao_v4.jpg?w=1000&amp;ssl=1 1000w, https:\/\/i0.wp.com\/wp.ufpel.edu.br\/leppais\/files\/2021\/08\/Tercas-Antropoeticas-Programacao_v4.jpg?resize=182%2C300&amp;ssl=1 182w, https:\/\/i0.wp.com\/wp.ufpel.edu.br\/leppais\/files\/2021\/08\/Tercas-Antropoeticas-Programacao_v4.jpg?resize=622%2C1024&amp;ssl=1 622w, https:\/\/i0.wp.com\/wp.ufpel.edu.br\/leppais\/files\/2021\/08\/Tercas-Antropoeticas-Programacao_v4.jpg?resize=768%2C1265&amp;ssl=1 768w, https:\/\/i0.wp.com\/wp.ufpel.edu.br\/leppais\/files\/2021\/08\/Tercas-Antropoeticas-Programacao_v4.jpg?resize=933%2C1536&amp;ssl=1 933w\" sizes=\"auto, (max-width: 584px) 100vw, 584px\" \/><\/p>\n","protected":false},"excerpt":{"rendered":"<p>Inscri\u00e7\u00f5es: https:\/\/forms.gle\/Z3xezUYtknDuNMVJ9<\/p>\n","protected":false},"author":641,"featured_media":0,"comment_status":"closed","ping_status":"closed","sticky":false,"template":"","format":"standard","meta":{"advanced_seo_description":"","jetpack_seo_html_title":"","jetpack_seo_noindex":false,"jetpack_post_was_ever_published":false,"_jetpack_newsletter_access":"","_jetpack_dont_email_post_to_subs":false,"_jetpack_newsletter_tier_id":0,"_jetpack_memberships_contains_paywalled_content":false,"_jetpack_memberships_contains_paid_content":false,"footnotes":"","jetpack_publicize_message":"","jetpack_publicize_feature_enabled":true,"jetpack_social_post_already_shared":true,"jetpack_social_options":{"image_generator_settings":{"template":"highway","default_image_id":0,"font":"","enabled":false},"version":2}},"categories":[2,3,7,14],"tags":[],"class_list":["post-3394","post","type-post","status-publish","format-standard","hentry","category-antropoeticas","category-atividades","category-convite","category-oficinas"],"jetpack_publicize_connections":[],"jetpack_featured_media_url":"","jetpack_sharing_enabled":true,"jetpack_shortlink":"https:\/\/wp.me\/payVYo-SK","jetpack-related-posts":[{"id":4318,"url":"https:\/\/wp.ufpel.edu.br\/leppais\/2025\/06\/04\/oficinas-antropoeticas-narrativas-hibridas-um-fazer-po-etico\/","url_meta":{"origin":3394,"position":0},"title":"Oficinas Antropo\u00e9ticas: Narrativas hibridas: um fazer (po) \u00e9tico.","author":"antropologia","date":"04\/06\/2025","format":false,"excerpt":"O Antropo\u00e9ticas estar\u00e1 na XV Reuni\u00e3o de Antropologia do Mercosul, em Salvador\/BA, na Oficina Antropo\u00e9ticas e narrativas h\u00edbridas: um fazer (po)\u00e9tico. Inscri\u00e7\u00f5es pelo site https:\/\/www.ram2025.sinteseeventos.com.br\/","rel":"","context":"Em &quot;Antropo\u00e9ticas&quot;","block_context":{"text":"Antropo\u00e9ticas","link":"https:\/\/wp.ufpel.edu.br\/leppais\/category\/antropoeticas\/"},"img":{"alt_text":"","src":"https:\/\/i0.wp.com\/wp.ufpel.edu.br\/leppais\/files\/2025\/06\/WhatsApp-Image-2025-05-20-at-11.16.56.jpeg?resize=350%2C200","width":350,"height":200,"srcset":"https:\/\/i0.wp.com\/wp.ufpel.edu.br\/leppais\/files\/2025\/06\/WhatsApp-Image-2025-05-20-at-11.16.56.jpeg?resize=350%2C200 1x, https:\/\/i0.wp.com\/wp.ufpel.edu.br\/leppais\/files\/2025\/06\/WhatsApp-Image-2025-05-20-at-11.16.56.jpeg?resize=525%2C300 1.5x, https:\/\/i0.wp.com\/wp.ufpel.edu.br\/leppais\/files\/2025\/06\/WhatsApp-Image-2025-05-20-at-11.16.56.jpeg?resize=700%2C400 2x, https:\/\/i0.wp.com\/wp.ufpel.edu.br\/leppais\/files\/2025\/06\/WhatsApp-Image-2025-05-20-at-11.16.56.jpeg?resize=1050%2C600 3x"},"classes":[]},{"id":3376,"url":"https:\/\/wp.ufpel.edu.br\/leppais\/2021\/06\/03\/oficina-entre-imagens-escritas-e-narrativas-as-grafias-e-suas-montagens-na-antropologia\/","url_meta":{"origin":3394,"position":1},"title":"Oficina &#8211; Entre imagens, escritas e narrativas: as grafias e suas montagens na antropologia","author":"antropologia","date":"03\/06\/2021","format":false,"excerpt":"Inscri\u00e7\u00f5es: https:\/\/forms.gle\/Lk9Ed4F7x1uw5767A","rel":"","context":"Em &quot;Antropo\u00e9ticas&quot;","block_context":{"text":"Antropo\u00e9ticas","link":"https:\/\/wp.ufpel.edu.br\/leppais\/category\/antropoeticas\/"},"img":{"alt_text":"","src":"https:\/\/i0.wp.com\/wp.ufpel.edu.br\/leppais\/files\/2021\/06\/Antropoeticas-Entre-imagens-escritas-e-narrativas_v2.jpg?resize=350%2C200&ssl=1","width":350,"height":200,"srcset":"https:\/\/i0.wp.com\/wp.ufpel.edu.br\/leppais\/files\/2021\/06\/Antropoeticas-Entre-imagens-escritas-e-narrativas_v2.jpg?resize=350%2C200&ssl=1 1x, https:\/\/i0.wp.com\/wp.ufpel.edu.br\/leppais\/files\/2021\/06\/Antropoeticas-Entre-imagens-escritas-e-narrativas_v2.jpg?resize=525%2C300&ssl=1 1.5x, https:\/\/i0.wp.com\/wp.ufpel.edu.br\/leppais\/files\/2021\/06\/Antropoeticas-Entre-imagens-escritas-e-narrativas_v2.jpg?resize=700%2C400&ssl=1 2x"},"classes":[]},{"id":1730,"url":"https:\/\/wp.ufpel.edu.br\/leppais\/2018\/09\/14\/convite-antropoeticas-angelita-ribeiro\/","url_meta":{"origin":3394,"position":2},"title":"Convite Antropo\u00e9ticas: Angelita Ribeiro","author":"antropologia","date":"14\/09\/2018","format":false,"excerpt":"","rel":"","context":"Em &quot;Antropo\u00e9ticas&quot;","block_context":{"text":"Antropo\u00e9ticas","link":"https:\/\/wp.ufpel.edu.br\/leppais\/category\/antropoeticas\/"},"img":{"alt_text":"","src":"https:\/\/i0.wp.com\/wp.ufpel.edu.br\/leppais\/files\/2018\/09\/antropoeticas-angelitaribeiro.jpg?resize=350%2C200&ssl=1","width":350,"height":200,"srcset":"https:\/\/i0.wp.com\/wp.ufpel.edu.br\/leppais\/files\/2018\/09\/antropoeticas-angelitaribeiro.jpg?resize=350%2C200&ssl=1 1x, https:\/\/i0.wp.com\/wp.ufpel.edu.br\/leppais\/files\/2018\/09\/antropoeticas-angelitaribeiro.jpg?resize=525%2C300&ssl=1 1.5x, https:\/\/i0.wp.com\/wp.ufpel.edu.br\/leppais\/files\/2018\/09\/antropoeticas-angelitaribeiro.jpg?resize=700%2C400&ssl=1 2x"},"classes":[]},{"id":2938,"url":"https:\/\/wp.ufpel.edu.br\/leppais\/2019\/11\/04\/oficina-antropoeticas-na-semana-de-ciencias-sociais-2019\/","url_meta":{"origin":3394,"position":3},"title":"Oficina Antropo\u00e9ticas na Semana de Ci\u00eancias Sociais 2019","author":"antropologia","date":"04\/11\/2019","format":false,"excerpt":"","rel":"","context":"Em &quot;Antropo\u00e9ticas&quot;","block_context":{"text":"Antropo\u00e9ticas","link":"https:\/\/wp.ufpel.edu.br\/leppais\/category\/antropoeticas\/"},"img":{"alt_text":"","src":"https:\/\/i0.wp.com\/wp.ufpel.edu.br\/leppais\/files\/2019\/11\/Oficina-Antropoeticas-NOV2019.jpg?resize=350%2C200&ssl=1","width":350,"height":200,"srcset":"https:\/\/i0.wp.com\/wp.ufpel.edu.br\/leppais\/files\/2019\/11\/Oficina-Antropoeticas-NOV2019.jpg?resize=350%2C200&ssl=1 1x, https:\/\/i0.wp.com\/wp.ufpel.edu.br\/leppais\/files\/2019\/11\/Oficina-Antropoeticas-NOV2019.jpg?resize=525%2C300&ssl=1 1.5x, https:\/\/i0.wp.com\/wp.ufpel.edu.br\/leppais\/files\/2019\/11\/Oficina-Antropoeticas-NOV2019.jpg?resize=700%2C400&ssl=1 2x, https:\/\/i0.wp.com\/wp.ufpel.edu.br\/leppais\/files\/2019\/11\/Oficina-Antropoeticas-NOV2019.jpg?resize=1050%2C600&ssl=1 3x"},"classes":[]},{"id":1758,"url":"https:\/\/wp.ufpel.edu.br\/leppais\/2018\/09\/21\/oficinadesenho\/","url_meta":{"origin":3394,"position":4},"title":"Oficina Antropo\u00e9ticas com Desenho e Bricolagem","author":"antropologia","date":"21\/09\/2018","format":false,"excerpt":"FORMUL\u00c1RIO DE INSCRI\u00c7\u00c3O","rel":"","context":"Em &quot;Antropo\u00e9ticas&quot;","block_context":{"text":"Antropo\u00e9ticas","link":"https:\/\/wp.ufpel.edu.br\/leppais\/category\/antropoeticas\/"},"img":{"alt_text":"","src":"https:\/\/i0.wp.com\/wp.ufpel.edu.br\/leppais\/files\/2018\/09\/antropoeticas-oficinadesenho-vivianherzog_v3.jpg?resize=350%2C200&ssl=1","width":350,"height":200,"srcset":"https:\/\/i0.wp.com\/wp.ufpel.edu.br\/leppais\/files\/2018\/09\/antropoeticas-oficinadesenho-vivianherzog_v3.jpg?resize=350%2C200&ssl=1 1x, https:\/\/i0.wp.com\/wp.ufpel.edu.br\/leppais\/files\/2018\/09\/antropoeticas-oficinadesenho-vivianherzog_v3.jpg?resize=525%2C300&ssl=1 1.5x, https:\/\/i0.wp.com\/wp.ufpel.edu.br\/leppais\/files\/2018\/09\/antropoeticas-oficinadesenho-vivianherzog_v3.jpg?resize=700%2C400&ssl=1 2x"},"classes":[]},{"id":3848,"url":"https:\/\/wp.ufpel.edu.br\/leppais\/2023\/08\/15\/antropoeticas-fortaleza-de-afetos-imagens-e-narrativas-de-uma-cidade-entre-muros\/","url_meta":{"origin":3394,"position":5},"title":"Antropo\u00e9ticas: &#8220;FORTALEZA DE AFETOS: imagens e narrativas de uma cidade entre muros&#8221;","author":"antropologia","date":"15\/08\/2023","format":false,"excerpt":"Dia 22\/08, 14 horas, atividade do Antropo\u00e9ticas vinculada \u00e0 disciplina de Antropologia Urbana, em formato h\u00edbrido (no LEPPAIS e por web conf - https:\/\/webconf.ufpel.edu.br\/b\/cla-xca-499), haver\u00e1 apresenta\u00e7\u00e3o de LARA DENISE DE OLIVEIRA SILVA: \"FORTALEZA DE AFETOS: imagens e narrativas de uma cidade entre muros\".","rel":"","context":"Em &quot;Antropo\u00e9ticas&quot;","block_context":{"text":"Antropo\u00e9ticas","link":"https:\/\/wp.ufpel.edu.br\/leppais\/category\/antropoeticas\/"},"img":{"alt_text":"","src":"https:\/\/i0.wp.com\/wp.ufpel.edu.br\/leppais\/files\/2023\/08\/Antropoeticas-LARA-DENISE-DE-OLIVEIRA-SILVA-2023-AGO.jpg?resize=350%2C200&ssl=1","width":350,"height":200,"srcset":"https:\/\/i0.wp.com\/wp.ufpel.edu.br\/leppais\/files\/2023\/08\/Antropoeticas-LARA-DENISE-DE-OLIVEIRA-SILVA-2023-AGO.jpg?resize=350%2C200&ssl=1 1x, https:\/\/i0.wp.com\/wp.ufpel.edu.br\/leppais\/files\/2023\/08\/Antropoeticas-LARA-DENISE-DE-OLIVEIRA-SILVA-2023-AGO.jpg?resize=525%2C300&ssl=1 1.5x, https:\/\/i0.wp.com\/wp.ufpel.edu.br\/leppais\/files\/2023\/08\/Antropoeticas-LARA-DENISE-DE-OLIVEIRA-SILVA-2023-AGO.jpg?resize=700%2C400&ssl=1 2x, https:\/\/i0.wp.com\/wp.ufpel.edu.br\/leppais\/files\/2023\/08\/Antropoeticas-LARA-DENISE-DE-OLIVEIRA-SILVA-2023-AGO.jpg?resize=1050%2C600&ssl=1 3x"},"classes":[]}],"jetpack_likes_enabled":true,"_links":{"self":[{"href":"https:\/\/wp.ufpel.edu.br\/leppais\/wp-json\/wp\/v2\/posts\/3394","targetHints":{"allow":["GET"]}}],"collection":[{"href":"https:\/\/wp.ufpel.edu.br\/leppais\/wp-json\/wp\/v2\/posts"}],"about":[{"href":"https:\/\/wp.ufpel.edu.br\/leppais\/wp-json\/wp\/v2\/types\/post"}],"author":[{"embeddable":true,"href":"https:\/\/wp.ufpel.edu.br\/leppais\/wp-json\/wp\/v2\/users\/641"}],"replies":[{"embeddable":true,"href":"https:\/\/wp.ufpel.edu.br\/leppais\/wp-json\/wp\/v2\/comments?post=3394"}],"version-history":[{"count":3,"href":"https:\/\/wp.ufpel.edu.br\/leppais\/wp-json\/wp\/v2\/posts\/3394\/revisions"}],"predecessor-version":[{"id":3400,"href":"https:\/\/wp.ufpel.edu.br\/leppais\/wp-json\/wp\/v2\/posts\/3394\/revisions\/3400"}],"wp:attachment":[{"href":"https:\/\/wp.ufpel.edu.br\/leppais\/wp-json\/wp\/v2\/media?parent=3394"}],"wp:term":[{"taxonomy":"category","embeddable":true,"href":"https:\/\/wp.ufpel.edu.br\/leppais\/wp-json\/wp\/v2\/categories?post=3394"},{"taxonomy":"post_tag","embeddable":true,"href":"https:\/\/wp.ufpel.edu.br\/leppais\/wp-json\/wp\/v2\/tags?post=3394"}],"curies":[{"name":"wp","href":"https:\/\/api.w.org\/{rel}","templated":true}]}}