{"id":3351,"date":"2021-02-23T22:10:29","date_gmt":"2021-02-24T01:10:29","guid":{"rendered":"https:\/\/wp.ufpel.edu.br\/leppais\/?p=3351"},"modified":"2021-02-23T22:10:29","modified_gmt":"2021-02-24T01:10:29","slug":"sobre-vivencias-em-tempos-de-pandemia-memorias-em-ensaio","status":"publish","type":"post","link":"https:\/\/wp.ufpel.edu.br\/leppais\/2021\/02\/23\/sobre-vivencias-em-tempos-de-pandemia-memorias-em-ensaio\/","title":{"rendered":"(Sobre) viv\u00eancias em tempos de pandemia: mem\u00f3rias em ensaio"},"content":{"rendered":"<p><img data-recalc-dims=\"1\" loading=\"lazy\" decoding=\"async\" data-attachment-id=\"3352\" data-permalink=\"https:\/\/wp.ufpel.edu.br\/leppais\/2021\/02\/23\/sobre-vivencias-em-tempos-de-pandemia-memorias-em-ensaio\/dossie-chamada\/\" data-orig-file=\"https:\/\/i0.wp.com\/wp.ufpel.edu.br\/leppais\/files\/2021\/02\/Dossie-chamada.jpeg?fit=1280%2C853&amp;ssl=1\" data-orig-size=\"1280,853\" data-comments-opened=\"0\" data-image-meta=\"{&quot;aperture&quot;:&quot;0&quot;,&quot;credit&quot;:&quot;&quot;,&quot;camera&quot;:&quot;&quot;,&quot;caption&quot;:&quot;&quot;,&quot;created_timestamp&quot;:&quot;0&quot;,&quot;copyright&quot;:&quot;&quot;,&quot;focal_length&quot;:&quot;0&quot;,&quot;iso&quot;:&quot;0&quot;,&quot;shutter_speed&quot;:&quot;0&quot;,&quot;title&quot;:&quot;&quot;,&quot;orientation&quot;:&quot;0&quot;}\" data-image-title=\"Dossi\u00ea &amp;#8211; chamada\" data-image-description=\"\" data-image-caption=\"\" data-medium-file=\"https:\/\/i0.wp.com\/wp.ufpel.edu.br\/leppais\/files\/2021\/02\/Dossie-chamada.jpeg?fit=300%2C200&amp;ssl=1\" data-large-file=\"https:\/\/i0.wp.com\/wp.ufpel.edu.br\/leppais\/files\/2021\/02\/Dossie-chamada.jpeg?fit=584%2C389&amp;ssl=1\" class=\"alignnone size-full wp-image-3352\" src=\"https:\/\/i0.wp.com\/wp.ufpel.edu.br\/leppais\/files\/2021\/02\/Dossie-chamada.jpeg?resize=584%2C389&#038;ssl=1\" alt=\"\" width=\"584\" height=\"389\" srcset=\"https:\/\/i0.wp.com\/wp.ufpel.edu.br\/leppais\/files\/2021\/02\/Dossie-chamada.jpeg?w=1280&amp;ssl=1 1280w, https:\/\/i0.wp.com\/wp.ufpel.edu.br\/leppais\/files\/2021\/02\/Dossie-chamada.jpeg?resize=300%2C200&amp;ssl=1 300w, https:\/\/i0.wp.com\/wp.ufpel.edu.br\/leppais\/files\/2021\/02\/Dossie-chamada.jpeg?resize=1024%2C682&amp;ssl=1 1024w, https:\/\/i0.wp.com\/wp.ufpel.edu.br\/leppais\/files\/2021\/02\/Dossie-chamada.jpeg?resize=768%2C512&amp;ssl=1 768w, https:\/\/i0.wp.com\/wp.ufpel.edu.br\/leppais\/files\/2021\/02\/Dossie-chamada.jpeg?resize=450%2C300&amp;ssl=1 450w, https:\/\/i0.wp.com\/wp.ufpel.edu.br\/leppais\/files\/2021\/02\/Dossie-chamada.jpeg?w=1168&amp;ssl=1 1168w\" sizes=\"auto, (max-width: 584px) 100vw, 584px\" \/><\/p>\n<p style=\"text-align: justify\">Convidamos tod@s a contribuir com trabalhos para o dossi\u00ea &#8220;(Sobre) viv\u00eancias em tempos de pandemia: mem\u00f3rias em ensaio&#8221;, organizado por Daniele Borges e Alex Naka\u00f3ka para a Revista Fotocronografias!!<\/p>\n<p style=\"text-align: justify\">&#8220;A tarefa e o dever deste dossi\u00ea \u00e9 compor um arquivo imag\u00e9tico cuja relev\u00e2ncia se aparenta urgente e necess\u00e1ria, visto que, como nos diz Samain (2012), \u201ca quest\u00e3o do arquivo n\u00e3o \u00e9 uma quest\u00e3o do passado, mas uma quest\u00e3o de futuro, a quest\u00e3o do futuro mesmo, a quest\u00e3o de uma resposta, de uma promessa e de uma responsabilidade para amanh\u00e3\u201d. Ao levarmos em considera\u00e7\u00e3o o fato das imagens \u201cconstitu\u00edrem o lugar de um processo vivo, nunca nos mostrando um pensamento \u00fanico e definitivo\u201d (Samain, 2012), mas incluindo lacunas, n\u00e3o-ditos, lembran\u00e7as e at\u00e9 os esquecimentos nele contidos, a pot\u00eancia das imagens em resguardar as nossas mem\u00f3rias, como se fossem \u201crelic\u00e1rios\u201d em tempos de pandemia, ser\u00e1 essencial para projetarmos um futuro distinto ao que Latour (2020) nomeia como uma \u201cmuta\u00e7\u00e3o ecol\u00f3gica duradoura e irrevers\u00edvel\u201d causada pelo sistema econ\u00f4mico no qual vivemos&#8221;.<\/p>\n<p style=\"text-align: justify\">Envio dos ensaios at\u00e9 30 de mar\u00e7o de 2021.<\/p>\n<p style=\"text-align: justify\">Mais informa\u00e7\u00f5es dispon\u00edveis na p\u00e1gina da revista:<br \/>\n<a href=\"https:\/\/medium.com\/fotocronografias\/vol-07-n-16-sobre-viv%C3%AAncias-em-tempos-de-pandemia-mem%C3%B3rias-em-ensaio-f47514a43c71\"><strong>https:\/\/medium.com\/fotocronografias\/vol-07-n-16-sobre-viv%C3%AAncias-em-tempos-de-pandemia-mem%C3%B3rias-em-ensaio-f47514a43c71<\/strong><\/a><\/p>\n","protected":false},"excerpt":{"rendered":"<p>Convidamos tod@s a contribuir com trabalhos para o dossi\u00ea &#8220;(Sobre) viv\u00eancias em tempos de pandemia: mem\u00f3rias em ensaio&#8221;, organizado por Daniele Borges e Alex Naka\u00f3ka para a Revista Fotocronografias!! &#8220;A tarefa e o dever deste dossi\u00ea \u00e9 compor um arquivo &hellip; <a href=\"https:\/\/wp.ufpel.edu.br\/leppais\/2021\/02\/23\/sobre-vivencias-em-tempos-de-pandemia-memorias-em-ensaio\/\">Continue lendo <span class=\"meta-nav\">&rarr;<\/span><\/a><\/p>\n","protected":false},"author":641,"featured_media":0,"comment_status":"closed","ping_status":"closed","sticky":false,"template":"","format":"standard","meta":{"advanced_seo_description":"","jetpack_seo_html_title":"","jetpack_seo_noindex":false,"jetpack_post_was_ever_published":false,"_jetpack_newsletter_access":"","_jetpack_dont_email_post_to_subs":false,"_jetpack_newsletter_tier_id":0,"_jetpack_memberships_contains_paywalled_content":false,"_jetpack_memberships_contains_paid_content":false,"footnotes":"","jetpack_publicize_message":"","jetpack_publicize_feature_enabled":true,"jetpack_social_post_already_shared":true,"jetpack_social_options":{"image_generator_settings":{"template":"highway","default_image_id":0,"font":"","enabled":false},"version":2}},"categories":[24],"tags":[],"class_list":["post-3351","post","type-post","status-publish","format-standard","hentry","category-divulgacao"],"jetpack_publicize_connections":[],"jetpack_featured_media_url":"","jetpack_sharing_enabled":true,"jetpack_shortlink":"https:\/\/wp.me\/payVYo-S3","jetpack-related-posts":[{"id":3422,"url":"https:\/\/wp.ufpel.edu.br\/leppais\/2021\/10\/09\/lancamento-do-dossie-sobre-vivencias-em-tempos-de-pandemia-memorias-em-ensaio\/","url_meta":{"origin":3351,"position":0},"title":"(Sobre)viv\u00eancias em tempos de pandemia: mem\u00f3rias em ensaio","author":"antropologia","date":"09\/10\/2021","format":false,"excerpt":"Convidamos a todas\/os\/es para a sess\u00e3o de lan\u00e7amento do dossi\u00ea da revista Fotocronografias (BIEV-UFRGS) que ocorrer\u00e1 no dia 15 de outubro de 2021, das 13h30 \u00e0s 16h30, em sala virtual a ser informada em breve. O dossi\u00ea foi organizado pelo Dr. Alexs\u00e2nder Naka\u00f3ka e Elias e pela Dra. Daniele Borges\u2026","rel":"","context":"Em &quot;Not\u00edcias&quot;","block_context":{"text":"Not\u00edcias","link":"https:\/\/wp.ufpel.edu.br\/leppais\/category\/noticias\/"},"img":{"alt_text":"","src":"https:\/\/i0.wp.com\/wp.ufpel.edu.br\/leppais\/files\/2021\/10\/WhatsApp-Image-2021-10-09-at-14.16.19.jpeg?resize=350%2C200&ssl=1","width":350,"height":200,"srcset":"https:\/\/i0.wp.com\/wp.ufpel.edu.br\/leppais\/files\/2021\/10\/WhatsApp-Image-2021-10-09-at-14.16.19.jpeg?resize=350%2C200&ssl=1 1x, https:\/\/i0.wp.com\/wp.ufpel.edu.br\/leppais\/files\/2021\/10\/WhatsApp-Image-2021-10-09-at-14.16.19.jpeg?resize=525%2C300&ssl=1 1.5x, https:\/\/i0.wp.com\/wp.ufpel.edu.br\/leppais\/files\/2021\/10\/WhatsApp-Image-2021-10-09-at-14.16.19.jpeg?resize=700%2C400&ssl=1 2x, https:\/\/i0.wp.com\/wp.ufpel.edu.br\/leppais\/files\/2021\/10\/WhatsApp-Image-2021-10-09-at-14.16.19.jpeg?resize=1050%2C600&ssl=1 3x"},"classes":[]},{"id":3227,"url":"https:\/\/wp.ufpel.edu.br\/leppais\/2020\/08\/10\/iv-encontro-de-antropologia-visual-da-america-amazonica\/","url_meta":{"origin":3351,"position":1},"title":"IV Encontro de Antropologia Visual da Am\u00e9rica Amaz\u00f4nica","author":"antropologia","date":"10\/08\/2020","format":false,"excerpt":"O IV Encontro de Antropologia Visual da Am\u00e9rica Amaz\u00f4nica acontecer\u00e1 entre os dias 17 e 20 de novembro de 2020, de modo totalmente online seguindo a tend\u00eancia mundial de realiza\u00e7\u00e3o de eventos para este ano. Junte-se a n\u00f3s, resistamos! https:\/\/eavaam.com.br\/2020\/ \u00a0 Convidamos todes a participarem do nosso: GT05 \u2013 A\u2026","rel":"","context":"Em &quot;Divulga\u00e7\u00e3o&quot;","block_context":{"text":"Divulga\u00e7\u00e3o","link":"https:\/\/wp.ufpel.edu.br\/leppais\/category\/divulgacao\/"},"img":{"alt_text":"","src":"https:\/\/i0.wp.com\/wp.ufpel.edu.br\/leppais\/files\/2020\/08\/IV-EAVAAM.jpg?resize=350%2C200&ssl=1","width":350,"height":200,"srcset":"https:\/\/i0.wp.com\/wp.ufpel.edu.br\/leppais\/files\/2020\/08\/IV-EAVAAM.jpg?resize=350%2C200&ssl=1 1x, https:\/\/i0.wp.com\/wp.ufpel.edu.br\/leppais\/files\/2020\/08\/IV-EAVAAM.jpg?resize=525%2C300&ssl=1 1.5x, https:\/\/i0.wp.com\/wp.ufpel.edu.br\/leppais\/files\/2020\/08\/IV-EAVAAM.jpg?resize=700%2C400&ssl=1 2x"},"classes":[]},{"id":3101,"url":"https:\/\/wp.ufpel.edu.br\/leppais\/2020\/04\/20\/pandemia-de-narrativas-vida-em-quarentena\/","url_meta":{"origin":3351,"position":2},"title":"Pandemia de narrativas: vida em quarentena","author":"antropologia","date":"20\/04\/2020","format":false,"excerpt":"Pandemia de narrativas nasce num per\u00edodo em que a Pandemia do Covid-19 nos obriga a tra\u00e7ar novas rotas de viv\u00eancia di\u00e1ria, nos impulsiona a adentrar cada vez mais esse espa\u00e7o denso e concentrado que \u00e9 casa, cada canto, cada brecha,repensando nosso cotidiano e nossas pr\u00e1ticas de circula\u00e7\u00e3o e consumo, o\u2026","rel":"","context":"Em &quot;Antropo\u00e9ticas&quot;","block_context":{"text":"Antropo\u00e9ticas","link":"https:\/\/wp.ufpel.edu.br\/leppais\/category\/antropoeticas\/"},"img":{"alt_text":"","src":"https:\/\/i0.wp.com\/wp.ufpel.edu.br\/leppais\/files\/2020\/04\/post-chave.jpg?resize=350%2C200&ssl=1","width":350,"height":200,"srcset":"https:\/\/i0.wp.com\/wp.ufpel.edu.br\/leppais\/files\/2020\/04\/post-chave.jpg?resize=350%2C200&ssl=1 1x, https:\/\/i0.wp.com\/wp.ufpel.edu.br\/leppais\/files\/2020\/04\/post-chave.jpg?resize=525%2C300&ssl=1 1.5x, https:\/\/i0.wp.com\/wp.ufpel.edu.br\/leppais\/files\/2020\/04\/post-chave.jpg?resize=700%2C400&ssl=1 2x, https:\/\/i0.wp.com\/wp.ufpel.edu.br\/leppais\/files\/2020\/04\/post-chave.jpg?resize=1050%2C600&ssl=1 3x"},"classes":[]},{"id":2807,"url":"https:\/\/wp.ufpel.edu.br\/leppais\/2019\/08\/08\/fotos-xiii-ram-porto-alegre-2019\/","url_meta":{"origin":3351,"position":3},"title":"Fotos XIII RAM &#8211; Porto Alegre 2019","author":"antropologia","date":"08\/08\/2019","format":false,"excerpt":"OF 02) Oficina Antropo\u00e9ticas: etnografia, criatividade e outras grafias Dia 23\/07, na primeira sess\u00e3o, Teceremos reflex\u00f5es que nos acompanham e instigam, atravessando a Escrita, o Desenho, a Montagem com imagens e a Bricolagem. Em um primeiro momento, traremos os trabalhos de Gloria Anzald\u00faa, Silvia Cusicanqui, Tim Ingold, Donna Haraway, numa\u2026","rel":"","context":"Em &quot;Not\u00edcias&quot;","block_context":{"text":"Not\u00edcias","link":"https:\/\/wp.ufpel.edu.br\/leppais\/category\/noticias\/"},"img":{"alt_text":"","src":"https:\/\/i0.wp.com\/wp.ufpel.edu.br\/leppais\/files\/2019\/08\/IMG-20190808-WA0056.jpg?resize=350%2C200","width":350,"height":200,"srcset":"https:\/\/i0.wp.com\/wp.ufpel.edu.br\/leppais\/files\/2019\/08\/IMG-20190808-WA0056.jpg?resize=350%2C200 1x, https:\/\/i0.wp.com\/wp.ufpel.edu.br\/leppais\/files\/2019\/08\/IMG-20190808-WA0056.jpg?resize=525%2C300 1.5x, https:\/\/i0.wp.com\/wp.ufpel.edu.br\/leppais\/files\/2019\/08\/IMG-20190808-WA0056.jpg?resize=700%2C400 2x"},"classes":[]},{"id":3416,"url":"https:\/\/wp.ufpel.edu.br\/leppais\/2021\/10\/09\/exposicao-a-casa-um-espaco-de-memorias\/","url_meta":{"origin":3351,"position":4},"title":"Exposi\u00e7\u00e3o A casa: Um espa\u00e7o de mem\u00f3rias","author":"antropologia","date":"09\/10\/2021","format":false,"excerpt":"Caras\/os amiga\/os e colegas Compartilhamos o convite para LA CASA Um espa\u00e7o de mem\u00f3rias, uma experi\u00eancia virtual que foi lan\u00e7ada ontem (08\/10) no Memorial da Resist\u00eancia em S\u00e3o Paulo - Brasil. A CASA Um espa\u00e7o de mem\u00f3rias \u00e9 uma iniciativa da Universidade de Antioquia em parceria com a Universidad Pontificia\u2026","rel":"","context":"Em &quot;Not\u00edcias&quot;","block_context":{"text":"Not\u00edcias","link":"https:\/\/wp.ufpel.edu.br\/leppais\/category\/noticias\/"},"img":{"alt_text":"","src":"https:\/\/i0.wp.com\/wp.ufpel.edu.br\/leppais\/files\/2021\/10\/Invitacion-lanzamiento-exposicion-Memorial-de-la-Resistencia.jpg?resize=350%2C200&ssl=1","width":350,"height":200,"srcset":"https:\/\/i0.wp.com\/wp.ufpel.edu.br\/leppais\/files\/2021\/10\/Invitacion-lanzamiento-exposicion-Memorial-de-la-Resistencia.jpg?resize=350%2C200&ssl=1 1x, https:\/\/i0.wp.com\/wp.ufpel.edu.br\/leppais\/files\/2021\/10\/Invitacion-lanzamiento-exposicion-Memorial-de-la-Resistencia.jpg?resize=525%2C300&ssl=1 1.5x, https:\/\/i0.wp.com\/wp.ufpel.edu.br\/leppais\/files\/2021\/10\/Invitacion-lanzamiento-exposicion-Memorial-de-la-Resistencia.jpg?resize=700%2C400&ssl=1 2x"},"classes":[]},{"id":376,"url":"https:\/\/wp.ufpel.edu.br\/leppais\/2016\/02\/12\/conferencia-prof-etienne-samain\/","url_meta":{"origin":3351,"position":5},"title":"Confer\u00eancia Prof. Etienne Samain","author":"antropologia","date":"12\/02\/2016","format":false,"excerpt":"Etienne Samain \u00e9 refer\u00eancia incontorn\u00e1vel de quem trabalha com Antropologia da Imagem. Foi docente do Depto de Cinema e coordenador do p\u00f3s-gradua\u00e7\u00e3o em Multimeios na UNICAMP. Dentre v\u00e1rias obras, foi respons\u00e1vel por O Fotogr\u00e1fico e Como Pensam as Imagens, tema de sua confer\u00eancia na UFPel, a partir das contribui\u00e7\u00f5es de\u2026","rel":"","context":"Em &quot;Eventos&quot;","block_context":{"text":"Eventos","link":"https:\/\/wp.ufpel.edu.br\/leppais\/category\/eventos\/"},"img":{"alt_text":"","src":"https:\/\/i0.wp.com\/wp.ufpel.edu.br\/leppais\/files\/2016\/02\/etiennesamain-comopensamasimagens.jpg?resize=350%2C200&ssl=1","width":350,"height":200,"srcset":"https:\/\/i0.wp.com\/wp.ufpel.edu.br\/leppais\/files\/2016\/02\/etiennesamain-comopensamasimagens.jpg?resize=350%2C200&ssl=1 1x, https:\/\/i0.wp.com\/wp.ufpel.edu.br\/leppais\/files\/2016\/02\/etiennesamain-comopensamasimagens.jpg?resize=525%2C300&ssl=1 1.5x"},"classes":[]}],"jetpack_likes_enabled":true,"_links":{"self":[{"href":"https:\/\/wp.ufpel.edu.br\/leppais\/wp-json\/wp\/v2\/posts\/3351","targetHints":{"allow":["GET"]}}],"collection":[{"href":"https:\/\/wp.ufpel.edu.br\/leppais\/wp-json\/wp\/v2\/posts"}],"about":[{"href":"https:\/\/wp.ufpel.edu.br\/leppais\/wp-json\/wp\/v2\/types\/post"}],"author":[{"embeddable":true,"href":"https:\/\/wp.ufpel.edu.br\/leppais\/wp-json\/wp\/v2\/users\/641"}],"replies":[{"embeddable":true,"href":"https:\/\/wp.ufpel.edu.br\/leppais\/wp-json\/wp\/v2\/comments?post=3351"}],"version-history":[{"count":1,"href":"https:\/\/wp.ufpel.edu.br\/leppais\/wp-json\/wp\/v2\/posts\/3351\/revisions"}],"predecessor-version":[{"id":3353,"href":"https:\/\/wp.ufpel.edu.br\/leppais\/wp-json\/wp\/v2\/posts\/3351\/revisions\/3353"}],"wp:attachment":[{"href":"https:\/\/wp.ufpel.edu.br\/leppais\/wp-json\/wp\/v2\/media?parent=3351"}],"wp:term":[{"taxonomy":"category","embeddable":true,"href":"https:\/\/wp.ufpel.edu.br\/leppais\/wp-json\/wp\/v2\/categories?post=3351"},{"taxonomy":"post_tag","embeddable":true,"href":"https:\/\/wp.ufpel.edu.br\/leppais\/wp-json\/wp\/v2\/tags?post=3351"}],"curies":[{"name":"wp","href":"https:\/\/api.w.org\/{rel}","templated":true}]}}