{"id":333,"date":"2015-08-21T11:25:44","date_gmt":"2015-08-21T14:25:44","guid":{"rendered":"https:\/\/leppais.wordpress.com\/?p=333"},"modified":"2015-08-21T11:25:44","modified_gmt":"2015-08-21T14:25:44","slug":"ufpel-e-secult-apresentaram-no-ultimo-sabado-andamento-do-memorial-da-estacao-ferrea","status":"publish","type":"post","link":"https:\/\/wp.ufpel.edu.br\/leppais\/2015\/08\/21\/ufpel-e-secult-apresentaram-no-ultimo-sabado-andamento-do-memorial-da-estacao-ferrea\/","title":{"rendered":"UFPel e Secult apresentaram no \u00faltimo s\u00e1bado andamento do Memorial da Esta\u00e7\u00e3o F\u00e9rrea"},"content":{"rendered":"<p>A Universidade Federal de Pelotas (UFPel) e a Secret\u00e1ria Municipal de Cultura (Secult) realizaram no \u00faltimo s\u00e1bado (15 de agosto) \u2013 dentro da programa\u00e7\u00e3o do Dia do Patrim\u00f4nio de Pelotas \u2013, a segunda reuni\u00e3o aberta do Memorial da Esta\u00e7\u00e3o F\u00e9rrea de Pelotas. O objetivo foi apresentar para a comunidade o desenvolvimento do Memorial. Os depoimentos e fotos coletadas at\u00e9 o momento foram organizados em um v\u00eddeo, e o evento contou com a participa\u00e7\u00e3o da equipe que trabalha no projeto \u2013 coordenada pela professora Claudia Turra Magni, ferrovi\u00e1rios e seus familiares, al\u00e9m da comunidade que pode conhecer o interior do pr\u00e9dio.<\/p>\n<p>A reuni\u00e3o tamb\u00e9m contou com a presen\u00e7a da Vice-Prefeita Paula Mascarenhas\u00a0 e do Secret\u00e1rio Municipal de Cultura, Giorgio Roma, que destacaram a import\u00e2ncia da constru\u00e7\u00e3o conjunta do Memorial.<\/p>\n<p><a href=\"https:\/\/i0.wp.com\/wp.ufpel.edu.br\/leppais\/files\/2015\/08\/11895472_742334099229452_1944881217_o.jpg?ssl=1\"><img data-recalc-dims=\"1\" loading=\"lazy\" decoding=\"async\" data-attachment-id=\"334\" data-permalink=\"https:\/\/wp.ufpel.edu.br\/leppais\/2015\/08\/21\/ufpel-e-secult-apresentaram-no-ultimo-sabado-andamento-do-memorial-da-estacao-ferrea\/11895472_742334099229452_1944881217_o\/\" data-orig-file=\"https:\/\/i0.wp.com\/wp.ufpel.edu.br\/leppais\/files\/2015\/08\/11895472_742334099229452_1944881217_o.jpg?fit=1280%2C853&amp;ssl=1\" data-orig-size=\"1280,853\" data-comments-opened=\"0\" data-image-meta=\"{&quot;aperture&quot;:&quot;0&quot;,&quot;credit&quot;:&quot;&quot;,&quot;camera&quot;:&quot;&quot;,&quot;caption&quot;:&quot;&quot;,&quot;created_timestamp&quot;:&quot;0&quot;,&quot;copyright&quot;:&quot;&quot;,&quot;focal_length&quot;:&quot;0&quot;,&quot;iso&quot;:&quot;0&quot;,&quot;shutter_speed&quot;:&quot;0&quot;,&quot;title&quot;:&quot;&quot;,&quot;orientation&quot;:&quot;0&quot;}\" data-image-title=\"11895472_742334099229452_1944881217_o\" data-image-description=\"\" data-image-caption=\"\" data-medium-file=\"https:\/\/i0.wp.com\/wp.ufpel.edu.br\/leppais\/files\/2015\/08\/11895472_742334099229452_1944881217_o.jpg?fit=300%2C200&amp;ssl=1\" data-large-file=\"https:\/\/i0.wp.com\/wp.ufpel.edu.br\/leppais\/files\/2015\/08\/11895472_742334099229452_1944881217_o.jpg?fit=584%2C389&amp;ssl=1\" class=\"alignnone size-large wp-image-334\" src=\"https:\/\/i0.wp.com\/wp.ufpel.edu.br\/leppais\/files\/2015\/08\/11895472_742334099229452_1944881217_o.jpg?resize=584%2C389&#038;ssl=1\" alt=\"11895472_742334099229452_1944881217_o\" width=\"584\" height=\"389\" srcset=\"https:\/\/i0.wp.com\/wp.ufpel.edu.br\/leppais\/files\/2015\/08\/11895472_742334099229452_1944881217_o.jpg?w=1280&amp;ssl=1 1280w, https:\/\/i0.wp.com\/wp.ufpel.edu.br\/leppais\/files\/2015\/08\/11895472_742334099229452_1944881217_o.jpg?resize=300%2C200&amp;ssl=1 300w, https:\/\/i0.wp.com\/wp.ufpel.edu.br\/leppais\/files\/2015\/08\/11895472_742334099229452_1944881217_o.jpg?resize=768%2C512&amp;ssl=1 768w, https:\/\/i0.wp.com\/wp.ufpel.edu.br\/leppais\/files\/2015\/08\/11895472_742334099229452_1944881217_o.jpg?resize=1024%2C682&amp;ssl=1 1024w, https:\/\/i0.wp.com\/wp.ufpel.edu.br\/leppais\/files\/2015\/08\/11895472_742334099229452_1944881217_o.jpg?resize=450%2C300&amp;ssl=1 450w, https:\/\/i0.wp.com\/wp.ufpel.edu.br\/leppais\/files\/2015\/08\/11895472_742334099229452_1944881217_o.jpg?w=1168&amp;ssl=1 1168w\" sizes=\"auto, (max-width: 584px) 100vw, 584px\" \/><\/a><\/p>\n<p><a href=\"https:\/\/i0.wp.com\/wp.ufpel.edu.br\/leppais\/files\/2015\/08\/11793955_742334115896117_753857469_o.jpg?ssl=1\"><img data-recalc-dims=\"1\" loading=\"lazy\" decoding=\"async\" data-attachment-id=\"335\" data-permalink=\"https:\/\/wp.ufpel.edu.br\/leppais\/2015\/08\/21\/ufpel-e-secult-apresentaram-no-ultimo-sabado-andamento-do-memorial-da-estacao-ferrea\/11793955_742334115896117_753857469_o\/\" data-orig-file=\"https:\/\/i0.wp.com\/wp.ufpel.edu.br\/leppais\/files\/2015\/08\/11793955_742334115896117_753857469_o.jpg?fit=1024%2C683&amp;ssl=1\" data-orig-size=\"1024,683\" data-comments-opened=\"0\" data-image-meta=\"{&quot;aperture&quot;:&quot;0&quot;,&quot;credit&quot;:&quot;&quot;,&quot;camera&quot;:&quot;&quot;,&quot;caption&quot;:&quot;&quot;,&quot;created_timestamp&quot;:&quot;0&quot;,&quot;copyright&quot;:&quot;&quot;,&quot;focal_length&quot;:&quot;0&quot;,&quot;iso&quot;:&quot;0&quot;,&quot;shutter_speed&quot;:&quot;0&quot;,&quot;title&quot;:&quot;&quot;,&quot;orientation&quot;:&quot;0&quot;}\" data-image-title=\"11793955_742334115896117_753857469_o\" data-image-description=\"\" data-image-caption=\"\" data-medium-file=\"https:\/\/i0.wp.com\/wp.ufpel.edu.br\/leppais\/files\/2015\/08\/11793955_742334115896117_753857469_o.jpg?fit=300%2C200&amp;ssl=1\" data-large-file=\"https:\/\/i0.wp.com\/wp.ufpel.edu.br\/leppais\/files\/2015\/08\/11793955_742334115896117_753857469_o.jpg?fit=584%2C390&amp;ssl=1\" class=\"alignnone size-large wp-image-335\" src=\"https:\/\/i0.wp.com\/wp.ufpel.edu.br\/leppais\/files\/2015\/08\/11793955_742334115896117_753857469_o.jpg?resize=584%2C390&#038;ssl=1\" alt=\"11793955_742334115896117_753857469_o\" width=\"584\" height=\"390\" srcset=\"https:\/\/i0.wp.com\/wp.ufpel.edu.br\/leppais\/files\/2015\/08\/11793955_742334115896117_753857469_o.jpg?w=1024&amp;ssl=1 1024w, https:\/\/i0.wp.com\/wp.ufpel.edu.br\/leppais\/files\/2015\/08\/11793955_742334115896117_753857469_o.jpg?resize=300%2C200&amp;ssl=1 300w, https:\/\/i0.wp.com\/wp.ufpel.edu.br\/leppais\/files\/2015\/08\/11793955_742334115896117_753857469_o.jpg?resize=768%2C512&amp;ssl=1 768w, https:\/\/i0.wp.com\/wp.ufpel.edu.br\/leppais\/files\/2015\/08\/11793955_742334115896117_753857469_o.jpg?resize=450%2C300&amp;ssl=1 450w\" sizes=\"auto, (max-width: 584px) 100vw, 584px\" \/><\/a> <a href=\"https:\/\/i0.wp.com\/wp.ufpel.edu.br\/leppais\/files\/2015\/08\/11902219_742334095896119_2142241694_o.jpg?ssl=1\"><img data-recalc-dims=\"1\" loading=\"lazy\" decoding=\"async\" data-attachment-id=\"336\" data-permalink=\"https:\/\/wp.ufpel.edu.br\/leppais\/2015\/08\/21\/ufpel-e-secult-apresentaram-no-ultimo-sabado-andamento-do-memorial-da-estacao-ferrea\/11902219_742334095896119_2142241694_o\/\" data-orig-file=\"https:\/\/i0.wp.com\/wp.ufpel.edu.br\/leppais\/files\/2015\/08\/11902219_742334095896119_2142241694_o.jpg?fit=1024%2C683&amp;ssl=1\" data-orig-size=\"1024,683\" data-comments-opened=\"0\" data-image-meta=\"{&quot;aperture&quot;:&quot;0&quot;,&quot;credit&quot;:&quot;&quot;,&quot;camera&quot;:&quot;&quot;,&quot;caption&quot;:&quot;&quot;,&quot;created_timestamp&quot;:&quot;0&quot;,&quot;copyright&quot;:&quot;&quot;,&quot;focal_length&quot;:&quot;0&quot;,&quot;iso&quot;:&quot;0&quot;,&quot;shutter_speed&quot;:&quot;0&quot;,&quot;title&quot;:&quot;&quot;,&quot;orientation&quot;:&quot;0&quot;}\" data-image-title=\"11902219_742334095896119_2142241694_o\" data-image-description=\"\" data-image-caption=\"\" data-medium-file=\"https:\/\/i0.wp.com\/wp.ufpel.edu.br\/leppais\/files\/2015\/08\/11902219_742334095896119_2142241694_o.jpg?fit=300%2C200&amp;ssl=1\" data-large-file=\"https:\/\/i0.wp.com\/wp.ufpel.edu.br\/leppais\/files\/2015\/08\/11902219_742334095896119_2142241694_o.jpg?fit=584%2C390&amp;ssl=1\" class=\"alignnone size-large wp-image-336\" src=\"https:\/\/i0.wp.com\/wp.ufpel.edu.br\/leppais\/files\/2015\/08\/11902219_742334095896119_2142241694_o.jpg?resize=584%2C390&#038;ssl=1\" alt=\"11902219_742334095896119_2142241694_o\" width=\"584\" height=\"390\" srcset=\"https:\/\/i0.wp.com\/wp.ufpel.edu.br\/leppais\/files\/2015\/08\/11902219_742334095896119_2142241694_o.jpg?w=1024&amp;ssl=1 1024w, https:\/\/i0.wp.com\/wp.ufpel.edu.br\/leppais\/files\/2015\/08\/11902219_742334095896119_2142241694_o.jpg?resize=300%2C200&amp;ssl=1 300w, https:\/\/i0.wp.com\/wp.ufpel.edu.br\/leppais\/files\/2015\/08\/11902219_742334095896119_2142241694_o.jpg?resize=768%2C512&amp;ssl=1 768w, https:\/\/i0.wp.com\/wp.ufpel.edu.br\/leppais\/files\/2015\/08\/11902219_742334095896119_2142241694_o.jpg?resize=450%2C300&amp;ssl=1 450w\" sizes=\"auto, (max-width: 584px) 100vw, 584px\" \/><\/a><\/p>\n<p>Reda\u00e7\u00e3o: Andressa Bauer \u00a0\/ Ingrid Moraes (colaboradoras do LEPPAIS)<\/p>\n<p>Fotos: Daniele Borges<\/p>\n","protected":false},"excerpt":{"rendered":"<p>A Universidade Federal de Pelotas (UFPel) e a Secret\u00e1ria Municipal de Cultura (Secult) realizaram no \u00faltimo s\u00e1bado (15 de agosto) \u2013 dentro da programa\u00e7\u00e3o do Dia do Patrim\u00f4nio de Pelotas \u2013, a segunda reuni\u00e3o aberta do Memorial da Esta\u00e7\u00e3o F\u00e9rrea &hellip; <a href=\"https:\/\/wp.ufpel.edu.br\/leppais\/2015\/08\/21\/ufpel-e-secult-apresentaram-no-ultimo-sabado-andamento-do-memorial-da-estacao-ferrea\/\">Continue lendo <span class=\"meta-nav\">&rarr;<\/span><\/a><\/p>\n","protected":false},"author":641,"featured_media":0,"comment_status":"open","ping_status":"open","sticky":false,"template":"","format":"standard","meta":{"advanced_seo_description":"","jetpack_seo_html_title":"","jetpack_seo_noindex":false,"jetpack_post_was_ever_published":false,"_jetpack_newsletter_access":"","_jetpack_dont_email_post_to_subs":false,"_jetpack_newsletter_tier_id":0,"_jetpack_memberships_contains_paywalled_content":false,"_jetpack_memberships_contains_paid_content":false,"footnotes":"","jetpack_publicize_message":"","jetpack_publicize_feature_enabled":true,"jetpack_social_post_already_shared":true,"jetpack_social_options":{"image_generator_settings":{"template":"highway","default_image_id":0,"font":"","enabled":false},"version":2}},"categories":[1],"tags":[16,17,18],"class_list":["post-333","post","type-post","status-publish","format-standard","hentry","category-noticias","tag-estacao-ferrea","tag-memorial","tag-reuniao-aberta"],"jetpack_publicize_connections":[],"jetpack_featured_media_url":"","jetpack_sharing_enabled":true,"jetpack_shortlink":"https:\/\/wp.me\/payVYo-5n","jetpack-related-posts":[{"id":1814,"url":"https:\/\/wp.ufpel.edu.br\/leppais\/2018\/11\/08\/convite-memorial-da-estacao-ferrea-de-pelotas-e-doc-vida-nos-trilhos-na-casa-de-cultura-do-capao-do-leao\/","url_meta":{"origin":333,"position":0},"title":"Convite: Memorial da Esta\u00e7\u00e3o Ferrea de Pelotas e doc. &#8220;Vida nos Trilhos&#8221; na Casa de Cultura do Cap\u00e3o do Le\u00e3o","author":"antropologia","date":"08\/11\/2018","format":false,"excerpt":"","rel":"","context":"Em &quot;Convite&quot;","block_context":{"text":"Convite","link":"https:\/\/wp.ufpel.edu.br\/leppais\/category\/convite\/"},"img":{"alt_text":"","src":"https:\/\/i0.wp.com\/wp.ufpel.edu.br\/leppais\/files\/2018\/11\/memorialestacaoferrea-convite_nov2018.jpg?resize=350%2C200&ssl=1","width":350,"height":200,"srcset":"https:\/\/i0.wp.com\/wp.ufpel.edu.br\/leppais\/files\/2018\/11\/memorialestacaoferrea-convite_nov2018.jpg?resize=350%2C200&ssl=1 1x, https:\/\/i0.wp.com\/wp.ufpel.edu.br\/leppais\/files\/2018\/11\/memorialestacaoferrea-convite_nov2018.jpg?resize=525%2C300&ssl=1 1.5x, https:\/\/i0.wp.com\/wp.ufpel.edu.br\/leppais\/files\/2018\/11\/memorialestacaoferrea-convite_nov2018.jpg?resize=700%2C400&ssl=1 2x"},"classes":[]},{"id":1831,"url":"https:\/\/wp.ufpel.edu.br\/leppais\/2018\/11\/12\/memorial-da-estacao-ferrea-de-pelotas-e-doc-vida-nos-trilhos-na-casa-de-cultura-do-capao-do-leao-09-nov\/","url_meta":{"origin":333,"position":1},"title":"Memorial da Esta\u00e7\u00e3o Ferrea de Pelotas e doc. \u201cVida nos Trilhos\u201d na Casa de Cultura do Cap\u00e3o do Le\u00e3o 09 NOV","author":"antropologia","date":"12\/11\/2018","format":false,"excerpt":"Alunos da Escola Bar\u00e3o do Arroio Grande recebidos pela bibliotec\u00e1ria Dionara Bergmann e pelo secret\u00e1rio de cultura Everson Mar\u00e9. Apresenta\u00e7\u00e3o: Orlando, Dilnei, Guillermo, Paulo e Rubem","rel":"","context":"Em &quot;Atividades&quot;","block_context":{"text":"Atividades","link":"https:\/\/wp.ufpel.edu.br\/leppais\/category\/atividades\/"},"img":{"alt_text":"","src":"https:\/\/i0.wp.com\/wp.ufpel.edu.br\/leppais\/files\/2018\/11\/img-20181112-wa0013.jpg?resize=350%2C200","width":350,"height":200,"srcset":"https:\/\/i0.wp.com\/wp.ufpel.edu.br\/leppais\/files\/2018\/11\/img-20181112-wa0013.jpg?resize=350%2C200 1x, https:\/\/i0.wp.com\/wp.ufpel.edu.br\/leppais\/files\/2018\/11\/img-20181112-wa0013.jpg?resize=525%2C300 1.5x, https:\/\/i0.wp.com\/wp.ufpel.edu.br\/leppais\/files\/2018\/11\/img-20181112-wa0013.jpg?resize=700%2C400 2x"},"classes":[]},{"id":3745,"url":"https:\/\/wp.ufpel.edu.br\/leppais\/2023\/02\/13\/encontro-antropoeticas-estacao-ferrea\/","url_meta":{"origin":333,"position":2},"title":"Encontro Antropo\u00e9ticas &#8211; Esta\u00e7\u00e3o F\u00e9rrea","author":"antropologia","date":"13\/02\/2023","format":false,"excerpt":"O pr\u00f3ximo encontro Antropo\u00e9tico ser\u00e1 realizado na Esta\u00e7\u00e3o F\u00e9rrea de Pelotas, ter\u00e7a 14 FEV - 17h, para retomada do projeto coletivo do Memorial e propostas para o Centro Cultural da Esta\u00e7\u00e3o. Endere\u00e7o: Largo Portugal, 37 (ao lado do supermercado Guanabara)","rel":"","context":"Em &quot;Antropo\u00e9ticas&quot;","block_context":{"text":"Antropo\u00e9ticas","link":"https:\/\/wp.ufpel.edu.br\/leppais\/category\/antropoeticas\/"},"img":{"alt_text":"","src":"https:\/\/i0.wp.com\/wp.ufpel.edu.br\/leppais\/files\/2023\/02\/Antropoeticas-Chamada-MEF-14-02-2023.png?resize=350%2C200&ssl=1","width":350,"height":200,"srcset":"https:\/\/i0.wp.com\/wp.ufpel.edu.br\/leppais\/files\/2023\/02\/Antropoeticas-Chamada-MEF-14-02-2023.png?resize=350%2C200&ssl=1 1x, https:\/\/i0.wp.com\/wp.ufpel.edu.br\/leppais\/files\/2023\/02\/Antropoeticas-Chamada-MEF-14-02-2023.png?resize=525%2C300&ssl=1 1.5x, https:\/\/i0.wp.com\/wp.ufpel.edu.br\/leppais\/files\/2023\/02\/Antropoeticas-Chamada-MEF-14-02-2023.png?resize=700%2C400&ssl=1 2x"},"classes":[]},{"id":3840,"url":"https:\/\/wp.ufpel.edu.br\/leppais\/2023\/08\/09\/roda-de-conversa-e-jogo-de-memoria-sobre-o-bairro-simoes-lopes-e-a-estacao-ferrea-de-pelotas\/","url_meta":{"origin":333,"position":3},"title":"Roda de conversa e jogo de mem\u00f3ria sobre o bairro Sim\u00f5es Lopes e a Esta\u00e7\u00e3o F\u00e9rrea de Pelotas","author":"antropologia","date":"09\/08\/2023","format":false,"excerpt":"ATIVIDADE SEMANA DO PATRIMONIO-2023 Sim\u00f5es Lopes, um augusto bairro: conversas a partir de imagens hist\u00f3ricas e jogos de mem\u00f3ria LOCAL: Casa da M\u00fasica (galp\u00e3o da antiga ferrovia, ao lado da esta\u00e7\u00e3o f\u00e9rrea de Pelotas, na Pra\u00e7a Rio Branco) DATA: 19\/08 HOR\u00c1RIO: 14h30m \u2013 18h Roda de conversa e jogo de\u2026","rel":"","context":"Em &quot;Convite&quot;","block_context":{"text":"Convite","link":"https:\/\/wp.ufpel.edu.br\/leppais\/category\/convite\/"},"img":{"alt_text":"","src":"https:\/\/i0.wp.com\/wp.ufpel.edu.br\/leppais\/files\/2023\/08\/MEF-Estacao-Ferrea-AGO2023_v2.jpg?resize=350%2C200&ssl=1","width":350,"height":200,"srcset":"https:\/\/i0.wp.com\/wp.ufpel.edu.br\/leppais\/files\/2023\/08\/MEF-Estacao-Ferrea-AGO2023_v2.jpg?resize=350%2C200&ssl=1 1x, https:\/\/i0.wp.com\/wp.ufpel.edu.br\/leppais\/files\/2023\/08\/MEF-Estacao-Ferrea-AGO2023_v2.jpg?resize=525%2C300&ssl=1 1.5x, https:\/\/i0.wp.com\/wp.ufpel.edu.br\/leppais\/files\/2023\/08\/MEF-Estacao-Ferrea-AGO2023_v2.jpg?resize=700%2C400&ssl=1 2x, https:\/\/i0.wp.com\/wp.ufpel.edu.br\/leppais\/files\/2023\/08\/MEF-Estacao-Ferrea-AGO2023_v2.jpg?resize=1050%2C600&ssl=1 3x"},"classes":[]},{"id":1164,"url":"https:\/\/wp.ufpel.edu.br\/leppais\/2017\/07\/12\/nosso-trabalho-para-o-memorial-da-estacao-ferrea-em-2015-sendo-reconhecido\/","url_meta":{"origin":333,"position":4},"title":"Nosso trabalho para o Memorial da Esta\u00e7\u00e3o F\u00e9rrea, em 2015, sendo reconhecido.","author":"antropologia","date":"12\/07\/2017","format":false,"excerpt":"Parab\u00e9ns \u00e0 equipe que se dedicou \u00e0 pesquisa, ao Museu de Rua e ao v\u00eddeo-document\u00e1rio \"Vida nos Trilhos\" ! Fonte","rel":"","context":"Em &quot;Not\u00edcias&quot;","block_context":{"text":"Not\u00edcias","link":"https:\/\/wp.ufpel.edu.br\/leppais\/category\/noticias\/"},"img":{"alt_text":"","src":"https:\/\/i0.wp.com\/wp.ufpel.edu.br\/leppais\/files\/2017\/07\/materiadiariopopular.jpg?resize=350%2C200&ssl=1","width":350,"height":200,"srcset":"https:\/\/i0.wp.com\/wp.ufpel.edu.br\/leppais\/files\/2017\/07\/materiadiariopopular.jpg?resize=350%2C200&ssl=1 1x, https:\/\/i0.wp.com\/wp.ufpel.edu.br\/leppais\/files\/2017\/07\/materiadiariopopular.jpg?resize=525%2C300&ssl=1 1.5x, https:\/\/i0.wp.com\/wp.ufpel.edu.br\/leppais\/files\/2017\/07\/materiadiariopopular.jpg?resize=700%2C400&ssl=1 2x"},"classes":[]},{"id":3771,"url":"https:\/\/wp.ufpel.edu.br\/leppais\/2023\/04\/24\/roda-de-conversa-centro-cultural-da-estacao-ferrea-de-pelotas\/","url_meta":{"origin":333,"position":5},"title":"Roda de conversa: Centro Cultural da Esta\u00e7\u00e3o F\u00e9rrea de Pelotas","author":"antropologia","date":"24\/04\/2023","format":false,"excerpt":"Fotos do encontro","rel":"","context":"Em &quot;Antropo\u00e9ticas&quot;","block_context":{"text":"Antropo\u00e9ticas","link":"https:\/\/wp.ufpel.edu.br\/leppais\/category\/antropoeticas\/"},"img":{"alt_text":"","src":"https:\/\/i0.wp.com\/wp.ufpel.edu.br\/leppais\/files\/2023\/04\/DSC05235.jpg?resize=350%2C200","width":350,"height":200,"srcset":"https:\/\/i0.wp.com\/wp.ufpel.edu.br\/leppais\/files\/2023\/04\/DSC05235.jpg?resize=350%2C200 1x, https:\/\/i0.wp.com\/wp.ufpel.edu.br\/leppais\/files\/2023\/04\/DSC05235.jpg?resize=525%2C300 1.5x, https:\/\/i0.wp.com\/wp.ufpel.edu.br\/leppais\/files\/2023\/04\/DSC05235.jpg?resize=700%2C400 2x, https:\/\/i0.wp.com\/wp.ufpel.edu.br\/leppais\/files\/2023\/04\/DSC05235.jpg?resize=1050%2C600 3x, https:\/\/i0.wp.com\/wp.ufpel.edu.br\/leppais\/files\/2023\/04\/DSC05235.jpg?resize=1400%2C800 4x"},"classes":[]}],"jetpack_likes_enabled":true,"_links":{"self":[{"href":"https:\/\/wp.ufpel.edu.br\/leppais\/wp-json\/wp\/v2\/posts\/333","targetHints":{"allow":["GET"]}}],"collection":[{"href":"https:\/\/wp.ufpel.edu.br\/leppais\/wp-json\/wp\/v2\/posts"}],"about":[{"href":"https:\/\/wp.ufpel.edu.br\/leppais\/wp-json\/wp\/v2\/types\/post"}],"author":[{"embeddable":true,"href":"https:\/\/wp.ufpel.edu.br\/leppais\/wp-json\/wp\/v2\/users\/641"}],"replies":[{"embeddable":true,"href":"https:\/\/wp.ufpel.edu.br\/leppais\/wp-json\/wp\/v2\/comments?post=333"}],"version-history":[{"count":0,"href":"https:\/\/wp.ufpel.edu.br\/leppais\/wp-json\/wp\/v2\/posts\/333\/revisions"}],"wp:attachment":[{"href":"https:\/\/wp.ufpel.edu.br\/leppais\/wp-json\/wp\/v2\/media?parent=333"}],"wp:term":[{"taxonomy":"category","embeddable":true,"href":"https:\/\/wp.ufpel.edu.br\/leppais\/wp-json\/wp\/v2\/categories?post=333"},{"taxonomy":"post_tag","embeddable":true,"href":"https:\/\/wp.ufpel.edu.br\/leppais\/wp-json\/wp\/v2\/tags?post=333"}],"curies":[{"name":"wp","href":"https:\/\/api.w.org\/{rel}","templated":true}]}}