{"id":326,"date":"2015-07-02T14:32:48","date_gmt":"2015-07-02T17:32:48","guid":{"rendered":"https:\/\/leppais.wordpress.com\/?p=326"},"modified":"2015-07-02T14:32:48","modified_gmt":"2015-07-02T17:32:48","slug":"forca-tarefa-no-memorial-estacao-ferrea","status":"publish","type":"post","link":"https:\/\/wp.ufpel.edu.br\/leppais\/2015\/07\/02\/forca-tarefa-no-memorial-estacao-ferrea\/","title":{"rendered":"Memorial Esta\u00e7\u00e3o F\u00e9rrea"},"content":{"rendered":"<p><a href=\"https:\/\/i0.wp.com\/wp.ufpel.edu.br\/leppais\/files\/2015\/07\/webestacaoferrea.jpg?ssl=1\"><img data-recalc-dims=\"1\" loading=\"lazy\" decoding=\"async\" data-attachment-id=\"327\" data-permalink=\"https:\/\/wp.ufpel.edu.br\/leppais\/2015\/07\/02\/forca-tarefa-no-memorial-estacao-ferrea\/webestacaoferrea\/\" data-orig-file=\"https:\/\/i0.wp.com\/wp.ufpel.edu.br\/leppais\/files\/2015\/07\/webestacaoferrea.jpg?fit=849%2C600&amp;ssl=1\" data-orig-size=\"849,600\" data-comments-opened=\"0\" data-image-meta=\"{&quot;aperture&quot;:&quot;0&quot;,&quot;credit&quot;:&quot;&quot;,&quot;camera&quot;:&quot;&quot;,&quot;caption&quot;:&quot;&quot;,&quot;created_timestamp&quot;:&quot;0&quot;,&quot;copyright&quot;:&quot;&quot;,&quot;focal_length&quot;:&quot;0&quot;,&quot;iso&quot;:&quot;0&quot;,&quot;shutter_speed&quot;:&quot;0&quot;,&quot;title&quot;:&quot;&quot;,&quot;orientation&quot;:&quot;1&quot;}\" data-image-title=\"WebEstacaoFerrea\" data-image-description=\"\" data-image-caption=\"\" data-medium-file=\"https:\/\/i0.wp.com\/wp.ufpel.edu.br\/leppais\/files\/2015\/07\/webestacaoferrea.jpg?fit=300%2C212&amp;ssl=1\" data-large-file=\"https:\/\/i0.wp.com\/wp.ufpel.edu.br\/leppais\/files\/2015\/07\/webestacaoferrea.jpg?fit=584%2C413&amp;ssl=1\" class=\"alignnone size-large wp-image-327\" src=\"https:\/\/i0.wp.com\/wp.ufpel.edu.br\/leppais\/files\/2015\/07\/webestacaoferrea.jpg?resize=584%2C413&#038;ssl=1\" alt=\"WebEstacaoFerrea\" width=\"584\" height=\"413\" srcset=\"https:\/\/i0.wp.com\/wp.ufpel.edu.br\/leppais\/files\/2015\/07\/webestacaoferrea.jpg?w=849&amp;ssl=1 849w, https:\/\/i0.wp.com\/wp.ufpel.edu.br\/leppais\/files\/2015\/07\/webestacaoferrea.jpg?resize=300%2C212&amp;ssl=1 300w, https:\/\/i0.wp.com\/wp.ufpel.edu.br\/leppais\/files\/2015\/07\/webestacaoferrea.jpg?resize=768%2C543&amp;ssl=1 768w, https:\/\/i0.wp.com\/wp.ufpel.edu.br\/leppais\/files\/2015\/07\/webestacaoferrea.jpg?resize=425%2C300&amp;ssl=1 425w\" sizes=\"auto, (max-width: 584px) 100vw, 584px\" \/><\/a><a href=\"https:\/\/i0.wp.com\/wp.ufpel.edu.br\/leppais\/files\/2015\/07\/010401.jpg?ssl=1\"><img data-recalc-dims=\"1\" loading=\"lazy\" decoding=\"async\" data-attachment-id=\"329\" data-permalink=\"https:\/\/wp.ufpel.edu.br\/leppais\/2015\/07\/02\/forca-tarefa-no-memorial-estacao-ferrea\/attachment\/010401\/\" data-orig-file=\"https:\/\/i0.wp.com\/wp.ufpel.edu.br\/leppais\/files\/2015\/07\/010401.jpg?fit=1000%2C306&amp;ssl=1\" data-orig-size=\"1000,306\" data-comments-opened=\"0\" data-image-meta=\"{&quot;aperture&quot;:&quot;0&quot;,&quot;credit&quot;:&quot;&quot;,&quot;camera&quot;:&quot;&quot;,&quot;caption&quot;:&quot;&quot;,&quot;created_timestamp&quot;:&quot;0&quot;,&quot;copyright&quot;:&quot;&quot;,&quot;focal_length&quot;:&quot;0&quot;,&quot;iso&quot;:&quot;0&quot;,&quot;shutter_speed&quot;:&quot;0&quot;,&quot;title&quot;:&quot;&quot;,&quot;orientation&quot;:&quot;1&quot;}\" data-image-title=\"010401\" data-image-description=\"\" data-image-caption=\"\" data-medium-file=\"https:\/\/i0.wp.com\/wp.ufpel.edu.br\/leppais\/files\/2015\/07\/010401.jpg?fit=300%2C92&amp;ssl=1\" data-large-file=\"https:\/\/i0.wp.com\/wp.ufpel.edu.br\/leppais\/files\/2015\/07\/010401.jpg?fit=584%2C179&amp;ssl=1\" class=\"alignnone size-large wp-image-329\" src=\"https:\/\/i0.wp.com\/wp.ufpel.edu.br\/leppais\/files\/2015\/07\/010401.jpg?resize=584%2C179&#038;ssl=1\" alt=\"010401\" width=\"584\" height=\"179\" srcset=\"https:\/\/i0.wp.com\/wp.ufpel.edu.br\/leppais\/files\/2015\/07\/010401.jpg?w=1000&amp;ssl=1 1000w, https:\/\/i0.wp.com\/wp.ufpel.edu.br\/leppais\/files\/2015\/07\/010401.jpg?resize=300%2C92&amp;ssl=1 300w, https:\/\/i0.wp.com\/wp.ufpel.edu.br\/leppais\/files\/2015\/07\/010401.jpg?resize=768%2C235&amp;ssl=1 768w, https:\/\/i0.wp.com\/wp.ufpel.edu.br\/leppais\/files\/2015\/07\/010401.jpg?resize=500%2C153&amp;ssl=1 500w\" sizes=\"auto, (max-width: 584px) 100vw, 584px\" \/><\/a> <a href=\"https:\/\/i0.wp.com\/wp.ufpel.edu.br\/leppais\/files\/2015\/07\/011622.jpg?ssl=1\"><img data-recalc-dims=\"1\" loading=\"lazy\" decoding=\"async\" data-attachment-id=\"330\" data-permalink=\"https:\/\/wp.ufpel.edu.br\/leppais\/2015\/07\/02\/forca-tarefa-no-memorial-estacao-ferrea\/attachment\/011622\/\" data-orig-file=\"https:\/\/i0.wp.com\/wp.ufpel.edu.br\/leppais\/files\/2015\/07\/011622.jpg?fit=1200%2C913&amp;ssl=1\" data-orig-size=\"1200,913\" data-comments-opened=\"0\" data-image-meta=\"{&quot;aperture&quot;:&quot;0&quot;,&quot;credit&quot;:&quot;&quot;,&quot;camera&quot;:&quot;&quot;,&quot;caption&quot;:&quot;&quot;,&quot;created_timestamp&quot;:&quot;0&quot;,&quot;copyright&quot;:&quot;&quot;,&quot;focal_length&quot;:&quot;0&quot;,&quot;iso&quot;:&quot;0&quot;,&quot;shutter_speed&quot;:&quot;0&quot;,&quot;title&quot;:&quot;&quot;,&quot;orientation&quot;:&quot;1&quot;}\" data-image-title=\"011622\" data-image-description=\"\" data-image-caption=\"\" data-medium-file=\"https:\/\/i0.wp.com\/wp.ufpel.edu.br\/leppais\/files\/2015\/07\/011622.jpg?fit=300%2C228&amp;ssl=1\" data-large-file=\"https:\/\/i0.wp.com\/wp.ufpel.edu.br\/leppais\/files\/2015\/07\/011622.jpg?fit=584%2C444&amp;ssl=1\" class=\"alignnone size-large wp-image-330\" src=\"https:\/\/i0.wp.com\/wp.ufpel.edu.br\/leppais\/files\/2015\/07\/011622.jpg?resize=584%2C444&#038;ssl=1\" alt=\"011622\" width=\"584\" height=\"444\" srcset=\"https:\/\/i0.wp.com\/wp.ufpel.edu.br\/leppais\/files\/2015\/07\/011622.jpg?w=1200&amp;ssl=1 1200w, https:\/\/i0.wp.com\/wp.ufpel.edu.br\/leppais\/files\/2015\/07\/011622.jpg?resize=300%2C228&amp;ssl=1 300w, https:\/\/i0.wp.com\/wp.ufpel.edu.br\/leppais\/files\/2015\/07\/011622.jpg?resize=768%2C584&amp;ssl=1 768w, https:\/\/i0.wp.com\/wp.ufpel.edu.br\/leppais\/files\/2015\/07\/011622.jpg?resize=1024%2C779&amp;ssl=1 1024w, https:\/\/i0.wp.com\/wp.ufpel.edu.br\/leppais\/files\/2015\/07\/011622.jpg?resize=394%2C300&amp;ssl=1 394w\" sizes=\"auto, (max-width: 584px) 100vw, 584px\" \/><\/a><\/p>\n","protected":false},"excerpt":{"rendered":"","protected":false},"author":641,"featured_media":0,"comment_status":"open","ping_status":"open","sticky":false,"template":"","format":"standard","meta":{"advanced_seo_description":"","jetpack_seo_html_title":"","jetpack_seo_noindex":false,"jetpack_post_was_ever_published":false,"_jetpack_newsletter_access":"","_jetpack_dont_email_post_to_subs":false,"_jetpack_newsletter_tier_id":0,"_jetpack_memberships_contains_paywalled_content":false,"_jetpack_memberships_contains_paid_content":false,"footnotes":"","jetpack_publicize_message":"","jetpack_publicize_feature_enabled":true,"jetpack_social_post_already_shared":true,"jetpack_social_options":{"image_generator_settings":{"template":"highway","default_image_id":0,"font":"","enabled":false},"version":2}},"categories":[9],"tags":[],"class_list":["post-326","post","type-post","status-publish","format-standard","hentry","category-eventos"],"jetpack_publicize_connections":[],"jetpack_featured_media_url":"","jetpack_sharing_enabled":true,"jetpack_shortlink":"https:\/\/wp.me\/payVYo-5g","jetpack-related-posts":[{"id":368,"url":"https:\/\/wp.ufpel.edu.br\/leppais\/2015\/12\/09\/convite-memorial-estacao-ferrea\/","url_meta":{"origin":326,"position":0},"title":"Convite &#8211; Memorial Esta\u00e7\u00e3o F\u00e9rrea","author":"antropologia","date":"09\/12\/2015","format":false,"excerpt":"","rel":"","context":"Em &quot;Eventos&quot;","block_context":{"text":"Eventos","link":"https:\/\/wp.ufpel.edu.br\/leppais\/category\/eventos\/"},"img":{"alt_text":"","src":"https:\/\/i0.wp.com\/wp.ufpel.edu.br\/leppais\/files\/2015\/12\/memorialestacaoferrea-convite.jpg?resize=350%2C200&ssl=1","width":350,"height":200,"srcset":"https:\/\/i0.wp.com\/wp.ufpel.edu.br\/leppais\/files\/2015\/12\/memorialestacaoferrea-convite.jpg?resize=350%2C200&ssl=1 1x, https:\/\/i0.wp.com\/wp.ufpel.edu.br\/leppais\/files\/2015\/12\/memorialestacaoferrea-convite.jpg?resize=525%2C300&ssl=1 1.5x, https:\/\/i0.wp.com\/wp.ufpel.edu.br\/leppais\/files\/2015\/12\/memorialestacaoferrea-convite.jpg?resize=700%2C400&ssl=1 2x"},"classes":[]},{"id":1733,"url":"https:\/\/wp.ufpel.edu.br\/leppais\/2018\/09\/17\/fotos-exposicao-memorial-da-estacao-ferrea-e-vida-nos-trilhos-no-capao-do-leao\/","url_meta":{"origin":326,"position":1},"title":"Fotos Exposi\u00e7\u00e3o Memorial da Esta\u00e7\u00e3o F\u00e9rrea e \u201cVida nos Trilhos\u201d no Cap\u00e3o do Le\u00e3o","author":"antropologia","date":"17\/09\/2018","format":false,"excerpt":"","rel":"","context":"Em &quot;Eventos&quot;","block_context":{"text":"Eventos","link":"https:\/\/wp.ufpel.edu.br\/leppais\/category\/eventos\/"},"img":{"alt_text":"","src":"https:\/\/i0.wp.com\/wp.ufpel.edu.br\/leppais\/files\/2018\/09\/img-20180917-wa0025.jpg?resize=350%2C200","width":350,"height":200,"srcset":"https:\/\/i0.wp.com\/wp.ufpel.edu.br\/leppais\/files\/2018\/09\/img-20180917-wa0025.jpg?resize=350%2C200 1x, https:\/\/i0.wp.com\/wp.ufpel.edu.br\/leppais\/files\/2018\/09\/img-20180917-wa0025.jpg?resize=525%2C300 1.5x, https:\/\/i0.wp.com\/wp.ufpel.edu.br\/leppais\/files\/2018\/09\/img-20180917-wa0025.jpg?resize=700%2C400 2x, https:\/\/i0.wp.com\/wp.ufpel.edu.br\/leppais\/files\/2018\/09\/img-20180917-wa0025.jpg?resize=1050%2C600 3x"},"classes":[]},{"id":1723,"url":"https:\/\/wp.ufpel.edu.br\/leppais\/2018\/09\/14\/memorial-da-estacao-ferrea-e-documentario-vida-nos-trilhos-no-ihgcl-capao-do-leao\/","url_meta":{"origin":326,"position":2},"title":"Memorial da Esta\u00e7\u00e3o F\u00e9rrea e Document\u00e1rio &#8220;Vida nos Trilhos&#8221; no IHGCL Cap\u00e3o do Le\u00e3o","author":"antropologia","date":"14\/09\/2018","format":false,"excerpt":"","rel":"","context":"Em &quot;Atividades&quot;","block_context":{"text":"Atividades","link":"https:\/\/wp.ufpel.edu.br\/leppais\/category\/atividades\/"},"img":{"alt_text":"","src":"https:\/\/i0.wp.com\/wp.ufpel.edu.br\/leppais\/files\/2018\/09\/memorialestacaoferrea-convite_2018.jpg?resize=350%2C200&ssl=1","width":350,"height":200,"srcset":"https:\/\/i0.wp.com\/wp.ufpel.edu.br\/leppais\/files\/2018\/09\/memorialestacaoferrea-convite_2018.jpg?resize=350%2C200&ssl=1 1x, https:\/\/i0.wp.com\/wp.ufpel.edu.br\/leppais\/files\/2018\/09\/memorialestacaoferrea-convite_2018.jpg?resize=525%2C300&ssl=1 1.5x, https:\/\/i0.wp.com\/wp.ufpel.edu.br\/leppais\/files\/2018\/09\/memorialestacaoferrea-convite_2018.jpg?resize=700%2C400&ssl=1 2x"},"classes":[]},{"id":1831,"url":"https:\/\/wp.ufpel.edu.br\/leppais\/2018\/11\/12\/memorial-da-estacao-ferrea-de-pelotas-e-doc-vida-nos-trilhos-na-casa-de-cultura-do-capao-do-leao-09-nov\/","url_meta":{"origin":326,"position":3},"title":"Memorial da Esta\u00e7\u00e3o Ferrea de Pelotas e doc. \u201cVida nos Trilhos\u201d na Casa de Cultura do Cap\u00e3o do Le\u00e3o 09 NOV","author":"antropologia","date":"12\/11\/2018","format":false,"excerpt":"Alunos da Escola Bar\u00e3o do Arroio Grande recebidos pela bibliotec\u00e1ria Dionara Bergmann e pelo secret\u00e1rio de cultura Everson Mar\u00e9. Apresenta\u00e7\u00e3o: Orlando, Dilnei, Guillermo, Paulo e Rubem","rel":"","context":"Em &quot;Atividades&quot;","block_context":{"text":"Atividades","link":"https:\/\/wp.ufpel.edu.br\/leppais\/category\/atividades\/"},"img":{"alt_text":"","src":"https:\/\/i0.wp.com\/wp.ufpel.edu.br\/leppais\/files\/2018\/11\/img-20181112-wa0013.jpg?resize=350%2C200","width":350,"height":200,"srcset":"https:\/\/i0.wp.com\/wp.ufpel.edu.br\/leppais\/files\/2018\/11\/img-20181112-wa0013.jpg?resize=350%2C200 1x, https:\/\/i0.wp.com\/wp.ufpel.edu.br\/leppais\/files\/2018\/11\/img-20181112-wa0013.jpg?resize=525%2C300 1.5x, https:\/\/i0.wp.com\/wp.ufpel.edu.br\/leppais\/files\/2018\/11\/img-20181112-wa0013.jpg?resize=700%2C400 2x"},"classes":[]},{"id":1164,"url":"https:\/\/wp.ufpel.edu.br\/leppais\/2017\/07\/12\/nosso-trabalho-para-o-memorial-da-estacao-ferrea-em-2015-sendo-reconhecido\/","url_meta":{"origin":326,"position":4},"title":"Nosso trabalho para o Memorial da Esta\u00e7\u00e3o F\u00e9rrea, em 2015, sendo reconhecido.","author":"antropologia","date":"12\/07\/2017","format":false,"excerpt":"Parab\u00e9ns \u00e0 equipe que se dedicou \u00e0 pesquisa, ao Museu de Rua e ao v\u00eddeo-document\u00e1rio \"Vida nos Trilhos\" ! Fonte","rel":"","context":"Em &quot;Not\u00edcias&quot;","block_context":{"text":"Not\u00edcias","link":"https:\/\/wp.ufpel.edu.br\/leppais\/category\/noticias\/"},"img":{"alt_text":"","src":"https:\/\/i0.wp.com\/wp.ufpel.edu.br\/leppais\/files\/2017\/07\/materiadiariopopular.jpg?resize=350%2C200&ssl=1","width":350,"height":200,"srcset":"https:\/\/i0.wp.com\/wp.ufpel.edu.br\/leppais\/files\/2017\/07\/materiadiariopopular.jpg?resize=350%2C200&ssl=1 1x, https:\/\/i0.wp.com\/wp.ufpel.edu.br\/leppais\/files\/2017\/07\/materiadiariopopular.jpg?resize=525%2C300&ssl=1 1.5x, https:\/\/i0.wp.com\/wp.ufpel.edu.br\/leppais\/files\/2017\/07\/materiadiariopopular.jpg?resize=700%2C400&ssl=1 2x"},"classes":[]},{"id":333,"url":"https:\/\/wp.ufpel.edu.br\/leppais\/2015\/08\/21\/ufpel-e-secult-apresentaram-no-ultimo-sabado-andamento-do-memorial-da-estacao-ferrea\/","url_meta":{"origin":326,"position":5},"title":"UFPel e Secult apresentaram no \u00faltimo s\u00e1bado andamento do Memorial da Esta\u00e7\u00e3o F\u00e9rrea","author":"antropologia","date":"21\/08\/2015","format":false,"excerpt":"A Universidade Federal de Pelotas (UFPel) e a Secret\u00e1ria Municipal de Cultura (Secult) realizaram no \u00faltimo s\u00e1bado (15 de agosto) \u2013 dentro da programa\u00e7\u00e3o do Dia do Patrim\u00f4nio de Pelotas \u2013, a segunda reuni\u00e3o aberta do Memorial da Esta\u00e7\u00e3o F\u00e9rrea de Pelotas. O objetivo foi apresentar para a comunidade o\u2026","rel":"","context":"Em &quot;Not\u00edcias&quot;","block_context":{"text":"Not\u00edcias","link":"https:\/\/wp.ufpel.edu.br\/leppais\/category\/noticias\/"},"img":{"alt_text":"","src":"https:\/\/i0.wp.com\/wp.ufpel.edu.br\/leppais\/files\/2015\/08\/11902219_742334095896119_2142241694_o.jpg?resize=350%2C200&ssl=1","width":350,"height":200,"srcset":"https:\/\/i0.wp.com\/wp.ufpel.edu.br\/leppais\/files\/2015\/08\/11902219_742334095896119_2142241694_o.jpg?resize=350%2C200&ssl=1 1x, https:\/\/i0.wp.com\/wp.ufpel.edu.br\/leppais\/files\/2015\/08\/11902219_742334095896119_2142241694_o.jpg?resize=525%2C300&ssl=1 1.5x, https:\/\/i0.wp.com\/wp.ufpel.edu.br\/leppais\/files\/2015\/08\/11902219_742334095896119_2142241694_o.jpg?resize=700%2C400&ssl=1 2x"},"classes":[]}],"jetpack_likes_enabled":true,"_links":{"self":[{"href":"https:\/\/wp.ufpel.edu.br\/leppais\/wp-json\/wp\/v2\/posts\/326","targetHints":{"allow":["GET"]}}],"collection":[{"href":"https:\/\/wp.ufpel.edu.br\/leppais\/wp-json\/wp\/v2\/posts"}],"about":[{"href":"https:\/\/wp.ufpel.edu.br\/leppais\/wp-json\/wp\/v2\/types\/post"}],"author":[{"embeddable":true,"href":"https:\/\/wp.ufpel.edu.br\/leppais\/wp-json\/wp\/v2\/users\/641"}],"replies":[{"embeddable":true,"href":"https:\/\/wp.ufpel.edu.br\/leppais\/wp-json\/wp\/v2\/comments?post=326"}],"version-history":[{"count":0,"href":"https:\/\/wp.ufpel.edu.br\/leppais\/wp-json\/wp\/v2\/posts\/326\/revisions"}],"wp:attachment":[{"href":"https:\/\/wp.ufpel.edu.br\/leppais\/wp-json\/wp\/v2\/media?parent=326"}],"wp:term":[{"taxonomy":"category","embeddable":true,"href":"https:\/\/wp.ufpel.edu.br\/leppais\/wp-json\/wp\/v2\/categories?post=326"},{"taxonomy":"post_tag","embeddable":true,"href":"https:\/\/wp.ufpel.edu.br\/leppais\/wp-json\/wp\/v2\/tags?post=326"}],"curies":[{"name":"wp","href":"https:\/\/api.w.org\/{rel}","templated":true}]}}