{"id":3218,"date":"2020-07-22T10:49:22","date_gmt":"2020-07-22T13:49:22","guid":{"rendered":"https:\/\/wp.ufpel.edu.br\/leppais\/?p=3218"},"modified":"2020-07-22T10:49:22","modified_gmt":"2020-07-22T13:49:22","slug":"encontros-antropoeticas-grupo-de-estudos","status":"publish","type":"post","link":"https:\/\/wp.ufpel.edu.br\/leppais\/2020\/07\/22\/encontros-antropoeticas-grupo-de-estudos\/","title":{"rendered":"Encontros Antropo\u00e9ticas &#8211; Grupo de Estudos"},"content":{"rendered":"<p><img data-recalc-dims=\"1\" loading=\"lazy\" decoding=\"async\" data-attachment-id=\"3219\" data-permalink=\"https:\/\/wp.ufpel.edu.br\/leppais\/2020\/07\/22\/encontros-antropoeticas-grupo-de-estudos\/antropoeticas-encontros\/\" data-orig-file=\"https:\/\/i0.wp.com\/wp.ufpel.edu.br\/leppais\/files\/2020\/07\/Antropoeticas-Encontros.jpg?fit=1000%2C1000&amp;ssl=1\" data-orig-size=\"1000,1000\" data-comments-opened=\"0\" data-image-meta=\"{&quot;aperture&quot;:&quot;0&quot;,&quot;credit&quot;:&quot;Hamilton Bittencourt&quot;,&quot;camera&quot;:&quot;&quot;,&quot;caption&quot;:&quot;&quot;,&quot;created_timestamp&quot;:&quot;0&quot;,&quot;copyright&quot;:&quot;\\u00a92019 Hamilton Bittencourt&quot;,&quot;focal_length&quot;:&quot;0&quot;,&quot;iso&quot;:&quot;0&quot;,&quot;shutter_speed&quot;:&quot;0&quot;,&quot;title&quot;:&quot;&quot;,&quot;orientation&quot;:&quot;0&quot;}\" data-image-title=\"Antropoeticas-Encontros\" data-image-description=\"\" data-image-caption=\"\" data-medium-file=\"https:\/\/i0.wp.com\/wp.ufpel.edu.br\/leppais\/files\/2020\/07\/Antropoeticas-Encontros.jpg?fit=300%2C300&amp;ssl=1\" data-large-file=\"https:\/\/i0.wp.com\/wp.ufpel.edu.br\/leppais\/files\/2020\/07\/Antropoeticas-Encontros.jpg?fit=584%2C584&amp;ssl=1\" class=\"alignnone size-full wp-image-3219\" src=\"https:\/\/i0.wp.com\/wp.ufpel.edu.br\/leppais\/files\/2020\/07\/Antropoeticas-Encontros.jpg?resize=584%2C584&#038;ssl=1\" alt=\"\" width=\"584\" height=\"584\" srcset=\"https:\/\/i0.wp.com\/wp.ufpel.edu.br\/leppais\/files\/2020\/07\/Antropoeticas-Encontros.jpg?w=1000&amp;ssl=1 1000w, https:\/\/i0.wp.com\/wp.ufpel.edu.br\/leppais\/files\/2020\/07\/Antropoeticas-Encontros.jpg?resize=300%2C300&amp;ssl=1 300w, https:\/\/i0.wp.com\/wp.ufpel.edu.br\/leppais\/files\/2020\/07\/Antropoeticas-Encontros.jpg?resize=150%2C150&amp;ssl=1 150w, https:\/\/i0.wp.com\/wp.ufpel.edu.br\/leppais\/files\/2020\/07\/Antropoeticas-Encontros.jpg?resize=768%2C768&amp;ssl=1 768w, https:\/\/i0.wp.com\/wp.ufpel.edu.br\/leppais\/files\/2020\/07\/Antropoeticas-Encontros.jpg?resize=50%2C50&amp;ssl=1 50w\" sizes=\"auto, (max-width: 584px) 100vw, 584px\" \/><\/p>\n<p style=\"text-align: justify\">Estamos retomando nosso grupo de estudos nas tardes de ter\u00e7a-feira.<br \/>\nO grupo que desde o in\u00edcio da pandemia vinha se encontrando de modo espor\u00e1dico de retoma seu formato regular, online.<br \/>\nO grupo de estudos tem por objetivo ser um momento de encontro para discuss\u00e3o de temas sobre antropologia visual e sonora, relacionados aos temas de pesquisa de alunes\/pesquisadores vinculades aos cursos de Antropologia e Arqueologia (UFPel), oferecerendo acompanhamento e suporte aos projetos de pesquisa em andamento.<br \/>\nTamb\u00e9m \u00e9 um espa\u00e7o de interlocu\u00e7\u00e3o com outros laborat\u00f3rios e conta com a participa\u00e7\u00e3o, eventual, de pesquisadores parceires de outros departamentos e universidades.<\/p>\n<p style=\"text-align: justify\">Nesse per\u00edodo discutimos processos de escrita.<br \/>\nAntropologia, Arqueologia e Ci\u00eancias Sociais<\/p>\n<p style=\"text-align: justify\">Seja bem-vinde!<\/p>\n<p>Link: <a href=\"https:\/\/webconf.ufpel.edu.br\/b\/dan-37v-nxk\">https:\/\/webconf.ufpel.edu.br\/b\/dan-37v-nxk<\/a><\/p>\n","protected":false},"excerpt":{"rendered":"<p>Estamos retomando nosso grupo de estudos nas tardes de ter\u00e7a-feira. O grupo que desde o in\u00edcio da pandemia vinha se encontrando de modo espor\u00e1dico de retoma seu formato regular, online. O grupo de estudos tem por objetivo ser um momento &hellip; <a href=\"https:\/\/wp.ufpel.edu.br\/leppais\/2020\/07\/22\/encontros-antropoeticas-grupo-de-estudos\/\">Continue lendo <span class=\"meta-nav\">&rarr;<\/span><\/a><\/p>\n","protected":false},"author":641,"featured_media":0,"comment_status":"closed","ping_status":"closed","sticky":false,"template":"","format":"standard","meta":{"advanced_seo_description":"","jetpack_seo_html_title":"","jetpack_seo_noindex":false,"jetpack_post_was_ever_published":false,"_jetpack_newsletter_access":"","_jetpack_dont_email_post_to_subs":false,"_jetpack_newsletter_tier_id":0,"_jetpack_memberships_contains_paywalled_content":false,"_jetpack_memberships_contains_paid_content":false,"footnotes":"","jetpack_publicize_message":"","jetpack_publicize_feature_enabled":true,"jetpack_social_post_already_shared":true,"jetpack_social_options":{"image_generator_settings":{"template":"highway","default_image_id":0,"font":"","enabled":false},"version":2}},"categories":[2,3,7,24,1],"tags":[],"class_list":["post-3218","post","type-post","status-publish","format-standard","hentry","category-antropoeticas","category-atividades","category-convite","category-divulgacao","category-noticias"],"jetpack_publicize_connections":[],"jetpack_featured_media_url":"","jetpack_sharing_enabled":true,"jetpack_shortlink":"https:\/\/wp.me\/payVYo-PU","jetpack-related-posts":[{"id":2722,"url":"https:\/\/wp.ufpel.edu.br\/leppais\/2019\/07\/03\/pre-ram-2019-oficina-ocupacao-antropoetica-etica-politica-e-poetica-em-um-ambiente-interativo-de-rua\/","url_meta":{"origin":3218,"position":0},"title":"Pr\u00e9 RAM 2019 | Oficina ocupa\u00e7\u00e3o antropo\u00e9tica: \u00e9tica, pol\u00edtica e po\u00e9tica em um ambiente interativo de rua.","author":"antropologia","date":"03\/07\/2019","format":false,"excerpt":"A atividade proposta \u00e9 um desdobramento dos trabalhos desenvolvidos no LEPPAIS\/UFPel pelo Grupo de Pesquisa Antropo\u00e9ticas, em parceria com pesquisadores da UFPB. Visa \u201caquecer\u201d os integrantes da atividade programada para a XIII RAM, a oficina Antropo\u00e9ticas: etnografia, criatividade e outras grafias, bem como contribuir para o fortalecimento da rede de\u2026","rel":"","context":"Em &quot;Antropo\u00e9ticas&quot;","block_context":{"text":"Antropo\u00e9ticas","link":"https:\/\/wp.ufpel.edu.br\/leppais\/category\/antropoeticas\/"},"img":{"alt_text":"","src":"https:\/\/i0.wp.com\/wp.ufpel.edu.br\/leppais\/files\/2019\/07\/Pre-RAM-2019.png?resize=350%2C200&ssl=1","width":350,"height":200,"srcset":"https:\/\/i0.wp.com\/wp.ufpel.edu.br\/leppais\/files\/2019\/07\/Pre-RAM-2019.png?resize=350%2C200&ssl=1 1x, https:\/\/i0.wp.com\/wp.ufpel.edu.br\/leppais\/files\/2019\/07\/Pre-RAM-2019.png?resize=525%2C300&ssl=1 1.5x, https:\/\/i0.wp.com\/wp.ufpel.edu.br\/leppais\/files\/2019\/07\/Pre-RAM-2019.png?resize=700%2C400&ssl=1 2x"},"classes":[]},{"id":2754,"url":"https:\/\/wp.ufpel.edu.br\/leppais\/2019\/08\/08\/fotos-oficina-ocupacao-antropoetica-pre-ram-2019\/","url_meta":{"origin":3218,"position":1},"title":"Fotos Oficina Ocupa\u00e7\u00e3o Antropo\u00e9tica | Pr\u00e9-RAM 2019","author":"antropologia","date":"08\/08\/2019","format":false,"excerpt":"20 de julho de 2019 - Largo do Mercado P\u00fablico - Pelotas\/RS A atividade proposta \u00e9 um desdobramento dos trabalhos desenvolvidos no LEPPAIS\/UFPel pelo Grupo de Pesquisa Antropo\u00e9ticas, em parceria com pesquisadores da UFPB. Visa \u201caquecer\u201d os integrantes da atividade programada para a XIII RAM, a oficina Antropo\u00e9ticas: etnografia, criatividade\u2026","rel":"","context":"Em &quot;Not\u00edcias&quot;","block_context":{"text":"Not\u00edcias","link":"https:\/\/wp.ufpel.edu.br\/leppais\/category\/noticias\/"},"img":{"alt_text":"","src":"https:\/\/i0.wp.com\/wp.ufpel.edu.br\/leppais\/files\/2019\/08\/WhatsApp-Image-2019-07-20-at-15.59.09.jpeg?resize=350%2C200","width":350,"height":200,"srcset":"https:\/\/i0.wp.com\/wp.ufpel.edu.br\/leppais\/files\/2019\/08\/WhatsApp-Image-2019-07-20-at-15.59.09.jpeg?resize=350%2C200 1x, https:\/\/i0.wp.com\/wp.ufpel.edu.br\/leppais\/files\/2019\/08\/WhatsApp-Image-2019-07-20-at-15.59.09.jpeg?resize=525%2C300 1.5x, https:\/\/i0.wp.com\/wp.ufpel.edu.br\/leppais\/files\/2019\/08\/WhatsApp-Image-2019-07-20-at-15.59.09.jpeg?resize=700%2C400 2x"},"classes":[]},{"id":1530,"url":"https:\/\/wp.ufpel.edu.br\/leppais\/2018\/05\/21\/convite-cafe-arqueologico-2\/","url_meta":{"origin":3218,"position":2},"title":"Convite: Caf\u00e9 Arqueol\u00f3gico","author":"antropologia","date":"21\/05\/2018","format":false,"excerpt":"O LEPAARQ (Laborat\u00f3rio de Ensino e Pesquisa em Antropologia e Arqueologia) est\u00e1\u00a0 promovendo mais um caf\u00e9 arqueol\u00f3gico em homenagem aos 10 anos do curso de antropologia. Esse ser\u00e1 com a participa\u00e7\u00e3o do professor Dr. Danilo Vicensotto da \u00e1rea de Antropologia e Arqueologia do Instituto de Ci\u00eancias Humanas e da informa\u00e7\u00e3o\u2026","rel":"","context":"Em &quot;Atividades&quot;","block_context":{"text":"Atividades","link":"https:\/\/wp.ufpel.edu.br\/leppais\/category\/atividades\/"},"img":{"alt_text":"","src":"https:\/\/i0.wp.com\/wp.ufpel.edu.br\/leppais\/files\/2018\/05\/img-20180521-wa0000.jpg?resize=350%2C200&ssl=1","width":350,"height":200,"srcset":"https:\/\/i0.wp.com\/wp.ufpel.edu.br\/leppais\/files\/2018\/05\/img-20180521-wa0000.jpg?resize=350%2C200&ssl=1 1x, https:\/\/i0.wp.com\/wp.ufpel.edu.br\/leppais\/files\/2018\/05\/img-20180521-wa0000.jpg?resize=525%2C300&ssl=1 1.5x, https:\/\/i0.wp.com\/wp.ufpel.edu.br\/leppais\/files\/2018\/05\/img-20180521-wa0000.jpg?resize=700%2C400&ssl=1 2x"},"classes":[]},{"id":1508,"url":"https:\/\/wp.ufpel.edu.br\/leppais\/2018\/05\/08\/convite-cafe-arqueologico\/","url_meta":{"origin":3218,"position":3},"title":"Convite: Caf\u00e9 Arqueol\u00f3gico","author":"antropologia","date":"08\/05\/2018","format":false,"excerpt":"O Laborat\u00f3rio de Ensino e Pesquisa em Antropologia e Arqueologia (LEPAARQ), em homenagem aos 10 anos do Curso de Antropologia na UFPEL, realiza mais um Caf\u00e9 Arqueol\u00f3gico, com o tema: Pesquisa na Gradua\u00e7\u00e3o. O evento acontecer\u00e1 no dia 11 de maio, sexta-feira, no Audit\u00f3rio da FaE (Sala 352 do CCHS).\u2026","rel":"","context":"Em &quot;Convite&quot;","block_context":{"text":"Convite","link":"https:\/\/wp.ufpel.edu.br\/leppais\/category\/convite\/"},"img":{"alt_text":"","src":"https:\/\/i0.wp.com\/wp.ufpel.edu.br\/antropologia\/files\/2018\/05\/Cafe%CC%81_arqueolo%CC%81gico.jpg?resize=350%2C200&ssl=1","width":350,"height":200,"srcset":"https:\/\/i0.wp.com\/wp.ufpel.edu.br\/antropologia\/files\/2018\/05\/Cafe%CC%81_arqueolo%CC%81gico.jpg?resize=350%2C200&ssl=1 1x, https:\/\/i0.wp.com\/wp.ufpel.edu.br\/antropologia\/files\/2018\/05\/Cafe%CC%81_arqueolo%CC%81gico.jpg?resize=525%2C300&ssl=1 1.5x, https:\/\/i0.wp.com\/wp.ufpel.edu.br\/antropologia\/files\/2018\/05\/Cafe%CC%81_arqueolo%CC%81gico.jpg?resize=700%2C400&ssl=1 2x"},"classes":[]},{"id":1579,"url":"https:\/\/wp.ufpel.edu.br\/leppais\/2018\/06\/18\/convite-cafe-arqueologico-4\/","url_meta":{"origin":3218,"position":4},"title":"Convite: Caf\u00e9 Arqueol\u00f3gico","author":"antropologia","date":"18\/06\/2018","format":false,"excerpt":"O LEPAARQ (Laborat\u00f3rio de Ensino e Pesquisa em Antropologia e Arqueologia) est\u00e1\u00a0 promovendo mais um caf\u00e9 arqueol\u00f3gico em homenagem aos 10 anos do curso de antropologia. Dessa vez com a fala do Sady Pereira do Carmo Junior, doutorando em Antropologia pelo PPGAnt, que ir\u00e1 falar de sua pesquisa \"Por tr\u00e1s\u2026","rel":"","context":"Em &quot;Convite&quot;","block_context":{"text":"Convite","link":"https:\/\/wp.ufpel.edu.br\/leppais\/category\/convite\/"},"img":{"alt_text":"","src":"https:\/\/i0.wp.com\/wp.ufpel.edu.br\/leppais\/files\/2018\/06\/img-20180615-wa0000.jpg?resize=350%2C200&ssl=1","width":350,"height":200,"srcset":"https:\/\/i0.wp.com\/wp.ufpel.edu.br\/leppais\/files\/2018\/06\/img-20180615-wa0000.jpg?resize=350%2C200&ssl=1 1x, https:\/\/i0.wp.com\/wp.ufpel.edu.br\/leppais\/files\/2018\/06\/img-20180615-wa0000.jpg?resize=525%2C300&ssl=1 1.5x, https:\/\/i0.wp.com\/wp.ufpel.edu.br\/leppais\/files\/2018\/06\/img-20180615-wa0000.jpg?resize=700%2C400&ssl=1 2x"},"classes":[]},{"id":1565,"url":"https:\/\/wp.ufpel.edu.br\/leppais\/2018\/06\/05\/convite-cafe-arqueologico-3\/","url_meta":{"origin":3218,"position":5},"title":"Devido a paraliza\u00e7\u00e3o, o caf\u00e9 arqueol\u00f3gico dessa semana foi cancelado.","author":"antropologia","date":"05\/06\/2018","format":false,"excerpt":"O LEPAARQ (Laborat\u00f3rio de Ensino e Pesquisa em Antropologia e Arqueologia) est\u00e1 promovendo mais um caf\u00e9 arqueol\u00f3gico em homenagem aos 10 anos do curso de antropologia. Dessa vez com a fala do Sady Pereira do Carmo Junior, doutorando em Antropologia pelo PPGAnt, que ir\u00e1 falar de sua pesquisa \"Por tr\u00e1s\u2026","rel":"","context":"Em &quot;Convite&quot;","block_context":{"text":"Convite","link":"https:\/\/wp.ufpel.edu.br\/leppais\/category\/convite\/"},"img":{"alt_text":"","src":"https:\/\/i0.wp.com\/wp.ufpel.edu.br\/leppais\/files\/2018\/06\/img-20180604-wa0002.jpg?resize=350%2C200&ssl=1","width":350,"height":200,"srcset":"https:\/\/i0.wp.com\/wp.ufpel.edu.br\/leppais\/files\/2018\/06\/img-20180604-wa0002.jpg?resize=350%2C200&ssl=1 1x, https:\/\/i0.wp.com\/wp.ufpel.edu.br\/leppais\/files\/2018\/06\/img-20180604-wa0002.jpg?resize=525%2C300&ssl=1 1.5x, https:\/\/i0.wp.com\/wp.ufpel.edu.br\/leppais\/files\/2018\/06\/img-20180604-wa0002.jpg?resize=700%2C400&ssl=1 2x"},"classes":[]}],"jetpack_likes_enabled":true,"_links":{"self":[{"href":"https:\/\/wp.ufpel.edu.br\/leppais\/wp-json\/wp\/v2\/posts\/3218","targetHints":{"allow":["GET"]}}],"collection":[{"href":"https:\/\/wp.ufpel.edu.br\/leppais\/wp-json\/wp\/v2\/posts"}],"about":[{"href":"https:\/\/wp.ufpel.edu.br\/leppais\/wp-json\/wp\/v2\/types\/post"}],"author":[{"embeddable":true,"href":"https:\/\/wp.ufpel.edu.br\/leppais\/wp-json\/wp\/v2\/users\/641"}],"replies":[{"embeddable":true,"href":"https:\/\/wp.ufpel.edu.br\/leppais\/wp-json\/wp\/v2\/comments?post=3218"}],"version-history":[{"count":1,"href":"https:\/\/wp.ufpel.edu.br\/leppais\/wp-json\/wp\/v2\/posts\/3218\/revisions"}],"predecessor-version":[{"id":3220,"href":"https:\/\/wp.ufpel.edu.br\/leppais\/wp-json\/wp\/v2\/posts\/3218\/revisions\/3220"}],"wp:attachment":[{"href":"https:\/\/wp.ufpel.edu.br\/leppais\/wp-json\/wp\/v2\/media?parent=3218"}],"wp:term":[{"taxonomy":"category","embeddable":true,"href":"https:\/\/wp.ufpel.edu.br\/leppais\/wp-json\/wp\/v2\/categories?post=3218"},{"taxonomy":"post_tag","embeddable":true,"href":"https:\/\/wp.ufpel.edu.br\/leppais\/wp-json\/wp\/v2\/tags?post=3218"}],"curies":[{"name":"wp","href":"https:\/\/api.w.org\/{rel}","templated":true}]}}