{"id":3193,"date":"2020-07-11T02:13:56","date_gmt":"2020-07-11T05:13:56","guid":{"rendered":"https:\/\/wp.ufpel.edu.br\/leppais\/?p=3193"},"modified":"2020-07-11T02:13:56","modified_gmt":"2020-07-11T05:13:56","slug":"reuniao-antropoeticas-leppais","status":"publish","type":"post","link":"https:\/\/wp.ufpel.edu.br\/leppais\/2020\/07\/11\/reuniao-antropoeticas-leppais\/","title":{"rendered":"Reuni\u00e3o Antropo\u00e9ticas LEPPAIS"},"content":{"rendered":"<p><img data-recalc-dims=\"1\" loading=\"lazy\" decoding=\"async\" data-attachment-id=\"3194\" data-permalink=\"https:\/\/wp.ufpel.edu.br\/leppais\/2020\/07\/11\/reuniao-antropoeticas-leppais\/antropoeticas-reuniaoleppais\/\" data-orig-file=\"https:\/\/i0.wp.com\/wp.ufpel.edu.br\/leppais\/files\/2020\/07\/Antropoeticas-ReuniaoLEPPAIS.jpg?fit=1000%2C1000&amp;ssl=1\" data-orig-size=\"1000,1000\" data-comments-opened=\"0\" data-image-meta=\"{&quot;aperture&quot;:&quot;0&quot;,&quot;credit&quot;:&quot;Hamilton Bittencourt&quot;,&quot;camera&quot;:&quot;&quot;,&quot;caption&quot;:&quot;&quot;,&quot;created_timestamp&quot;:&quot;0&quot;,&quot;copyright&quot;:&quot;\\u00a92019 Hamilton Bittencourt&quot;,&quot;focal_length&quot;:&quot;0&quot;,&quot;iso&quot;:&quot;0&quot;,&quot;shutter_speed&quot;:&quot;0&quot;,&quot;title&quot;:&quot;&quot;,&quot;orientation&quot;:&quot;0&quot;}\" data-image-title=\"Antropoeticas-ReuniaoLEPPAIS\" data-image-description=\"\" data-image-caption=\"\" data-medium-file=\"https:\/\/i0.wp.com\/wp.ufpel.edu.br\/leppais\/files\/2020\/07\/Antropoeticas-ReuniaoLEPPAIS.jpg?fit=300%2C300&amp;ssl=1\" data-large-file=\"https:\/\/i0.wp.com\/wp.ufpel.edu.br\/leppais\/files\/2020\/07\/Antropoeticas-ReuniaoLEPPAIS.jpg?fit=584%2C584&amp;ssl=1\" class=\"alignnone  wp-image-3194\" src=\"https:\/\/i0.wp.com\/wp.ufpel.edu.br\/leppais\/files\/2020\/07\/Antropoeticas-ReuniaoLEPPAIS.jpg?resize=530%2C530&#038;ssl=1\" alt=\"\" width=\"530\" height=\"530\" srcset=\"https:\/\/i0.wp.com\/wp.ufpel.edu.br\/leppais\/files\/2020\/07\/Antropoeticas-ReuniaoLEPPAIS.jpg?w=1000&amp;ssl=1 1000w, https:\/\/i0.wp.com\/wp.ufpel.edu.br\/leppais\/files\/2020\/07\/Antropoeticas-ReuniaoLEPPAIS.jpg?resize=300%2C300&amp;ssl=1 300w, https:\/\/i0.wp.com\/wp.ufpel.edu.br\/leppais\/files\/2020\/07\/Antropoeticas-ReuniaoLEPPAIS.jpg?resize=150%2C150&amp;ssl=1 150w, https:\/\/i0.wp.com\/wp.ufpel.edu.br\/leppais\/files\/2020\/07\/Antropoeticas-ReuniaoLEPPAIS.jpg?resize=768%2C768&amp;ssl=1 768w, https:\/\/i0.wp.com\/wp.ufpel.edu.br\/leppais\/files\/2020\/07\/Antropoeticas-ReuniaoLEPPAIS.jpg?resize=50%2C50&amp;ssl=1 50w\" sizes=\"auto, (max-width: 530px) 100vw, 530px\" \/><\/p>\n<p>Link<br \/>\n<strong><a href=\"https:\/\/webconf.ufpel.edu.br\/b\/dan-37v-nxk\">https:\/\/webconf.ufpel.edu.br\/b\/dan-37v-nxk<\/a><\/strong><\/p>\n","protected":false},"excerpt":{"rendered":"<p>Link https:\/\/webconf.ufpel.edu.br\/b\/dan-37v-nxk<\/p>\n","protected":false},"author":641,"featured_media":0,"comment_status":"closed","ping_status":"closed","sticky":false,"template":"","format":"standard","meta":{"advanced_seo_description":"","jetpack_seo_html_title":"","jetpack_seo_noindex":false,"jetpack_post_was_ever_published":false,"_jetpack_newsletter_access":"","_jetpack_dont_email_post_to_subs":false,"_jetpack_newsletter_tier_id":0,"_jetpack_memberships_contains_paywalled_content":false,"_jetpack_memberships_contains_paid_content":false,"footnotes":"","jetpack_publicize_message":"","jetpack_publicize_feature_enabled":true,"jetpack_social_post_already_shared":true,"jetpack_social_options":{"image_generator_settings":{"template":"highway","default_image_id":0,"font":"","enabled":false},"version":2}},"categories":[2,3],"tags":[],"class_list":["post-3193","post","type-post","status-publish","format-standard","hentry","category-antropoeticas","category-atividades"],"jetpack_publicize_connections":[],"jetpack_featured_media_url":"","jetpack_sharing_enabled":true,"jetpack_shortlink":"https:\/\/wp.me\/payVYo-Pv","jetpack-related-posts":[{"id":3157,"url":"https:\/\/wp.ufpel.edu.br\/leppais\/2020\/05\/21\/recampesinizacao-e-agroecologia-na-colombia-alejandro-escobar\/","url_meta":{"origin":3193,"position":0},"title":"Recampesiniza\u00e7\u00e3o e agroecologia na Col\u00f4mbia &#8211; Alejandro Escobar","author":"antropologia","date":"21\/05\/2020","format":false,"excerpt":"Link https:\/\/webconf.ufpel.edu.br\/b\/dan-37v-nxk","rel":"","context":"Em &quot;Antropo\u00e9ticas&quot;","block_context":{"text":"Antropo\u00e9ticas","link":"https:\/\/wp.ufpel.edu.br\/leppais\/category\/antropoeticas\/"},"img":{"alt_text":"","src":"https:\/\/i0.wp.com\/wp.ufpel.edu.br\/leppais\/files\/2020\/05\/Antropoeticas-AlejandroEscobar_v3.jpg?resize=350%2C200&ssl=1","width":350,"height":200,"srcset":"https:\/\/i0.wp.com\/wp.ufpel.edu.br\/leppais\/files\/2020\/05\/Antropoeticas-AlejandroEscobar_v3.jpg?resize=350%2C200&ssl=1 1x, https:\/\/i0.wp.com\/wp.ufpel.edu.br\/leppais\/files\/2020\/05\/Antropoeticas-AlejandroEscobar_v3.jpg?resize=525%2C300&ssl=1 1.5x, https:\/\/i0.wp.com\/wp.ufpel.edu.br\/leppais\/files\/2020\/05\/Antropoeticas-AlejandroEscobar_v3.jpg?resize=700%2C400&ssl=1 2x"},"classes":[]},{"id":3175,"url":"https:\/\/wp.ufpel.edu.br\/leppais\/2020\/06\/05\/roda-de-conversa-acao-pandemia-de-narrativas-08-06-15h\/","url_meta":{"origin":3193,"position":1},"title":"Roda de conversa | A\u00e7\u00e3o Pandemia de Narrativas &#8211; 08\/06 &#8211; 15h","author":"antropologia","date":"05\/06\/2020","format":false,"excerpt":"Link https:\/\/webconf.ufpel.edu.br\/b\/dan-37v-nxk","rel":"","context":"Em &quot;Antropo\u00e9ticas&quot;","block_context":{"text":"Antropo\u00e9ticas","link":"https:\/\/wp.ufpel.edu.br\/leppais\/category\/antropoeticas\/"},"img":{"alt_text":"","src":"https:\/\/i0.wp.com\/wp.ufpel.edu.br\/leppais\/files\/2020\/06\/Antropoeticas-Pandemia-de-narrativas.jpg?resize=350%2C200&ssl=1","width":350,"height":200,"srcset":"https:\/\/i0.wp.com\/wp.ufpel.edu.br\/leppais\/files\/2020\/06\/Antropoeticas-Pandemia-de-narrativas.jpg?resize=350%2C200&ssl=1 1x, https:\/\/i0.wp.com\/wp.ufpel.edu.br\/leppais\/files\/2020\/06\/Antropoeticas-Pandemia-de-narrativas.jpg?resize=525%2C300&ssl=1 1.5x, https:\/\/i0.wp.com\/wp.ufpel.edu.br\/leppais\/files\/2020\/06\/Antropoeticas-Pandemia-de-narrativas.jpg?resize=700%2C400&ssl=1 2x"},"classes":[]},{"id":3196,"url":"https:\/\/wp.ufpel.edu.br\/leppais\/2020\/07\/14\/oficina-de-bordado-passo-agulha-com-potira-faria-uff-16-07-2020-15h\/","url_meta":{"origin":3193,"position":2},"title":"Oficina de bordado : Passo-agulha com Potira Faria (UFF) &#8211; 16\/07\/2020 &#8211; 15h","author":"antropologia","date":"14\/07\/2020","format":false,"excerpt":"Link https:\/\/webconf.ufpel.edu.br\/b\/dan-37v-nxk","rel":"","context":"Em &quot;Antropo\u00e9ticas&quot;","block_context":{"text":"Antropo\u00e9ticas","link":"https:\/\/wp.ufpel.edu.br\/leppais\/category\/antropoeticas\/"},"img":{"alt_text":"","src":"https:\/\/i0.wp.com\/wp.ufpel.edu.br\/leppais\/files\/2020\/07\/Antropoeticas-OficinaBordado.jpg?resize=350%2C200&ssl=1","width":350,"height":200,"srcset":"https:\/\/i0.wp.com\/wp.ufpel.edu.br\/leppais\/files\/2020\/07\/Antropoeticas-OficinaBordado.jpg?resize=350%2C200&ssl=1 1x, https:\/\/i0.wp.com\/wp.ufpel.edu.br\/leppais\/files\/2020\/07\/Antropoeticas-OficinaBordado.jpg?resize=525%2C300&ssl=1 1.5x, https:\/\/i0.wp.com\/wp.ufpel.edu.br\/leppais\/files\/2020\/07\/Antropoeticas-OficinaBordado.jpg?resize=700%2C400&ssl=1 2x"},"classes":[]},{"id":3116,"url":"https:\/\/wp.ufpel.edu.br\/leppais\/2020\/04\/24\/imagens-em-circulacao-os-cartoes-postais-do-dia-do-patrimonio-pelotas-rs-pierre-chagas\/","url_meta":{"origin":3193,"position":3},"title":"Imagens em circula\u00e7\u00e3o: os cart\u00f5es-postais do Dia do Patrim\u00f4nio &#8211; Pelotas\/RS &#8211; Pierre Chagas","author":"antropologia","date":"24\/04\/2020","format":false,"excerpt":"Link https:\/\/webconf.ufpel.edu.br\/b\/dan-37v-nxk","rel":"","context":"Em &quot;Antropo\u00e9ticas&quot;","block_context":{"text":"Antropo\u00e9ticas","link":"https:\/\/wp.ufpel.edu.br\/leppais\/category\/antropoeticas\/"},"img":{"alt_text":"","src":"https:\/\/i0.wp.com\/wp.ufpel.edu.br\/leppais\/files\/2020\/04\/Antropoeticas-PierreChagas.jpg?resize=350%2C200&ssl=1","width":350,"height":200,"srcset":"https:\/\/i0.wp.com\/wp.ufpel.edu.br\/leppais\/files\/2020\/04\/Antropoeticas-PierreChagas.jpg?resize=350%2C200&ssl=1 1x, https:\/\/i0.wp.com\/wp.ufpel.edu.br\/leppais\/files\/2020\/04\/Antropoeticas-PierreChagas.jpg?resize=525%2C300&ssl=1 1.5x, https:\/\/i0.wp.com\/wp.ufpel.edu.br\/leppais\/files\/2020\/04\/Antropoeticas-PierreChagas.jpg?resize=700%2C400&ssl=1 2x"},"classes":[]},{"id":3122,"url":"https:\/\/wp.ufpel.edu.br\/leppais\/2020\/04\/29\/cartografia-do-cuidado-de-pessoas-em-situacao-de-rua-de-novo-hamburgo-bino-zwetsch\/","url_meta":{"origin":3193,"position":4},"title":"Cartografia do cuidado de pessoas em situa\u00e7\u00e3o de rua de Novo Hamburgo &#8211; Bin\u00f4 Zwetsch","author":"antropologia","date":"29\/04\/2020","format":false,"excerpt":"Link https:\/\/webconf.ufpel.edu.br\/b\/dan-37v-nxk","rel":"","context":"Em &quot;Antropo\u00e9ticas&quot;","block_context":{"text":"Antropo\u00e9ticas","link":"https:\/\/wp.ufpel.edu.br\/leppais\/category\/antropoeticas\/"},"img":{"alt_text":"","src":"https:\/\/i0.wp.com\/wp.ufpel.edu.br\/leppais\/files\/2020\/04\/Antropoeticas-Bino-Zwetsch-209x300.jpg?resize=350%2C200&ssl=1","width":350,"height":200},"classes":[]},{"id":3105,"url":"https:\/\/wp.ufpel.edu.br\/leppais\/2020\/04\/20\/calcadao-da-andrade-neves-o-que-pelotas-narra-a-partir-da-comida-de-rua-guilherme-rodrigues\/","url_meta":{"origin":3193,"position":5},"title":"Cal\u00e7ad\u00e3o da Andrade Neves: o que Pelotas narra a partir da comida de rua &#8211; Guilherme Rodrigues","author":"antropologia","date":"20\/04\/2020","format":false,"excerpt":"Link https:\/\/webconf.ufpel.edu.br\/b\/dan-37v-nxk","rel":"","context":"Em &quot;Antropo\u00e9ticas&quot;","block_context":{"text":"Antropo\u00e9ticas","link":"https:\/\/wp.ufpel.edu.br\/leppais\/category\/antropoeticas\/"},"img":{"alt_text":"","src":"https:\/\/i0.wp.com\/wp.ufpel.edu.br\/leppais\/files\/2020\/04\/Antropoeticas-GuilhermeRodrigues-786x1024.jpg?resize=350%2C200&ssl=1","width":350,"height":200},"classes":[]}],"jetpack_likes_enabled":true,"_links":{"self":[{"href":"https:\/\/wp.ufpel.edu.br\/leppais\/wp-json\/wp\/v2\/posts\/3193","targetHints":{"allow":["GET"]}}],"collection":[{"href":"https:\/\/wp.ufpel.edu.br\/leppais\/wp-json\/wp\/v2\/posts"}],"about":[{"href":"https:\/\/wp.ufpel.edu.br\/leppais\/wp-json\/wp\/v2\/types\/post"}],"author":[{"embeddable":true,"href":"https:\/\/wp.ufpel.edu.br\/leppais\/wp-json\/wp\/v2\/users\/641"}],"replies":[{"embeddable":true,"href":"https:\/\/wp.ufpel.edu.br\/leppais\/wp-json\/wp\/v2\/comments?post=3193"}],"version-history":[{"count":1,"href":"https:\/\/wp.ufpel.edu.br\/leppais\/wp-json\/wp\/v2\/posts\/3193\/revisions"}],"predecessor-version":[{"id":3195,"href":"https:\/\/wp.ufpel.edu.br\/leppais\/wp-json\/wp\/v2\/posts\/3193\/revisions\/3195"}],"wp:attachment":[{"href":"https:\/\/wp.ufpel.edu.br\/leppais\/wp-json\/wp\/v2\/media?parent=3193"}],"wp:term":[{"taxonomy":"category","embeddable":true,"href":"https:\/\/wp.ufpel.edu.br\/leppais\/wp-json\/wp\/v2\/categories?post=3193"},{"taxonomy":"post_tag","embeddable":true,"href":"https:\/\/wp.ufpel.edu.br\/leppais\/wp-json\/wp\/v2\/tags?post=3193"}],"curies":[{"name":"wp","href":"https:\/\/api.w.org\/{rel}","templated":true}]}}