{"id":3183,"date":"2020-06-17T20:49:49","date_gmt":"2020-06-17T23:49:49","guid":{"rendered":"https:\/\/wp.ufpel.edu.br\/leppais\/?p=3183"},"modified":"2020-06-17T20:49:49","modified_gmt":"2020-06-17T23:49:49","slug":"oficina-experimental-de-desenho-e-escrita-etnografica-mascaras-trajetos-e-estrategias-na-relacao-corpo-cidade-em-tempos-de-pandemia","status":"publish","type":"post","link":"https:\/\/wp.ufpel.edu.br\/leppais\/2020\/06\/17\/oficina-experimental-de-desenho-e-escrita-etnografica-mascaras-trajetos-e-estrategias-na-relacao-corpo-cidade-em-tempos-de-pandemia\/","title":{"rendered":"Oficina experimental de desenho e escrita etnogr\u00e1fica: m\u00e1scaras, trajetos e estrat\u00e9gias na rela\u00e7\u00e3o corpo\/cidade em tempos de pandemia"},"content":{"rendered":"<p>Oficina experimental de desenho e escrita etnogr\u00e1fica: m\u00e1scaras, trajetos e estrat\u00e9gias na rela\u00e7\u00e3o corpo\/cidade em tempos de pandemia<\/p>\n<p><img data-recalc-dims=\"1\" loading=\"lazy\" decoding=\"async\" data-attachment-id=\"3184\" data-permalink=\"https:\/\/wp.ufpel.edu.br\/leppais\/2020\/06\/17\/oficina-experimental-de-desenho-e-escrita-etnografica-mascaras-trajetos-e-estrategias-na-relacao-corpo-cidade-em-tempos-de-pandemia\/antropoeticas-oficinaexperimentaldesenhoescrita_v2\/\" data-orig-file=\"https:\/\/i0.wp.com\/wp.ufpel.edu.br\/leppais\/files\/2020\/06\/Antropoeticas-OficinaExperimentalDesenhoEscrita_v2.jpg?fit=1000%2C1000&amp;ssl=1\" data-orig-size=\"1000,1000\" data-comments-opened=\"0\" data-image-meta=\"{&quot;aperture&quot;:&quot;0&quot;,&quot;credit&quot;:&quot;Hamilton Bittencourt&quot;,&quot;camera&quot;:&quot;&quot;,&quot;caption&quot;:&quot;&quot;,&quot;created_timestamp&quot;:&quot;0&quot;,&quot;copyright&quot;:&quot;\\u00a92019 Hamilton Bittencourt&quot;,&quot;focal_length&quot;:&quot;0&quot;,&quot;iso&quot;:&quot;0&quot;,&quot;shutter_speed&quot;:&quot;0&quot;,&quot;title&quot;:&quot;&quot;,&quot;orientation&quot;:&quot;0&quot;}\" data-image-title=\"Antropoeticas-OficinaExperimentalDesenhoEscrita_v2\" data-image-description=\"\" data-image-caption=\"\" data-medium-file=\"https:\/\/i0.wp.com\/wp.ufpel.edu.br\/leppais\/files\/2020\/06\/Antropoeticas-OficinaExperimentalDesenhoEscrita_v2.jpg?fit=300%2C300&amp;ssl=1\" data-large-file=\"https:\/\/i0.wp.com\/wp.ufpel.edu.br\/leppais\/files\/2020\/06\/Antropoeticas-OficinaExperimentalDesenhoEscrita_v2.jpg?fit=584%2C584&amp;ssl=1\" class=\"alignnone size-full wp-image-3184\" src=\"https:\/\/i0.wp.com\/wp.ufpel.edu.br\/leppais\/files\/2020\/06\/Antropoeticas-OficinaExperimentalDesenhoEscrita_v2.jpg?resize=584%2C584&#038;ssl=1\" alt=\"\" width=\"584\" height=\"584\" srcset=\"https:\/\/i0.wp.com\/wp.ufpel.edu.br\/leppais\/files\/2020\/06\/Antropoeticas-OficinaExperimentalDesenhoEscrita_v2.jpg?w=1000&amp;ssl=1 1000w, https:\/\/i0.wp.com\/wp.ufpel.edu.br\/leppais\/files\/2020\/06\/Antropoeticas-OficinaExperimentalDesenhoEscrita_v2.jpg?resize=300%2C300&amp;ssl=1 300w, https:\/\/i0.wp.com\/wp.ufpel.edu.br\/leppais\/files\/2020\/06\/Antropoeticas-OficinaExperimentalDesenhoEscrita_v2.jpg?resize=150%2C150&amp;ssl=1 150w, https:\/\/i0.wp.com\/wp.ufpel.edu.br\/leppais\/files\/2020\/06\/Antropoeticas-OficinaExperimentalDesenhoEscrita_v2.jpg?resize=768%2C768&amp;ssl=1 768w, https:\/\/i0.wp.com\/wp.ufpel.edu.br\/leppais\/files\/2020\/06\/Antropoeticas-OficinaExperimentalDesenhoEscrita_v2.jpg?resize=50%2C50&amp;ssl=1 50w\" sizes=\"auto, (max-width: 584px) 100vw, 584px\" \/><\/p>\n<p>Com atestado de participa\u00e7\u00e3o<\/p>\n<p>Link<br \/>\n<strong><a href=\"https:\/\/webconf.ufpel.edu.br\/b\/dan-37v-nxk\">https:\/\/webconf.ufpel.edu.br\/b\/dan-37v-nxk<\/a><\/strong><\/p>\n","protected":false},"excerpt":{"rendered":"<p>Oficina experimental de desenho e escrita etnogr\u00e1fica: m\u00e1scaras, trajetos e estrat\u00e9gias na rela\u00e7\u00e3o corpo\/cidade em tempos de pandemia Com atestado de participa\u00e7\u00e3o Link https:\/\/webconf.ufpel.edu.br\/b\/dan-37v-nxk<\/p>\n","protected":false},"author":641,"featured_media":0,"comment_status":"closed","ping_status":"closed","sticky":false,"template":"","format":"standard","meta":{"advanced_seo_description":"","jetpack_seo_html_title":"","jetpack_seo_noindex":false,"jetpack_post_was_ever_published":false,"_jetpack_newsletter_access":"","_jetpack_dont_email_post_to_subs":false,"_jetpack_newsletter_tier_id":0,"_jetpack_memberships_contains_paywalled_content":false,"_jetpack_memberships_contains_paid_content":false,"footnotes":"","jetpack_publicize_message":"","jetpack_publicize_feature_enabled":true,"jetpack_social_post_already_shared":true,"jetpack_social_options":{"image_generator_settings":{"template":"highway","default_image_id":0,"font":"","enabled":false},"version":2}},"categories":[2,3],"tags":[],"class_list":["post-3183","post","type-post","status-publish","format-standard","hentry","category-antropoeticas","category-atividades"],"jetpack_publicize_connections":[],"jetpack_featured_media_url":"","jetpack_sharing_enabled":true,"jetpack_shortlink":"https:\/\/wp.me\/payVYo-Pl","jetpack-related-posts":[{"id":2953,"url":"https:\/\/wp.ufpel.edu.br\/leppais\/2019\/11\/13\/oficina-acoes-antropoeticas-entre-veias-abertas-pela-fluidez-do-metodo\/","url_meta":{"origin":3183,"position":0},"title":"Oficina: A\u00e7\u00f5es Antropo\u00e9ticas entre veias abertas: pela fluidez do m\u00e9todo","author":"antropologia","date":"13\/11\/2019","format":false,"excerpt":"Semana Acad\u00eamica das Ci\u00eancias Sociais\/ 2019 Tema: Crise Social: as veias abertas da Am\u00e9rica Latina Coordenadoras: Prof\u00aa. Dr\u00aa. Daniele Borges Bezerra, graduandas Wemilly Soares; Vit\u00f3ria Lima, Amanda Winter e doutoranda Tanize Garcia A oficina foi pensada para, atrav\u00e9s do desenho e do som, promover uma experi\u00eancia narrativa tendo em mente\u2026","rel":"","context":"Em &quot;Eventos&quot;","block_context":{"text":"Eventos","link":"https:\/\/wp.ufpel.edu.br\/leppais\/category\/eventos\/"},"img":{"alt_text":"","src":"https:\/\/i0.wp.com\/wp.ufpel.edu.br\/leppais\/files\/2019\/11\/Etapa-1-Desenhando-sob-a-mesa-IMG_3544.jpg?resize=350%2C200","width":350,"height":200,"srcset":"https:\/\/i0.wp.com\/wp.ufpel.edu.br\/leppais\/files\/2019\/11\/Etapa-1-Desenhando-sob-a-mesa-IMG_3544.jpg?resize=350%2C200 1x, https:\/\/i0.wp.com\/wp.ufpel.edu.br\/leppais\/files\/2019\/11\/Etapa-1-Desenhando-sob-a-mesa-IMG_3544.jpg?resize=525%2C300 1.5x, https:\/\/i0.wp.com\/wp.ufpel.edu.br\/leppais\/files\/2019\/11\/Etapa-1-Desenhando-sob-a-mesa-IMG_3544.jpg?resize=700%2C400 2x"},"classes":[]},{"id":2807,"url":"https:\/\/wp.ufpel.edu.br\/leppais\/2019\/08\/08\/fotos-xiii-ram-porto-alegre-2019\/","url_meta":{"origin":3183,"position":1},"title":"Fotos XIII RAM &#8211; Porto Alegre 2019","author":"antropologia","date":"08\/08\/2019","format":false,"excerpt":"OF 02) Oficina Antropo\u00e9ticas: etnografia, criatividade e outras grafias Dia 23\/07, na primeira sess\u00e3o, Teceremos reflex\u00f5es que nos acompanham e instigam, atravessando a Escrita, o Desenho, a Montagem com imagens e a Bricolagem. Em um primeiro momento, traremos os trabalhos de Gloria Anzald\u00faa, Silvia Cusicanqui, Tim Ingold, Donna Haraway, numa\u2026","rel":"","context":"Em &quot;Not\u00edcias&quot;","block_context":{"text":"Not\u00edcias","link":"https:\/\/wp.ufpel.edu.br\/leppais\/category\/noticias\/"},"img":{"alt_text":"","src":"https:\/\/i0.wp.com\/wp.ufpel.edu.br\/leppais\/files\/2019\/08\/IMG-20190808-WA0056.jpg?resize=350%2C200","width":350,"height":200,"srcset":"https:\/\/i0.wp.com\/wp.ufpel.edu.br\/leppais\/files\/2019\/08\/IMG-20190808-WA0056.jpg?resize=350%2C200 1x, https:\/\/i0.wp.com\/wp.ufpel.edu.br\/leppais\/files\/2019\/08\/IMG-20190808-WA0056.jpg?resize=525%2C300 1.5x, https:\/\/i0.wp.com\/wp.ufpel.edu.br\/leppais\/files\/2019\/08\/IMG-20190808-WA0056.jpg?resize=700%2C400 2x"},"classes":[]},{"id":3351,"url":"https:\/\/wp.ufpel.edu.br\/leppais\/2021\/02\/23\/sobre-vivencias-em-tempos-de-pandemia-memorias-em-ensaio\/","url_meta":{"origin":3183,"position":2},"title":"(Sobre) viv\u00eancias em tempos de pandemia: mem\u00f3rias em ensaio","author":"antropologia","date":"23\/02\/2021","format":false,"excerpt":"Convidamos tod@s a contribuir com trabalhos para o dossi\u00ea \"(Sobre) viv\u00eancias em tempos de pandemia: mem\u00f3rias em ensaio\", organizado por Daniele Borges e Alex Naka\u00f3ka para a Revista Fotocronografias!! \"A tarefa e o dever deste dossi\u00ea \u00e9 compor um arquivo imag\u00e9tico cuja relev\u00e2ncia se aparenta urgente e necess\u00e1ria, visto que,\u2026","rel":"","context":"Em &quot;Divulga\u00e7\u00e3o&quot;","block_context":{"text":"Divulga\u00e7\u00e3o","link":"https:\/\/wp.ufpel.edu.br\/leppais\/category\/divulgacao\/"},"img":{"alt_text":"","src":"https:\/\/i0.wp.com\/wp.ufpel.edu.br\/leppais\/files\/2021\/02\/Dossie-chamada.jpeg?resize=350%2C200&ssl=1","width":350,"height":200,"srcset":"https:\/\/i0.wp.com\/wp.ufpel.edu.br\/leppais\/files\/2021\/02\/Dossie-chamada.jpeg?resize=350%2C200&ssl=1 1x, https:\/\/i0.wp.com\/wp.ufpel.edu.br\/leppais\/files\/2021\/02\/Dossie-chamada.jpeg?resize=525%2C300&ssl=1 1.5x, https:\/\/i0.wp.com\/wp.ufpel.edu.br\/leppais\/files\/2021\/02\/Dossie-chamada.jpeg?resize=700%2C400&ssl=1 2x, https:\/\/i0.wp.com\/wp.ufpel.edu.br\/leppais\/files\/2021\/02\/Dossie-chamada.jpeg?resize=1050%2C600&ssl=1 3x"},"classes":[]},{"id":4236,"url":"https:\/\/wp.ufpel.edu.br\/leppais\/2025\/04\/24\/se-fazer-experimento-inesperado-oficina-multigrafica-entre-pessoas-trans-e-travestis-wemi-soares\/","url_meta":{"origin":3183,"position":3},"title":"SE FAZER EXPERIMENTO INESPERADO: oficina multigr\u00e1fica entre pessoas trans e travestis- wemi soares","author":"antropologia","date":"24\/04\/2025","format":false,"excerpt":"Link do formul\u00e1rio para inscri\u00e7\u00e3o","rel":"","context":"Em &quot;Convite&quot;","block_context":{"text":"Convite","link":"https:\/\/wp.ufpel.edu.br\/leppais\/category\/convite\/"},"img":{"alt_text":"","src":"https:\/\/i0.wp.com\/wp.ufpel.edu.br\/leppais\/files\/2025\/04\/IMG-20250423-WA0143.jpg?resize=350%2C200&ssl=1","width":350,"height":200,"srcset":"https:\/\/i0.wp.com\/wp.ufpel.edu.br\/leppais\/files\/2025\/04\/IMG-20250423-WA0143.jpg?resize=350%2C200&ssl=1 1x, https:\/\/i0.wp.com\/wp.ufpel.edu.br\/leppais\/files\/2025\/04\/IMG-20250423-WA0143.jpg?resize=525%2C300&ssl=1 1.5x, https:\/\/i0.wp.com\/wp.ufpel.edu.br\/leppais\/files\/2025\/04\/IMG-20250423-WA0143.jpg?resize=700%2C400&ssl=1 2x, https:\/\/i0.wp.com\/wp.ufpel.edu.br\/leppais\/files\/2025\/04\/IMG-20250423-WA0143.jpg?resize=1050%2C600&ssl=1 3x"},"classes":[]},{"id":620,"url":"https:\/\/wp.ufpel.edu.br\/leppais\/2016\/10\/08\/confraternizacao-grapeti-e-geeur\/","url_meta":{"origin":3183,"position":4},"title":"Confraterniza\u00e7\u00e3o GRAPETI e GEEUR","author":"antropologia","date":"08\/10\/2016","format":false,"excerpt":"Festa de confraterniza\u00e7\u00e3o entre o GRAPETI (Grupo de Apoio \u00e0 Pesquisa Etnogr\u00e1fica com Imagem) e o GEEUR (Grupo de Estudos Etnogr\u00e1ficos Urbanos) em decorr\u00eancia da participa\u00e7\u00e3o de discentes e docentes na SIEPE (Congresso cient\u00edfico da UFPel que envolve inicia\u00e7\u00e3o cient\u00edfica - CIC, ensino de gradua\u00e7\u00e3o - CEG, extens\u00e3o e cultura\u2026","rel":"","context":"Em &quot;GRAPETI&quot;","block_context":{"text":"GRAPETI","link":"https:\/\/wp.ufpel.edu.br\/leppais\/category\/grapeti\/"},"img":{"alt_text":"","src":"https:\/\/i0.wp.com\/wp.ufpel.edu.br\/leppais\/files\/2016\/10\/festasiepecegciccec.gif?resize=350%2C200","width":350,"height":200,"srcset":"https:\/\/i0.wp.com\/wp.ufpel.edu.br\/leppais\/files\/2016\/10\/festasiepecegciccec.gif?resize=350%2C200 1x, https:\/\/i0.wp.com\/wp.ufpel.edu.br\/leppais\/files\/2016\/10\/festasiepecegciccec.gif?resize=525%2C300 1.5x, https:\/\/i0.wp.com\/wp.ufpel.edu.br\/leppais\/files\/2016\/10\/festasiepecegciccec.gif?resize=700%2C400 2x"},"classes":[]},{"id":202,"url":"https:\/\/wp.ufpel.edu.br\/leppais\/2014\/08\/19\/29a-rba-oficina-de-ensaios-fotograficos-do-premio-pierre-verger\/","url_meta":{"origin":3183,"position":5},"title":"29\u00aa RBA &#8211; Oficina de Ensaios Fotogr\u00e1ficos do Pr\u00eamio Pierre Verger","author":"antropologia","date":"19\/08\/2014","format":false,"excerpt":"\u00a0 Datas: 04 \u00e0 06 de agosto Hor\u00e1rio: 08:00 \u00e0s 09:30 LOCAL: GALERIA M\u00d3VEL (CONTAINER DA ZOOM) Tempo de apresenta\u00e7\u00e3o (oral e com proje\u00e7\u00e3o dos ensaios em power point): 15 min Coordenadoras: Claudia Turra Magni (UFPel) Paula Morgado Lopes (USP) Debatedores: Andreas Valentin (UERJ\/IUPERJ) Yara Schreiber Dines (USP) Resumo: O\u2026","rel":"","context":"Em &quot;Eventos&quot;","block_context":{"text":"Eventos","link":"https:\/\/wp.ufpel.edu.br\/leppais\/category\/eventos\/"},"img":{"alt_text":"","src":"https:\/\/i0.wp.com\/wp.ufpel.edu.br\/leppais\/files\/2014\/08\/ppv_oficina23.jpg?resize=350%2C200&ssl=1","width":350,"height":200,"srcset":"https:\/\/i0.wp.com\/wp.ufpel.edu.br\/leppais\/files\/2014\/08\/ppv_oficina23.jpg?resize=350%2C200&ssl=1 1x, https:\/\/i0.wp.com\/wp.ufpel.edu.br\/leppais\/files\/2014\/08\/ppv_oficina23.jpg?resize=525%2C300&ssl=1 1.5x, https:\/\/i0.wp.com\/wp.ufpel.edu.br\/leppais\/files\/2014\/08\/ppv_oficina23.jpg?resize=700%2C400&ssl=1 2x, https:\/\/i0.wp.com\/wp.ufpel.edu.br\/leppais\/files\/2014\/08\/ppv_oficina23.jpg?resize=1050%2C600&ssl=1 3x, https:\/\/i0.wp.com\/wp.ufpel.edu.br\/leppais\/files\/2014\/08\/ppv_oficina23.jpg?resize=1400%2C800&ssl=1 4x"},"classes":[]}],"jetpack_likes_enabled":true,"_links":{"self":[{"href":"https:\/\/wp.ufpel.edu.br\/leppais\/wp-json\/wp\/v2\/posts\/3183","targetHints":{"allow":["GET"]}}],"collection":[{"href":"https:\/\/wp.ufpel.edu.br\/leppais\/wp-json\/wp\/v2\/posts"}],"about":[{"href":"https:\/\/wp.ufpel.edu.br\/leppais\/wp-json\/wp\/v2\/types\/post"}],"author":[{"embeddable":true,"href":"https:\/\/wp.ufpel.edu.br\/leppais\/wp-json\/wp\/v2\/users\/641"}],"replies":[{"embeddable":true,"href":"https:\/\/wp.ufpel.edu.br\/leppais\/wp-json\/wp\/v2\/comments?post=3183"}],"version-history":[{"count":1,"href":"https:\/\/wp.ufpel.edu.br\/leppais\/wp-json\/wp\/v2\/posts\/3183\/revisions"}],"predecessor-version":[{"id":3185,"href":"https:\/\/wp.ufpel.edu.br\/leppais\/wp-json\/wp\/v2\/posts\/3183\/revisions\/3185"}],"wp:attachment":[{"href":"https:\/\/wp.ufpel.edu.br\/leppais\/wp-json\/wp\/v2\/media?parent=3183"}],"wp:term":[{"taxonomy":"category","embeddable":true,"href":"https:\/\/wp.ufpel.edu.br\/leppais\/wp-json\/wp\/v2\/categories?post=3183"},{"taxonomy":"post_tag","embeddable":true,"href":"https:\/\/wp.ufpel.edu.br\/leppais\/wp-json\/wp\/v2\/tags?post=3183"}],"curies":[{"name":"wp","href":"https:\/\/api.w.org\/{rel}","templated":true}]}}