{"id":3101,"date":"2020-04-20T14:34:28","date_gmt":"2020-04-20T17:34:28","guid":{"rendered":"https:\/\/wp.ufpel.edu.br\/leppais\/?p=3101"},"modified":"2020-04-20T16:14:51","modified_gmt":"2020-04-20T19:14:51","slug":"pandemia-de-narrativas-vida-em-quarentena","status":"publish","type":"post","link":"https:\/\/wp.ufpel.edu.br\/leppais\/2020\/04\/20\/pandemia-de-narrativas-vida-em-quarentena\/","title":{"rendered":"Pandemia de narrativas: vida em quarentena"},"content":{"rendered":"<p style=\"text-align: justify\"><img data-recalc-dims=\"1\" loading=\"lazy\" decoding=\"async\" data-attachment-id=\"3102\" data-permalink=\"https:\/\/wp.ufpel.edu.br\/leppais\/2020\/04\/20\/pandemia-de-narrativas-vida-em-quarentena\/post-chave\/\" data-orig-file=\"https:\/\/i0.wp.com\/wp.ufpel.edu.br\/leppais\/files\/2020\/04\/post-chave.jpg?fit=1200%2C1200&amp;ssl=1\" data-orig-size=\"1200,1200\" data-comments-opened=\"0\" data-image-meta=\"{&quot;aperture&quot;:&quot;0&quot;,&quot;credit&quot;:&quot;&quot;,&quot;camera&quot;:&quot;&quot;,&quot;caption&quot;:&quot;&quot;,&quot;created_timestamp&quot;:&quot;0&quot;,&quot;copyright&quot;:&quot;&quot;,&quot;focal_length&quot;:&quot;0&quot;,&quot;iso&quot;:&quot;0&quot;,&quot;shutter_speed&quot;:&quot;0&quot;,&quot;title&quot;:&quot;&quot;,&quot;orientation&quot;:&quot;1&quot;}\" data-image-title=\"post chave\" data-image-description=\"\" data-image-caption=\"\" data-medium-file=\"https:\/\/i0.wp.com\/wp.ufpel.edu.br\/leppais\/files\/2020\/04\/post-chave.jpg?fit=300%2C300&amp;ssl=1\" data-large-file=\"https:\/\/i0.wp.com\/wp.ufpel.edu.br\/leppais\/files\/2020\/04\/post-chave.jpg?fit=584%2C584&amp;ssl=1\" class=\"alignnone size-full wp-image-3102\" src=\"https:\/\/i0.wp.com\/wp.ufpel.edu.br\/leppais\/files\/2020\/04\/post-chave.jpg?resize=584%2C584&#038;ssl=1\" alt=\"\" width=\"584\" height=\"584\" srcset=\"https:\/\/i0.wp.com\/wp.ufpel.edu.br\/leppais\/files\/2020\/04\/post-chave.jpg?w=1200&amp;ssl=1 1200w, https:\/\/i0.wp.com\/wp.ufpel.edu.br\/leppais\/files\/2020\/04\/post-chave.jpg?resize=300%2C300&amp;ssl=1 300w, https:\/\/i0.wp.com\/wp.ufpel.edu.br\/leppais\/files\/2020\/04\/post-chave.jpg?resize=1024%2C1024&amp;ssl=1 1024w, https:\/\/i0.wp.com\/wp.ufpel.edu.br\/leppais\/files\/2020\/04\/post-chave.jpg?resize=150%2C150&amp;ssl=1 150w, https:\/\/i0.wp.com\/wp.ufpel.edu.br\/leppais\/files\/2020\/04\/post-chave.jpg?resize=768%2C768&amp;ssl=1 768w, https:\/\/i0.wp.com\/wp.ufpel.edu.br\/leppais\/files\/2020\/04\/post-chave.jpg?resize=50%2C50&amp;ssl=1 50w\" sizes=\"auto, (max-width: 584px) 100vw, 584px\" \/><\/p>\n<p dir=\"ltr\" style=\"text-align: justify\">Pandemia de narrativas nasce num per\u00edodo em que a Pandemia do Covid-19 nos obriga a tra\u00e7ar novas rotas de viv\u00eancia di\u00e1ria, nos impulsiona a adentrar cada vez mais esse espa\u00e7o denso e concentrado que \u00e9 casa, cada canto, cada brecha,repensando nosso cotidiano e nossas pr\u00e1ticas de circula\u00e7\u00e3o e consumo, o que afeta diretamente nossas emo\u00e7\u00f5es e nos torna mais atentos \u00e0s experi\u00eancias sensoriais que temos diariamente.\u00a0 A arte, em sua pot\u00eancia pol\u00edtica, oferece os meios de express\u00e3o para transcendermos as fronteiras materiais ou simb\u00f3licas percebidas neste momento em que o recolhimento se faz uma forma de cuidado de si e dos outros. Sendo assim, torna-se uma aliada nos processos de representa\u00e7\u00e3o e compartilhamento das emo\u00e7\u00f5es que permeiam as experi\u00eancias individuais e torna poss\u00edvel vislumbrar um cen\u00e1rio compartilhado \u00e0 dist\u00e2ncia, pelo meio virtual.\u00a0 Entendemos as narrativas de si como meios para refletir sobre as viv\u00eancias individuais, partilhadas numa situa\u00e7\u00e3o social comum: a quarentena. As narrativas tornam-se, assim, meios de expressar e provocar emo\u00e7\u00f5es, se (re)perceber e arremessar afora qualquer sentimento latente. Nosso objetivo \u00e9, portanto, estimular reflex\u00f5es sobre Tempo, Espa\u00e7o, Percep\u00e7\u00e3o, Cuidado, \u00c9tica, Afetos e Vida. E, a partir disso, estimular o compartilhamento de produ\u00e7\u00f5es que estejam sendo feitas durante o per\u00edodo da quarentena com o objetivo de expressar emo\u00e7\u00f5es e refletir sobre o per\u00edodo atual.<\/p>\n<p dir=\"ltr\" style=\"text-align: justify\">Sejam bem-vindes!<\/p>\n<p dir=\"ltr\" style=\"text-align: justify\">A a\u00e7\u00e3o \u00e9 desenvolvida por professores e alunos que integram o projeto de pesquisa Antropo\u00e9ticas, vinculado ao LEPPAIS.<\/p>\n<p dir=\"ltr\" style=\"text-align: justify\">Hashtags: #vidaemquarentena #NarrativasdaQuarentena;\u00a0 #QuarentineDays; #Covid19; #Coronavirus; #isolamentosocial; #antropologia; #ufpel; #leppais; #antropo\u00e9ticas; #pandemiadenarrativas<\/p>\n<p dir=\"ltr\" style=\"text-align: justify\">E-mail: <a href=\"mailto:narrativasdaquarentena@gmail.com\" target=\"_blank\" rel=\"noopener noreferrer\">narrativasdaquarentena@gmail.com<\/a><\/p>\n<p dir=\"ltr\" style=\"text-align: justify\">Insta: <a href=\"https:\/\/www.instagram.com\/pandemiadenarrativas\/\">@pandemiadenarrativas<\/a><\/p>\n<p dir=\"ltr\" style=\"text-align: justify\">SAIBA COMO PARTICIPAR desta PANDEMIA DE NARRATIVAS<\/p>\n<p dir=\"ltr\" style=\"text-align: justify\">Voc\u00ea pode enviar fotografias, desenhos, bordados, colagens, v\u00eddeos, ambi\u00eancias sonoras (de at\u00e9 1 minuto) e poesias, acompanhados ou n\u00e3o de pequenos textos (com at\u00e9 5 frases). No e-mail informe como voc\u00ea gostaria de ser identificade (nome e sobrenome), envie uma pequena biografia (ex.: artista nas horas vagas), o t\u00edtulo da narrativa (quando houver), materiais utilizados (qdo for o caso) e informe o seu Id no Instagram. Depois de nos enviar, por e-mail, siga-nos no Instagram para que possamos marcar voc\u00ea na publica\u00e7\u00e3o.<\/p>\n<p dir=\"ltr\" style=\"text-align: justify\">Requisito \u00fanico: As narrativas devem ter sido produzidas durante a Pandemia de COVID-19<\/p>\n<p dir=\"ltr\" style=\"text-align: justify\">No e-mail voc\u00ea tamb\u00e9m deve informar:\u00a0 Nome do\/a autor\/a; M\u00eas e ano de produ\u00e7\u00e3o; T\u00edtulo da narrativa (se for o caso); T\u00e9cnicas\/ materiais (quando for o caso); Cidade do\/a autor\/a; e Id do Instagram.<\/p>\n<p dir=\"ltr\" style=\"text-align: justify\">Se voc\u00ea tem d\u00favidas envie um e-mail para <a href=\"mailto:narrativasdaquarentena@gmail.com\" target=\"_blank\" rel=\"noopener noreferrer\">narrativasdaquarentena@gmail.com<\/a> e entraremos em contato.<\/p>\n<p style=\"text-align: justify\"><strong>Especifica\u00e7\u00f5es para as Imagens<\/strong><br \/>\nPostagem individual- As fotos ser\u00e3o postadas em formato quadrado (10 x10cm ou 8 x 8cm) e panor\u00e2mica (6x3cm), especifica\u00e7\u00f5es do Instagram.<br \/>\nRecurso carrossel &#8211; Apresenta uma imagem de capa e uma sequ\u00eancia de imagens que podem ser visualizadas clicando na seta de avan\u00e7o para a direita. (At\u00e9 10 fotos podem ser postadas nessa modalidade).<br \/>\nMontagem- As imagens s\u00e3o enviadas pelos autores j\u00e1 em formato quadrado (10 x10 cm ou 8 x 8 cm) e panor\u00e2mica (6&#215;3 cm), especifica\u00e7\u00f5es do Instagram.<\/p>\n<p style=\"text-align: justify\"><strong>Especifica\u00e7\u00f5es para V\u00eddeos e Ambi\u00eancias sonoras<\/strong><br \/>\nDevem ser enviados arquivos em Mp4 (com no m\u00e1ximo 1 minuto), acompanhados de uma imagem a ser utilizada como capa da postagem. Caso n\u00e3o seja enviada utilizaremos nossa capa padr\u00e3o.<\/p>\n<p style=\"text-align: justify\"><strong>Especifica\u00e7\u00f5es para as Poesias<\/strong><br \/>\nPodem ser enviadas em v\u00eddeo (at\u00e9 um minuto) ou por escrito. Se for por escrito o ideal \u00e9 que caibam num Banner de divulga\u00e7\u00e3o do Instagram<\/p>\n","protected":false},"excerpt":{"rendered":"<p>Pandemia de narrativas nasce num per\u00edodo em que a Pandemia do Covid-19 nos obriga a tra\u00e7ar novas rotas de viv\u00eancia di\u00e1ria, nos impulsiona a adentrar cada vez mais esse espa\u00e7o denso e concentrado que \u00e9 casa, cada canto, cada brecha,repensando &hellip; <a href=\"https:\/\/wp.ufpel.edu.br\/leppais\/2020\/04\/20\/pandemia-de-narrativas-vida-em-quarentena\/\">Continue lendo <span class=\"meta-nav\">&rarr;<\/span><\/a><\/p>\n","protected":false},"author":641,"featured_media":0,"comment_status":"closed","ping_status":"closed","sticky":false,"template":"","format":"standard","meta":{"advanced_seo_description":"","jetpack_seo_html_title":"","jetpack_seo_noindex":false,"jetpack_post_was_ever_published":false,"_jetpack_newsletter_access":"","_jetpack_dont_email_post_to_subs":false,"_jetpack_newsletter_tier_id":0,"_jetpack_memberships_contains_paywalled_content":false,"_jetpack_memberships_contains_paid_content":false,"footnotes":"","jetpack_publicize_message":"","jetpack_publicize_feature_enabled":true,"jetpack_social_post_already_shared":true,"jetpack_social_options":{"image_generator_settings":{"template":"highway","default_image_id":0,"font":"","enabled":false},"version":2}},"categories":[2,3,7,24],"tags":[],"class_list":["post-3101","post","type-post","status-publish","format-standard","hentry","category-antropoeticas","category-atividades","category-convite","category-divulgacao"],"jetpack_publicize_connections":[],"jetpack_featured_media_url":"","jetpack_sharing_enabled":true,"jetpack_shortlink":"https:\/\/wp.me\/payVYo-O1","jetpack-related-posts":[{"id":3351,"url":"https:\/\/wp.ufpel.edu.br\/leppais\/2021\/02\/23\/sobre-vivencias-em-tempos-de-pandemia-memorias-em-ensaio\/","url_meta":{"origin":3101,"position":0},"title":"(Sobre) viv\u00eancias em tempos de pandemia: mem\u00f3rias em ensaio","author":"antropologia","date":"23\/02\/2021","format":false,"excerpt":"Convidamos tod@s a contribuir com trabalhos para o dossi\u00ea \"(Sobre) viv\u00eancias em tempos de pandemia: mem\u00f3rias em ensaio\", organizado por Daniele Borges e Alex Naka\u00f3ka para a Revista Fotocronografias!! \"A tarefa e o dever deste dossi\u00ea \u00e9 compor um arquivo imag\u00e9tico cuja relev\u00e2ncia se aparenta urgente e necess\u00e1ria, visto que,\u2026","rel":"","context":"Em &quot;Divulga\u00e7\u00e3o&quot;","block_context":{"text":"Divulga\u00e7\u00e3o","link":"https:\/\/wp.ufpel.edu.br\/leppais\/category\/divulgacao\/"},"img":{"alt_text":"","src":"https:\/\/i0.wp.com\/wp.ufpel.edu.br\/leppais\/files\/2021\/02\/Dossie-chamada.jpeg?resize=350%2C200&ssl=1","width":350,"height":200,"srcset":"https:\/\/i0.wp.com\/wp.ufpel.edu.br\/leppais\/files\/2021\/02\/Dossie-chamada.jpeg?resize=350%2C200&ssl=1 1x, https:\/\/i0.wp.com\/wp.ufpel.edu.br\/leppais\/files\/2021\/02\/Dossie-chamada.jpeg?resize=525%2C300&ssl=1 1.5x, https:\/\/i0.wp.com\/wp.ufpel.edu.br\/leppais\/files\/2021\/02\/Dossie-chamada.jpeg?resize=700%2C400&ssl=1 2x, https:\/\/i0.wp.com\/wp.ufpel.edu.br\/leppais\/files\/2021\/02\/Dossie-chamada.jpeg?resize=1050%2C600&ssl=1 3x"},"classes":[]},{"id":3488,"url":"https:\/\/wp.ufpel.edu.br\/leppais\/2022\/05\/19\/ebook-pandemia-de-narrativas\/","url_meta":{"origin":3101,"position":1},"title":"Ebook Pandemia de Narrativas","author":"antropologia","date":"19\/05\/2022","format":false,"excerpt":"Temos o prazer de compartilhar o ebook do livro Pandemia de Narrativas - Vida em Quarentena: Um Hipertexto Sobre Tempo, Corpos e Afetos, dispon\u00edvel em: https:\/\/drive.google.com\/file\/d\/16p-Iz5Uu-4eXT0xLsbV9TZerQxX-kTUx\/view?usp=sharing. O @pandemiadenarrativas\u00a0foi criado como um espa\u00e7o de partilha de sensa\u00e7\u00f5es e afetos que surgiam com o desafio da nova rotina imposta pela pandemia de\u2026","rel":"","context":"Em &quot;Antropo\u00e9ticas&quot;","block_context":{"text":"Antropo\u00e9ticas","link":"https:\/\/wp.ufpel.edu.br\/leppais\/category\/antropoeticas\/"},"img":{"alt_text":"","src":"https:\/\/i0.wp.com\/wp.ufpel.edu.br\/leppais\/files\/2022\/05\/Cartaz.jpg?resize=350%2C200&ssl=1","width":350,"height":200,"srcset":"https:\/\/i0.wp.com\/wp.ufpel.edu.br\/leppais\/files\/2022\/05\/Cartaz.jpg?resize=350%2C200&ssl=1 1x, https:\/\/i0.wp.com\/wp.ufpel.edu.br\/leppais\/files\/2022\/05\/Cartaz.jpg?resize=525%2C300&ssl=1 1.5x, https:\/\/i0.wp.com\/wp.ufpel.edu.br\/leppais\/files\/2022\/05\/Cartaz.jpg?resize=700%2C400&ssl=1 2x"},"classes":[]},{"id":3227,"url":"https:\/\/wp.ufpel.edu.br\/leppais\/2020\/08\/10\/iv-encontro-de-antropologia-visual-da-america-amazonica\/","url_meta":{"origin":3101,"position":2},"title":"IV Encontro de Antropologia Visual da Am\u00e9rica Amaz\u00f4nica","author":"antropologia","date":"10\/08\/2020","format":false,"excerpt":"O IV Encontro de Antropologia Visual da Am\u00e9rica Amaz\u00f4nica acontecer\u00e1 entre os dias 17 e 20 de novembro de 2020, de modo totalmente online seguindo a tend\u00eancia mundial de realiza\u00e7\u00e3o de eventos para este ano. Junte-se a n\u00f3s, resistamos! https:\/\/eavaam.com.br\/2020\/ \u00a0 Convidamos todes a participarem do nosso: GT05 \u2013 A\u2026","rel":"","context":"Em &quot;Divulga\u00e7\u00e3o&quot;","block_context":{"text":"Divulga\u00e7\u00e3o","link":"https:\/\/wp.ufpel.edu.br\/leppais\/category\/divulgacao\/"},"img":{"alt_text":"","src":"https:\/\/i0.wp.com\/wp.ufpel.edu.br\/leppais\/files\/2020\/08\/IV-EAVAAM.jpg?resize=350%2C200&ssl=1","width":350,"height":200,"srcset":"https:\/\/i0.wp.com\/wp.ufpel.edu.br\/leppais\/files\/2020\/08\/IV-EAVAAM.jpg?resize=350%2C200&ssl=1 1x, https:\/\/i0.wp.com\/wp.ufpel.edu.br\/leppais\/files\/2020\/08\/IV-EAVAAM.jpg?resize=525%2C300&ssl=1 1.5x, https:\/\/i0.wp.com\/wp.ufpel.edu.br\/leppais\/files\/2020\/08\/IV-EAVAAM.jpg?resize=700%2C400&ssl=1 2x"},"classes":[]},{"id":3221,"url":"https:\/\/wp.ufpel.edu.br\/leppais\/2020\/08\/03\/inscricoes-mostra-arte-vida-redes-de-resistencia\/","url_meta":{"origin":3101,"position":3},"title":"Inscri\u00e7\u00f5es Mostra ARTE\/VIDA \u2013 REDES DE RESIST\u00caNCIA","author":"antropologia","date":"03\/08\/2020","format":false,"excerpt":"O projeto de extens\u00e3o Movimento Interfaces: Conex\u00f5es Recidade da linha Redes de Cultura, Est\u00e9tica e forma\u00e7\u00e3o na\/da Cidade \u2013 RECIDADE, da Universidade Federal do Rio Grande \u2013 FURG, est\u00e1 aceitando inscri\u00e7\u00f5es para a Mostra ARTE\/VIDA \u2013 REDES DE RESIST\u00caNCIA\u00a0voltada a registrar e conferir visibilidade a a\u00e7\u00f5es sociais e solid\u00e1rias desenvolvidas\u2026","rel":"","context":"Em &quot;Divulga\u00e7\u00e3o&quot;","block_context":{"text":"Divulga\u00e7\u00e3o","link":"https:\/\/wp.ufpel.edu.br\/leppais\/category\/divulgacao\/"},"img":{"alt_text":"","src":"https:\/\/i0.wp.com\/wp.ufpel.edu.br\/leppais\/files\/2020\/08\/Mostra-1.jpg?resize=350%2C200&ssl=1","width":350,"height":200,"srcset":"https:\/\/i0.wp.com\/wp.ufpel.edu.br\/leppais\/files\/2020\/08\/Mostra-1.jpg?resize=350%2C200&ssl=1 1x, https:\/\/i0.wp.com\/wp.ufpel.edu.br\/leppais\/files\/2020\/08\/Mostra-1.jpg?resize=525%2C300&ssl=1 1.5x"},"classes":[]},{"id":3203,"url":"https:\/\/wp.ufpel.edu.br\/leppais\/2020\/07\/20\/roda-de-chimarrao-cuidativa-produzido-pelo-grupo-de-teatro-interativo-junto-ao-projeto-pandemia-de-narrativas\/","url_meta":{"origin":3101,"position":4},"title":"Roda de Chimarr\u00e3o CuidATIVA\u201d produzido pelo Grupo de Teatro Interativo junto ao projeto Pandemia de Narrativas","author":"antropologia","date":"20\/07\/2020","format":false,"excerpt":"Roda de Chimarr\u00e3o CuidATIVA\u201d produzido pelo Grupo de Teatro Interativo junto ao projeto Pandemia de Narrativas. O v\u00eddeo \u00e9 uma atividade \u00e0 dist\u00e2ncia do projeto de extens\u00e3o \u201cGrupo de Teatro Interativo: teatro & terapia\u201d (Pr\u00e1ticas Integrativas e Complementares) da CuidATIVA \u2013 Unidade de Cuidados Paliativos da Faculdade de Medicina\/UFPel, cujo\u2026","rel":"","context":"Em &quot;Antropo\u00e9ticas&quot;","block_context":{"text":"Antropo\u00e9ticas","link":"https:\/\/wp.ufpel.edu.br\/leppais\/category\/antropoeticas\/"},"img":{"alt_text":"","src":"https:\/\/i0.wp.com\/img.youtube.com\/vi\/XZyoXcOVJ18\/0.jpg?resize=350%2C200","width":350,"height":200},"classes":[]},{"id":3113,"url":"https:\/\/wp.ufpel.edu.br\/leppais\/2020\/04\/22\/observatorio-antropologico-ufpb\/","url_meta":{"origin":3101,"position":5},"title":"Observat\u00f3rio Antropol\u00f3gico UFPB","author":"antropologia","date":"22\/04\/2020","format":false,"excerpt":"A pandemia de coronav\u00edrus (Covid-19) \u00e9 um problema mundial, que afeta praticamente todos os pa\u00edses, mas que se torna ainda mais grave em regi\u00f5es que sofrem com uma desigualdade social muito acentuada. \u00c9 o caso do Brasil, que j\u00e1 tem mais de 30 mil casos confirmados e quase duas mil\u2026","rel":"","context":"Em &quot;Divulga\u00e7\u00e3o&quot;","block_context":{"text":"Divulga\u00e7\u00e3o","link":"https:\/\/wp.ufpel.edu.br\/leppais\/category\/divulgacao\/"},"img":{"alt_text":"","src":"https:\/\/i0.wp.com\/wp.ufpel.edu.br\/leppais\/files\/2020\/04\/observatorio.jpg?resize=350%2C200&ssl=1","width":350,"height":200,"srcset":"https:\/\/i0.wp.com\/wp.ufpel.edu.br\/leppais\/files\/2020\/04\/observatorio.jpg?resize=350%2C200&ssl=1 1x, https:\/\/i0.wp.com\/wp.ufpel.edu.br\/leppais\/files\/2020\/04\/observatorio.jpg?resize=525%2C300&ssl=1 1.5x, https:\/\/i0.wp.com\/wp.ufpel.edu.br\/leppais\/files\/2020\/04\/observatorio.jpg?resize=700%2C400&ssl=1 2x, https:\/\/i0.wp.com\/wp.ufpel.edu.br\/leppais\/files\/2020\/04\/observatorio.jpg?resize=1050%2C600&ssl=1 3x"},"classes":[]}],"jetpack_likes_enabled":true,"_links":{"self":[{"href":"https:\/\/wp.ufpel.edu.br\/leppais\/wp-json\/wp\/v2\/posts\/3101","targetHints":{"allow":["GET"]}}],"collection":[{"href":"https:\/\/wp.ufpel.edu.br\/leppais\/wp-json\/wp\/v2\/posts"}],"about":[{"href":"https:\/\/wp.ufpel.edu.br\/leppais\/wp-json\/wp\/v2\/types\/post"}],"author":[{"embeddable":true,"href":"https:\/\/wp.ufpel.edu.br\/leppais\/wp-json\/wp\/v2\/users\/641"}],"replies":[{"embeddable":true,"href":"https:\/\/wp.ufpel.edu.br\/leppais\/wp-json\/wp\/v2\/comments?post=3101"}],"version-history":[{"count":5,"href":"https:\/\/wp.ufpel.edu.br\/leppais\/wp-json\/wp\/v2\/posts\/3101\/revisions"}],"predecessor-version":[{"id":3112,"href":"https:\/\/wp.ufpel.edu.br\/leppais\/wp-json\/wp\/v2\/posts\/3101\/revisions\/3112"}],"wp:attachment":[{"href":"https:\/\/wp.ufpel.edu.br\/leppais\/wp-json\/wp\/v2\/media?parent=3101"}],"wp:term":[{"taxonomy":"category","embeddable":true,"href":"https:\/\/wp.ufpel.edu.br\/leppais\/wp-json\/wp\/v2\/categories?post=3101"},{"taxonomy":"post_tag","embeddable":true,"href":"https:\/\/wp.ufpel.edu.br\/leppais\/wp-json\/wp\/v2\/tags?post=3101"}],"curies":[{"name":"wp","href":"https:\/\/api.w.org\/{rel}","templated":true}]}}