{"id":309,"date":"2015-10-19T12:43:04","date_gmt":"2015-10-19T15:43:04","guid":{"rendered":"https:\/\/leppais.wordpress.com\/?p=309"},"modified":"2015-10-19T12:43:04","modified_gmt":"2015-10-19T15:43:04","slug":"comida-no-cinema","status":"publish","type":"post","link":"https:\/\/wp.ufpel.edu.br\/leppais\/2015\/10\/19\/comida-no-cinema\/","title":{"rendered":"Comida no Cinema: Pr\u00f3xima atra\u00e7\u00e3o"},"content":{"rendered":"<p><a href=\"https:\/\/i0.wp.com\/wp.ufpel.edu.br\/leppais\/files\/2015\/10\/cartaz-cominanocinema-a-marvada-carne.jpg?ssl=1\"><img data-recalc-dims=\"1\" loading=\"lazy\" decoding=\"async\" data-attachment-id=\"352\" data-permalink=\"https:\/\/wp.ufpel.edu.br\/leppais\/2015\/10\/19\/comida-no-cinema\/cartaz-cominanocinema-a-marvada-carne\/\" data-orig-file=\"https:\/\/i0.wp.com\/wp.ufpel.edu.br\/leppais\/files\/2015\/10\/cartaz-cominanocinema-a-marvada-carne.jpg?fit=640%2C884&amp;ssl=1\" data-orig-size=\"640,884\" data-comments-opened=\"0\" data-image-meta=\"{&quot;aperture&quot;:&quot;0&quot;,&quot;credit&quot;:&quot;&quot;,&quot;camera&quot;:&quot;&quot;,&quot;caption&quot;:&quot;&quot;,&quot;created_timestamp&quot;:&quot;0&quot;,&quot;copyright&quot;:&quot;&quot;,&quot;focal_length&quot;:&quot;0&quot;,&quot;iso&quot;:&quot;0&quot;,&quot;shutter_speed&quot;:&quot;0&quot;,&quot;title&quot;:&quot;&quot;,&quot;orientation&quot;:&quot;1&quot;}\" data-image-title=\"Cartaz-CominanoCinema-A Marvada Carne\" data-image-description=\"\" data-image-caption=\"\" data-medium-file=\"https:\/\/i0.wp.com\/wp.ufpel.edu.br\/leppais\/files\/2015\/10\/cartaz-cominanocinema-a-marvada-carne.jpg?fit=217%2C300&amp;ssl=1\" data-large-file=\"https:\/\/i0.wp.com\/wp.ufpel.edu.br\/leppais\/files\/2015\/10\/cartaz-cominanocinema-a-marvada-carne.jpg?fit=584%2C807&amp;ssl=1\" class=\"alignnone size-large wp-image-352\" src=\"https:\/\/i0.wp.com\/wp.ufpel.edu.br\/leppais\/files\/2015\/10\/cartaz-cominanocinema-a-marvada-carne.jpg?resize=584%2C807&#038;ssl=1\" alt=\"Cartaz-CominanoCinema-A Marvada Carne\" width=\"584\" height=\"807\" srcset=\"https:\/\/i0.wp.com\/wp.ufpel.edu.br\/leppais\/files\/2015\/10\/cartaz-cominanocinema-a-marvada-carne.jpg?w=640&amp;ssl=1 640w, https:\/\/i0.wp.com\/wp.ufpel.edu.br\/leppais\/files\/2015\/10\/cartaz-cominanocinema-a-marvada-carne.jpg?resize=217%2C300&amp;ssl=1 217w\" sizes=\"auto, (max-width: 584px) 100vw, 584px\" \/><\/a><\/p>\n","protected":false},"excerpt":{"rendered":"","protected":false},"author":641,"featured_media":0,"comment_status":"open","ping_status":"open","sticky":false,"template":"","format":"standard","meta":{"advanced_seo_description":"","jetpack_seo_html_title":"","jetpack_seo_noindex":false,"jetpack_post_was_ever_published":false,"_jetpack_newsletter_access":"","_jetpack_dont_email_post_to_subs":false,"_jetpack_newsletter_tier_id":0,"_jetpack_memberships_contains_paywalled_content":false,"_jetpack_memberships_contains_paid_content":false,"footnotes":"","jetpack_publicize_message":"","jetpack_publicize_feature_enabled":true,"jetpack_social_post_already_shared":true,"jetpack_social_options":{"image_generator_settings":{"template":"highway","default_image_id":0,"font":"","enabled":false},"version":2}},"categories":[6,9],"tags":[],"class_list":["post-309","post","type-post","status-publish","format-standard","hentry","category-comida-no-cinema","category-eventos"],"jetpack_publicize_connections":[],"jetpack_featured_media_url":"","jetpack_sharing_enabled":true,"jetpack_shortlink":"https:\/\/wp.me\/payVYo-4Z","jetpack-related-posts":[{"id":3825,"url":"https:\/\/wp.ufpel.edu.br\/leppais\/2023\/08\/01\/1a-sessao-mostra-itinerante-premio-pierre-verger\/","url_meta":{"origin":309,"position":0},"title":"1\u00aa Sess\u00e3o Mostra Itinerante Pr\u00eamio Pierre Verger","author":"antropologia","date":"01\/08\/2023","format":false,"excerpt":"Lembrando que come\u00e7a na pr\u00f3xima semana a Mostra Itinerante PPV (edi\u00e7\u00e3o 2022), organizada pelo LEPPAIS, em parceria com o LABOME. Para participar preencher o formul\u00e1rio: https:\/\/forms.gle\/HnxgUTByvnWYDgMw8 Evento h\u00edbrido (online e na sala de Cinema da UFPel), com certificado de participa\u00e7\u00e3o. Esperamos voc\u00ea!!!","rel":"","context":"Em &quot;Convite&quot;","block_context":{"text":"Convite","link":"https:\/\/wp.ufpel.edu.br\/leppais\/category\/convite\/"},"img":{"alt_text":"","src":"https:\/\/i0.wp.com\/wp.ufpel.edu.br\/leppais\/files\/2023\/07\/Cartaz-PPV2023-cineufpel-SESSAO-03AGO_v2.jpg?resize=350%2C200&ssl=1","width":350,"height":200,"srcset":"https:\/\/i0.wp.com\/wp.ufpel.edu.br\/leppais\/files\/2023\/07\/Cartaz-PPV2023-cineufpel-SESSAO-03AGO_v2.jpg?resize=350%2C200&ssl=1 1x, https:\/\/i0.wp.com\/wp.ufpel.edu.br\/leppais\/files\/2023\/07\/Cartaz-PPV2023-cineufpel-SESSAO-03AGO_v2.jpg?resize=525%2C300&ssl=1 1.5x, https:\/\/i0.wp.com\/wp.ufpel.edu.br\/leppais\/files\/2023\/07\/Cartaz-PPV2023-cineufpel-SESSAO-03AGO_v2.jpg?resize=700%2C400&ssl=1 2x"},"classes":[]},{"id":3822,"url":"https:\/\/wp.ufpel.edu.br\/leppais\/2023\/07\/28\/mostra-itinerante-premio-pierre-verger-edicao-de-2022-no-cineufpel\/","url_meta":{"origin":309,"position":1},"title":"Mostra Itinerante Pr\u00eamio Pierre Verger [Edi\u00e7\u00e3o de 2022] no Cineufpel","author":"antropologia","date":"28\/07\/2023","format":false,"excerpt":"Come\u00e7a na pr\u00f3xima semana a Mostra Itinerante PPV (edi\u00e7\u00e3o 2022), organizada pelo LEPPAIS, em parceria com o LABOME. Para participar preencher o formul\u00e1rio: https:\/\/forms.gle\/HnxgUTByvnWYDgMw8 Evento h\u00edbrido (online e na sala de Cinema da UFPel), com certificado de participa\u00e7\u00e3o. Esperamos voc\u00ea!!!","rel":"","context":"Em &quot;Convite&quot;","block_context":{"text":"Convite","link":"https:\/\/wp.ufpel.edu.br\/leppais\/category\/convite\/"},"img":{"alt_text":"","src":"https:\/\/i0.wp.com\/wp.ufpel.edu.br\/leppais\/files\/2023\/07\/Cartaz-PPV2023-cineufpel_v3.jpg?resize=350%2C200&ssl=1","width":350,"height":200,"srcset":"https:\/\/i0.wp.com\/wp.ufpel.edu.br\/leppais\/files\/2023\/07\/Cartaz-PPV2023-cineufpel_v3.jpg?resize=350%2C200&ssl=1 1x, https:\/\/i0.wp.com\/wp.ufpel.edu.br\/leppais\/files\/2023\/07\/Cartaz-PPV2023-cineufpel_v3.jpg?resize=525%2C300&ssl=1 1.5x, https:\/\/i0.wp.com\/wp.ufpel.edu.br\/leppais\/files\/2023\/07\/Cartaz-PPV2023-cineufpel_v3.jpg?resize=700%2C400&ssl=1 2x"},"classes":[]},{"id":1104,"url":"https:\/\/wp.ufpel.edu.br\/leppais\/2017\/05\/25\/quinzenao-da-alimentacao-da-pre-historia-aos-nossos-dias-nunca-foi-so-comida\/","url_meta":{"origin":309,"position":2},"title":"QUINZEN\u00c3O DA ALIMENTA\u00c7\u00c3O: Da Pr\u00e9-Hist\u00f3ria aos nossos dias, nunca foi s\u00f3 comida.","author":"antropologia","date":"25\/05\/2017","format":false,"excerpt":"Desta vez, a Semana Tem\u00e1tica do LECA\/UFPel engordou e virou uma quinzena. De 08 a 14 de junho, em plena Fenadoce, uma parceria LECA + LEPAARQ. Programa\u00e7\u00e3o interdisciplinar (Hist\u00f3ria, Arqueologia, Antropologia, Gastronomia, Letras) 1\u00ba M\u00f3dulo: Antropologia e Pr\u00e9-Hist\u00f3ria (08-09 de junho) 2\u00ba M\u00f3dulo: Antiguidade & Patrim\u00f4nio da Do\u00e7aria Pelotense (12-14\u2026","rel":"","context":"Em &quot;Eventos&quot;","block_context":{"text":"Eventos","link":"https:\/\/wp.ufpel.edu.br\/leppais\/category\/eventos\/"},"img":{"alt_text":"","src":"https:\/\/i0.wp.com\/wp.ufpel.edu.br\/leppais\/files\/2017\/05\/convite_quinzenao_da_alimentacao.jpg?resize=350%2C200&ssl=1","width":350,"height":200,"srcset":"https:\/\/i0.wp.com\/wp.ufpel.edu.br\/leppais\/files\/2017\/05\/convite_quinzenao_da_alimentacao.jpg?resize=350%2C200&ssl=1 1x, https:\/\/i0.wp.com\/wp.ufpel.edu.br\/leppais\/files\/2017\/05\/convite_quinzenao_da_alimentacao.jpg?resize=525%2C300&ssl=1 1.5x, https:\/\/i0.wp.com\/wp.ufpel.edu.br\/leppais\/files\/2017\/05\/convite_quinzenao_da_alimentacao.jpg?resize=700%2C400&ssl=1 2x, https:\/\/i0.wp.com\/wp.ufpel.edu.br\/leppais\/files\/2017\/05\/convite_quinzenao_da_alimentacao.jpg?resize=1050%2C600&ssl=1 3x"},"classes":[]},{"id":223,"url":"https:\/\/wp.ufpel.edu.br\/leppais\/2014\/09\/15\/vi-encontro-internacional-de-cinema-e-video-etnografico-e-testemunhal\/","url_meta":{"origin":309,"position":3},"title":"VI Encontro Internacional de Cinema e V\u00eddeo Etnogr\u00e1fico e Testemunhal","author":"antropologia","date":"15\/09\/2014","format":false,"excerpt":"Fotos do evento \u00a0 \u00a0 \u00a0 \u00a0 \u00a0 \u00a0 \u00a0 \u00a0 \u00a0 \u00a0 Confira local e programa\u00e7\u00e3o neste PDF \u00a0","rel":"","context":"Em &quot;Eventos&quot;","block_context":{"text":"Eventos","link":"https:\/\/wp.ufpel.edu.br\/leppais\/category\/eventos\/"},"img":{"alt_text":"","src":"https:\/\/i0.wp.com\/wp.ufpel.edu.br\/leppais\/files\/2014\/09\/cartaz.jpg?resize=350%2C200&ssl=1","width":350,"height":200,"srcset":"https:\/\/i0.wp.com\/wp.ufpel.edu.br\/leppais\/files\/2014\/09\/cartaz.jpg?resize=350%2C200&ssl=1 1x, https:\/\/i0.wp.com\/wp.ufpel.edu.br\/leppais\/files\/2014\/09\/cartaz.jpg?resize=525%2C300&ssl=1 1.5x, https:\/\/i0.wp.com\/wp.ufpel.edu.br\/leppais\/files\/2014\/09\/cartaz.jpg?resize=700%2C400&ssl=1 2x, https:\/\/i0.wp.com\/wp.ufpel.edu.br\/leppais\/files\/2014\/09\/cartaz.jpg?resize=1050%2C600&ssl=1 3x, https:\/\/i0.wp.com\/wp.ufpel.edu.br\/leppais\/files\/2014\/09\/cartaz.jpg?resize=1400%2C800&ssl=1 4x"},"classes":[]},{"id":1120,"url":"https:\/\/wp.ufpel.edu.br\/leppais\/2017\/06\/20\/mostra-de-olhos-no-chao-cinema-arqueologia-ambiente-e-sociedade\/","url_meta":{"origin":309,"position":4},"title":"Mostra \u201cDe Olhos no Ch\u00e3o\u201d &#8211; cinema, arqueologia, ambiente e sociedade","author":"antropologia","date":"20\/06\/2017","format":false,"excerpt":"Prezados e Prezadas, Convidamos a todos e a todas \u00e0 \u201cMostra De Olhos no Ch\u00e3o \u2013 cinema, arqueologia, ambiente e sociedade\u201d, a ser realizada entre os dias 26 e 29 de junho de 2017, na Ag\u00eancia Lagoa Mirim\/UFPel, na Rua Lobo da Costa, 447 \u2013 Pelotas\/RS. A mostra exibir\u00e1 filmes\u2026","rel":"","context":"Em &quot;Eventos&quot;","block_context":{"text":"Eventos","link":"https:\/\/wp.ufpel.edu.br\/leppais\/category\/eventos\/"},"img":{"alt_text":"","src":"https:\/\/i0.wp.com\/wp.ufpel.edu.br\/leppais\/files\/2017\/06\/slide1.jpg?resize=350%2C200&ssl=1","width":350,"height":200,"srcset":"https:\/\/i0.wp.com\/wp.ufpel.edu.br\/leppais\/files\/2017\/06\/slide1.jpg?resize=350%2C200&ssl=1 1x, https:\/\/i0.wp.com\/wp.ufpel.edu.br\/leppais\/files\/2017\/06\/slide1.jpg?resize=525%2C300&ssl=1 1.5x, https:\/\/i0.wp.com\/wp.ufpel.edu.br\/leppais\/files\/2017\/06\/slide1.jpg?resize=700%2C400&ssl=1 2x, https:\/\/i0.wp.com\/wp.ufpel.edu.br\/leppais\/files\/2017\/06\/slide1.jpg?resize=1050%2C600&ssl=1 3x"},"classes":[]},{"id":3105,"url":"https:\/\/wp.ufpel.edu.br\/leppais\/2020\/04\/20\/calcadao-da-andrade-neves-o-que-pelotas-narra-a-partir-da-comida-de-rua-guilherme-rodrigues\/","url_meta":{"origin":309,"position":5},"title":"Cal\u00e7ad\u00e3o da Andrade Neves: o que Pelotas narra a partir da comida de rua &#8211; Guilherme Rodrigues","author":"antropologia","date":"20\/04\/2020","format":false,"excerpt":"Link https:\/\/webconf.ufpel.edu.br\/b\/dan-37v-nxk","rel":"","context":"Em &quot;Antropo\u00e9ticas&quot;","block_context":{"text":"Antropo\u00e9ticas","link":"https:\/\/wp.ufpel.edu.br\/leppais\/category\/antropoeticas\/"},"img":{"alt_text":"","src":"https:\/\/i0.wp.com\/wp.ufpel.edu.br\/leppais\/files\/2020\/04\/Antropoeticas-GuilhermeRodrigues-786x1024.jpg?resize=350%2C200&ssl=1","width":350,"height":200},"classes":[]}],"jetpack_likes_enabled":true,"_links":{"self":[{"href":"https:\/\/wp.ufpel.edu.br\/leppais\/wp-json\/wp\/v2\/posts\/309","targetHints":{"allow":["GET"]}}],"collection":[{"href":"https:\/\/wp.ufpel.edu.br\/leppais\/wp-json\/wp\/v2\/posts"}],"about":[{"href":"https:\/\/wp.ufpel.edu.br\/leppais\/wp-json\/wp\/v2\/types\/post"}],"author":[{"embeddable":true,"href":"https:\/\/wp.ufpel.edu.br\/leppais\/wp-json\/wp\/v2\/users\/641"}],"replies":[{"embeddable":true,"href":"https:\/\/wp.ufpel.edu.br\/leppais\/wp-json\/wp\/v2\/comments?post=309"}],"version-history":[{"count":0,"href":"https:\/\/wp.ufpel.edu.br\/leppais\/wp-json\/wp\/v2\/posts\/309\/revisions"}],"wp:attachment":[{"href":"https:\/\/wp.ufpel.edu.br\/leppais\/wp-json\/wp\/v2\/media?parent=309"}],"wp:term":[{"taxonomy":"category","embeddable":true,"href":"https:\/\/wp.ufpel.edu.br\/leppais\/wp-json\/wp\/v2\/categories?post=309"},{"taxonomy":"post_tag","embeddable":true,"href":"https:\/\/wp.ufpel.edu.br\/leppais\/wp-json\/wp\/v2\/tags?post=309"}],"curies":[{"name":"wp","href":"https:\/\/api.w.org\/{rel}","templated":true}]}}