{"id":300,"date":"2014-11-28T15:49:22","date_gmt":"2014-11-28T18:49:22","guid":{"rendered":"http:\/\/leppais.wordpress.com\/?p=300"},"modified":"2014-11-28T15:49:22","modified_gmt":"2014-11-28T18:49:22","slug":"exposicao-pierre-verger-no-diario-da-manha","status":"publish","type":"post","link":"https:\/\/wp.ufpel.edu.br\/leppais\/2014\/11\/28\/exposicao-pierre-verger-no-diario-da-manha\/","title":{"rendered":"Exposi\u00e7\u00e3o Pierre Verger no Diario da Manh\u00e3"},"content":{"rendered":"<p><a href=\"https:\/\/i0.wp.com\/wp.ufpel.edu.br\/leppais\/files\/2014\/11\/expopv.jpg?ssl=1\"><img data-recalc-dims=\"1\" loading=\"lazy\" decoding=\"async\" data-attachment-id=\"301\" data-permalink=\"https:\/\/wp.ufpel.edu.br\/leppais\/2014\/11\/28\/exposicao-pierre-verger-no-diario-da-manha\/expopv\/\" data-orig-file=\"https:\/\/i0.wp.com\/wp.ufpel.edu.br\/leppais\/files\/2014\/11\/expopv.jpg?fit=720%2C586&amp;ssl=1\" data-orig-size=\"720,586\" data-comments-opened=\"0\" data-image-meta=\"{&quot;aperture&quot;:&quot;0&quot;,&quot;credit&quot;:&quot;&quot;,&quot;camera&quot;:&quot;&quot;,&quot;caption&quot;:&quot;&quot;,&quot;created_timestamp&quot;:&quot;0&quot;,&quot;copyright&quot;:&quot;&quot;,&quot;focal_length&quot;:&quot;0&quot;,&quot;iso&quot;:&quot;0&quot;,&quot;shutter_speed&quot;:&quot;0&quot;,&quot;title&quot;:&quot;&quot;,&quot;orientation&quot;:&quot;1&quot;}\" data-image-title=\"ExpoPV\" data-image-description=\"\" data-image-caption=\"\" data-medium-file=\"https:\/\/i0.wp.com\/wp.ufpel.edu.br\/leppais\/files\/2014\/11\/expopv.jpg?fit=300%2C244&amp;ssl=1\" data-large-file=\"https:\/\/i0.wp.com\/wp.ufpel.edu.br\/leppais\/files\/2014\/11\/expopv.jpg?fit=584%2C475&amp;ssl=1\" class=\"alignnone wp-image-301 size-large\" src=\"https:\/\/i0.wp.com\/wp.ufpel.edu.br\/leppais\/files\/2014\/11\/expopv.jpg?resize=584%2C475&#038;ssl=1\" alt=\"ExpoPV\" width=\"584\" height=\"475\" srcset=\"https:\/\/i0.wp.com\/wp.ufpel.edu.br\/leppais\/files\/2014\/11\/expopv.jpg?w=720&amp;ssl=1 720w, https:\/\/i0.wp.com\/wp.ufpel.edu.br\/leppais\/files\/2014\/11\/expopv.jpg?resize=300%2C244&amp;ssl=1 300w, https:\/\/i0.wp.com\/wp.ufpel.edu.br\/leppais\/files\/2014\/11\/expopv.jpg?resize=369%2C300&amp;ssl=1 369w\" sizes=\"auto, (max-width: 584px) 100vw, 584px\" \/><\/a><\/p>\n<blockquote class=\"wp-embedded-content\" data-secret=\"ew2A090tlB\"><p><a href=\"https:\/\/diariodamanhapelotas.com.br\/site\/exposicao-pierre-verger-prossegue-ate-19-de-dezembro\/\">Exposi\u00e7\u00e3o Pierre Verger prossegue at\u00e9 19 de dezembro<\/a><\/p><\/blockquote>\n<p><iframe loading=\"lazy\" class=\"wp-embedded-content\" sandbox=\"allow-scripts\" security=\"restricted\" style=\"position: absolute; clip: rect(1px, 1px, 1px, 1px);\" title=\"&#8220;Exposi\u00e7\u00e3o Pierre Verger prossegue at\u00e9 19 de dezembro&#8221; &#8212; Di\u00e1rio da Manh\u00e3\" src=\"https:\/\/diariodamanhapelotas.com.br\/site\/exposicao-pierre-verger-prossegue-ate-19-de-dezembro\/embed\/#?secret=ew2A090tlB\" data-secret=\"ew2A090tlB\" width=\"584\" height=\"329\" frameborder=\"0\" marginwidth=\"0\" marginheight=\"0\" scrolling=\"no\"><\/iframe><\/p>\n","protected":false},"excerpt":{"rendered":"<p>Exposi\u00e7\u00e3o Pierre Verger prossegue at\u00e9 19 de dezembro<\/p>\n","protected":false},"author":641,"featured_media":0,"comment_status":"open","ping_status":"open","sticky":false,"template":"","format":"standard","meta":{"advanced_seo_description":"","jetpack_seo_html_title":"","jetpack_seo_noindex":false,"jetpack_post_was_ever_published":false,"_jetpack_newsletter_access":"","_jetpack_dont_email_post_to_subs":false,"_jetpack_newsletter_tier_id":0,"_jetpack_memberships_contains_paywalled_content":false,"_jetpack_memberships_contains_paid_content":false,"footnotes":"","jetpack_publicize_message":"","jetpack_publicize_feature_enabled":true,"jetpack_social_post_already_shared":true,"jetpack_social_options":{"image_generator_settings":{"template":"highway","default_image_id":0,"font":"","enabled":false},"version":2}},"categories":[1],"tags":[],"class_list":["post-300","post","type-post","status-publish","format-standard","hentry","category-noticias"],"jetpack_publicize_connections":[],"jetpack_featured_media_url":"","jetpack_sharing_enabled":true,"jetpack_shortlink":"https:\/\/wp.me\/payVYo-4Q","jetpack-related-posts":[{"id":202,"url":"https:\/\/wp.ufpel.edu.br\/leppais\/2014\/08\/19\/29a-rba-oficina-de-ensaios-fotograficos-do-premio-pierre-verger\/","url_meta":{"origin":300,"position":0},"title":"29\u00aa RBA &#8211; Oficina de Ensaios Fotogr\u00e1ficos do Pr\u00eamio Pierre Verger","author":"antropologia","date":"19\/08\/2014","format":false,"excerpt":"\u00a0 Datas: 04 \u00e0 06 de agosto Hor\u00e1rio: 08:00 \u00e0s 09:30 LOCAL: GALERIA M\u00d3VEL (CONTAINER DA ZOOM) Tempo de apresenta\u00e7\u00e3o (oral e com proje\u00e7\u00e3o dos ensaios em power point): 15 min Coordenadoras: Claudia Turra Magni (UFPel) Paula Morgado Lopes (USP) Debatedores: Andreas Valentin (UERJ\/IUPERJ) Yara Schreiber Dines (USP) Resumo: O\u2026","rel":"","context":"Em &quot;Eventos&quot;","block_context":{"text":"Eventos","link":"https:\/\/wp.ufpel.edu.br\/leppais\/category\/eventos\/"},"img":{"alt_text":"","src":"https:\/\/i0.wp.com\/wp.ufpel.edu.br\/leppais\/files\/2014\/08\/ppv_oficina23.jpg?resize=350%2C200&ssl=1","width":350,"height":200,"srcset":"https:\/\/i0.wp.com\/wp.ufpel.edu.br\/leppais\/files\/2014\/08\/ppv_oficina23.jpg?resize=350%2C200&ssl=1 1x, https:\/\/i0.wp.com\/wp.ufpel.edu.br\/leppais\/files\/2014\/08\/ppv_oficina23.jpg?resize=525%2C300&ssl=1 1.5x, https:\/\/i0.wp.com\/wp.ufpel.edu.br\/leppais\/files\/2014\/08\/ppv_oficina23.jpg?resize=700%2C400&ssl=1 2x, https:\/\/i0.wp.com\/wp.ufpel.edu.br\/leppais\/files\/2014\/08\/ppv_oficina23.jpg?resize=1050%2C600&ssl=1 3x, https:\/\/i0.wp.com\/wp.ufpel.edu.br\/leppais\/files\/2014\/08\/ppv_oficina23.jpg?resize=1400%2C800&ssl=1 4x"},"classes":[]},{"id":4025,"url":"https:\/\/wp.ufpel.edu.br\/leppais\/2024\/07\/19\/premio-pierre-verger-34a-rba-belo-horizonte\/","url_meta":{"origin":300,"position":1},"title":"Premio Pierre Verger &#8211; 34\u00aa RBA &#8211; Belo Horizonte","author":"antropologia","date":"19\/07\/2024","format":false,"excerpt":"https:\/\/premiopierreverger.com\/2024\/ Pr\u00eamio Pierre Verger - Filme Etnogr\u00e1fico https:\/\/www.34rba.abant.org.br\/modalidadetrabalho\/public?ID_MODALIDADE_TRABALHO=23 Pr\u00eamio Pierre Verger - Ensaio Fotogr\u00e1fico https:\/\/www.34rba.abant.org.br\/modalidadetrabalho\/public?ID_MODALIDADE_TRABALHO=24 Pr\u00eamio Pierre Verger - Desenho https:\/\/www.34rba.abant.org.br\/modalidadetrabalho\/public?ID_MODALIDADE_TRABALHO=25","rel":"","context":"Em &quot;Not\u00edcias&quot;","block_context":{"text":"Not\u00edcias","link":"https:\/\/wp.ufpel.edu.br\/leppais\/category\/noticias\/"},"img":{"alt_text":"","src":"https:\/\/i0.wp.com\/wp.ufpel.edu.br\/leppais\/files\/2024\/07\/pierre-verger2.jpg?resize=350%2C200&ssl=1","width":350,"height":200,"srcset":"https:\/\/i0.wp.com\/wp.ufpel.edu.br\/leppais\/files\/2024\/07\/pierre-verger2.jpg?resize=350%2C200&ssl=1 1x, https:\/\/i0.wp.com\/wp.ufpel.edu.br\/leppais\/files\/2024\/07\/pierre-verger2.jpg?resize=525%2C300&ssl=1 1.5x, https:\/\/i0.wp.com\/wp.ufpel.edu.br\/leppais\/files\/2024\/07\/pierre-verger2.jpg?resize=700%2C400&ssl=1 2x, https:\/\/i0.wp.com\/wp.ufpel.edu.br\/leppais\/files\/2024\/07\/pierre-verger2.jpg?resize=1050%2C600&ssl=1 3x, https:\/\/i0.wp.com\/wp.ufpel.edu.br\/leppais\/files\/2024\/07\/pierre-verger2.jpg?resize=1400%2C800&ssl=1 4x"},"classes":[]},{"id":3087,"url":"https:\/\/wp.ufpel.edu.br\/leppais\/2020\/03\/09\/premio-pierre-verger-inscricoes-prorrogadas\/","url_meta":{"origin":300,"position":2},"title":"Pr\u00eamio Pierre Verger &#8211; Inscri\u00e7\u00f5es prorrogadas","author":"antropologia","date":"09\/03\/2020","format":false,"excerpt":"Mais informa\u00e7\u00f5es","rel":"","context":"Em &quot;Divulga\u00e7\u00e3o&quot;","block_context":{"text":"Divulga\u00e7\u00e3o","link":"https:\/\/wp.ufpel.edu.br\/leppais\/category\/divulgacao\/"},"img":{"alt_text":"","src":"https:\/\/i0.wp.com\/wp.ufpel.edu.br\/leppais\/files\/2020\/03\/IMG-20200229-WA0001.jpg?resize=350%2C200&ssl=1","width":350,"height":200,"srcset":"https:\/\/i0.wp.com\/wp.ufpel.edu.br\/leppais\/files\/2020\/03\/IMG-20200229-WA0001.jpg?resize=350%2C200&ssl=1 1x, https:\/\/i0.wp.com\/wp.ufpel.edu.br\/leppais\/files\/2020\/03\/IMG-20200229-WA0001.jpg?resize=525%2C300&ssl=1 1.5x, https:\/\/i0.wp.com\/wp.ufpel.edu.br\/leppais\/files\/2020\/03\/IMG-20200229-WA0001.jpg?resize=700%2C400&ssl=1 2x, https:\/\/i0.wp.com\/wp.ufpel.edu.br\/leppais\/files\/2020\/03\/IMG-20200229-WA0001.jpg?resize=1050%2C600&ssl=1 3x"},"classes":[]},{"id":2941,"url":"https:\/\/wp.ufpel.edu.br\/leppais\/2019\/11\/07\/premio-pierre-verger-2020-inscricoes-abertas\/","url_meta":{"origin":300,"position":3},"title":"Pr\u00eamio Pierre Verger 2020 | Inscri\u00e7\u00f5es Abertas","author":"antropologia","date":"07\/11\/2019","format":false,"excerpt":"https:\/\/www.32rba.abant.org.br","rel":"","context":"Em &quot;Divulga\u00e7\u00e3o&quot;","block_context":{"text":"Divulga\u00e7\u00e3o","link":"https:\/\/wp.ufpel.edu.br\/leppais\/category\/divulgacao\/"},"img":{"alt_text":"","src":"https:\/\/i0.wp.com\/wp.ufpel.edu.br\/leppais\/files\/2019\/11\/Pierre-Verger-2020.jpg?resize=350%2C200&ssl=1","width":350,"height":200,"srcset":"https:\/\/i0.wp.com\/wp.ufpel.edu.br\/leppais\/files\/2019\/11\/Pierre-Verger-2020.jpg?resize=350%2C200&ssl=1 1x, https:\/\/i0.wp.com\/wp.ufpel.edu.br\/leppais\/files\/2019\/11\/Pierre-Verger-2020.jpg?resize=525%2C300&ssl=1 1.5x, https:\/\/i0.wp.com\/wp.ufpel.edu.br\/leppais\/files\/2019\/11\/Pierre-Verger-2020.jpg?resize=700%2C400&ssl=1 2x"},"classes":[]},{"id":283,"url":"https:\/\/wp.ufpel.edu.br\/leppais\/2014\/11\/12\/vii-premio-pierre-verger-de-ensaios-fotograficos\/","url_meta":{"origin":300,"position":4},"title":"VII Pr\u00eamio Pierre Verger de Ensaios Fotogr\u00e1ficos","author":"antropologia","date":"12\/11\/2014","format":false,"excerpt":"","rel":"","context":"Em &quot;Not\u00edcias&quot;","block_context":{"text":"Not\u00edcias","link":"https:\/\/wp.ufpel.edu.br\/leppais\/category\/noticias\/"},"img":{"alt_text":"","src":"https:\/\/i0.wp.com\/wp.ufpel.edu.br\/leppais\/files\/2014\/11\/convite-2-2.jpg?resize=350%2C200&ssl=1","width":350,"height":200},"classes":[]},{"id":3529,"url":"https:\/\/wp.ufpel.edu.br\/leppais\/2022\/08\/16\/premio-pierre-verger-2022\/","url_meta":{"origin":300,"position":5},"title":"Pr\u00eamio Pierre Verger 2022","author":"antropologia","date":"16\/08\/2022","format":false,"excerpt":"O Pr\u00eamio Pierre Verger (PPV), promovido pela Associa\u00e7\u00e3o Brasileira de Antropologia (ABA), \u00e9 o principal festival competitivo de obras f\u00edlmicas, fotogr\u00e1\ufb01cas e gr\u00e1ficas produzidas no \u00e2mbito de pesquisas antropol\u00f3gicas na Am\u00e9rica Latina. Atrav\u00e9s destas linguagens art\u00edsticas e pol\u00edticas de difus\u00e3o do conhecimento, suas mostras exploram, registram, expressam e interpelam diferentes\u2026","rel":"","context":"Em &quot;Divulga\u00e7\u00e3o&quot;","block_context":{"text":"Divulga\u00e7\u00e3o","link":"https:\/\/wp.ufpel.edu.br\/leppais\/category\/divulgacao\/"},"img":{"alt_text":"","src":"https:\/\/i0.wp.com\/wp.ufpel.edu.br\/leppais\/files\/2022\/08\/Tim-Ingold-PPV2022.jpeg?resize=350%2C200&ssl=1","width":350,"height":200,"srcset":"https:\/\/i0.wp.com\/wp.ufpel.edu.br\/leppais\/files\/2022\/08\/Tim-Ingold-PPV2022.jpeg?resize=350%2C200&ssl=1 1x, https:\/\/i0.wp.com\/wp.ufpel.edu.br\/leppais\/files\/2022\/08\/Tim-Ingold-PPV2022.jpeg?resize=525%2C300&ssl=1 1.5x, https:\/\/i0.wp.com\/wp.ufpel.edu.br\/leppais\/files\/2022\/08\/Tim-Ingold-PPV2022.jpeg?resize=700%2C400&ssl=1 2x, https:\/\/i0.wp.com\/wp.ufpel.edu.br\/leppais\/files\/2022\/08\/Tim-Ingold-PPV2022.jpeg?resize=1050%2C600&ssl=1 3x"},"classes":[]}],"jetpack_likes_enabled":true,"_links":{"self":[{"href":"https:\/\/wp.ufpel.edu.br\/leppais\/wp-json\/wp\/v2\/posts\/300","targetHints":{"allow":["GET"]}}],"collection":[{"href":"https:\/\/wp.ufpel.edu.br\/leppais\/wp-json\/wp\/v2\/posts"}],"about":[{"href":"https:\/\/wp.ufpel.edu.br\/leppais\/wp-json\/wp\/v2\/types\/post"}],"author":[{"embeddable":true,"href":"https:\/\/wp.ufpel.edu.br\/leppais\/wp-json\/wp\/v2\/users\/641"}],"replies":[{"embeddable":true,"href":"https:\/\/wp.ufpel.edu.br\/leppais\/wp-json\/wp\/v2\/comments?post=300"}],"version-history":[{"count":0,"href":"https:\/\/wp.ufpel.edu.br\/leppais\/wp-json\/wp\/v2\/posts\/300\/revisions"}],"wp:attachment":[{"href":"https:\/\/wp.ufpel.edu.br\/leppais\/wp-json\/wp\/v2\/media?parent=300"}],"wp:term":[{"taxonomy":"category","embeddable":true,"href":"https:\/\/wp.ufpel.edu.br\/leppais\/wp-json\/wp\/v2\/categories?post=300"},{"taxonomy":"post_tag","embeddable":true,"href":"https:\/\/wp.ufpel.edu.br\/leppais\/wp-json\/wp\/v2\/tags?post=300"}],"curies":[{"name":"wp","href":"https:\/\/api.w.org\/{rel}","templated":true}]}}