{"id":181,"date":"2014-03-06T11:35:25","date_gmt":"2014-03-06T14:35:25","guid":{"rendered":"http:\/\/leppais.wordpress.com\/?p=181"},"modified":"2014-03-06T11:35:25","modified_gmt":"2014-03-06T14:35:25","slug":"trabalhos-do-leppais-no-v-visualidades-ce","status":"publish","type":"post","link":"https:\/\/wp.ufpel.edu.br\/leppais\/2014\/03\/06\/trabalhos-do-leppais-no-v-visualidades-ce\/","title":{"rendered":"Trabalhos do LEPPAIS no V Visualidades"},"content":{"rendered":"<p>Trabalhos do LEPPAIS integram a programa\u00e7\u00e3o do V Visualidades, no Cear\u00e1<br \/>\n<a href=\"https:\/\/i0.wp.com\/wp.ufpel.edu.br\/leppais\/files\/2014\/03\/topo.jpg?ssl=1\"><img data-recalc-dims=\"1\" loading=\"lazy\" decoding=\"async\" data-attachment-id=\"182\" data-permalink=\"https:\/\/wp.ufpel.edu.br\/leppais\/2014\/03\/06\/trabalhos-do-leppais-no-v-visualidades-ce\/topo\/\" data-orig-file=\"https:\/\/i0.wp.com\/wp.ufpel.edu.br\/leppais\/files\/2014\/03\/topo.jpg?fit=842%2C200&amp;ssl=1\" data-orig-size=\"842,200\" data-comments-opened=\"0\" data-image-meta=\"{&quot;aperture&quot;:&quot;0&quot;,&quot;credit&quot;:&quot;&quot;,&quot;camera&quot;:&quot;&quot;,&quot;caption&quot;:&quot;&quot;,&quot;created_timestamp&quot;:&quot;0&quot;,&quot;copyright&quot;:&quot;&quot;,&quot;focal_length&quot;:&quot;0&quot;,&quot;iso&quot;:&quot;0&quot;,&quot;shutter_speed&quot;:&quot;0&quot;,&quot;title&quot;:&quot;&quot;,&quot;orientation&quot;:&quot;0&quot;}\" data-image-title=\"topo\" data-image-description=\"\" data-image-caption=\"\" data-medium-file=\"https:\/\/i0.wp.com\/wp.ufpel.edu.br\/leppais\/files\/2014\/03\/topo.jpg?fit=300%2C71&amp;ssl=1\" data-large-file=\"https:\/\/i0.wp.com\/wp.ufpel.edu.br\/leppais\/files\/2014\/03\/topo.jpg?fit=584%2C139&amp;ssl=1\" class=\"alignnone wp-image-182\" src=\"https:\/\/i0.wp.com\/wp.ufpel.edu.br\/leppais\/files\/2014\/03\/topo.jpg?resize=582%2C149&#038;ssl=1\" alt=\"topo\" width=\"582\" height=\"149\" \/><\/a>http:\/\/www.uvanet.br\/vvisualidades\/<\/p>\n<p>Trabalhos participantes:<\/p>\n<p><strong>Akratas<\/strong> \u2013 16&#8242; \u2013 2013<br \/>\nDire\u00e7\u00e3o: Camile Vergara; Edi\u00e7\u00e3o: Camile Vergara e Caio Mazzilli.<\/p>\n<p><strong>A Oferenda de sabi\u00e1<\/strong> \u2013 25&#8242; \u2013 2004<br \/>\nDire\u00e7\u00e3o: Cl\u00e1udia Turra Magni; Edi\u00e7\u00e3o: Thais Vieira<\/p>\n<p><strong>Barro Duro<\/strong> \u2013 15&#8242; \u2013 2013.<br \/>\nDire\u00e7\u00e3o: Caio Mazzilli; Produ\u00e7\u00e3o: Sass\u00e1 Souza e Gabriel Ferrari;<br \/>\nRoteiro: Daniel Reigada, Tiago Kickhoffel e Sass\u00e1 Souza; M\u00fasica Original:<br \/>\nEduardo Freda \u2013 Sauda\u00e7\u00e3o; Montagem: Lucas Mendon\u00e7a e Caio Mazzilli;<br \/>\nFotografia: Lucas Mendon\u00e7a e Caio Mazzilli; Som: Manuela Mendes.<\/p>\n<p><strong>Meu R$1,00<\/strong> <strong>\u2013 almo\u00e7os populares<\/strong> &#8211; 10&#8242; 45\u201d &#8211; 2013<br \/>\nDire\u00e7\u00e3o, Produ\u00e7\u00e3o, Roteiro, C\u00e2mera, Edi\u00e7\u00e3o: Sass\u00e1 Souza.<\/p>\n<p><strong>Mem\u00f3ria, identidade e saber tradicional dos graniteiros de Cap\u00e3o do Le\u00e3o\/RS<\/strong> \u2013 14&#8242; \u2013 2013.<br \/>\nDire\u00e7\u00e3o e edi\u00e7\u00e3o: C\u00e1tia S. C. Gabriel da Silva, discente do<br \/>\nBacharelado em Antropologia na Universidade Federal de Pelotas \u2013 UFPel.<br \/>\nIntegrante do N\u00facleo de Etnologia Amer\u00edndia (NETA &#8211; UFPel) e do N\u00facleo de<br \/>\nEstudos sobre Popula\u00e7\u00f5es Costeiras e Saberes Tradicionais (NECO \u2013 FURG).<br \/>\nComponentes da equipe: C\u00e1tia Simone Castro Gabriel da Silva &#8211; Dire\u00e7\u00e3o e edi\u00e7\u00e3o \u2013<br \/>\nUFPel, Eloir Ant\u00f4nio Oliveira da Silva &#8211; Arte e edi\u00e7\u00e3o \u2013 UFPel, Local: Cap\u00e3o do<br \/>\nLe\u00e3o, Rio Grande do Sul.<\/p>\n<p><a href=\"http:\/\/www.uvanet.br\/vvisualidades\/docs\/programacao_geral.pdf\" target=\"_blank\" rel=\"noopener noreferrer nofollow\">Clique para acessar o programacao_geral.pdf<\/a><\/p>\n","protected":false},"excerpt":{"rendered":"<p>Trabalhos do LEPPAIS integram a programa\u00e7\u00e3o do V Visualidades, no Cear\u00e1 http:\/\/www.uvanet.br\/vvisualidades\/ Trabalhos participantes: Akratas \u2013 16&#8242; \u2013 2013 Dire\u00e7\u00e3o: Camile Vergara; Edi\u00e7\u00e3o: Camile Vergara e Caio Mazzilli. A Oferenda de sabi\u00e1 \u2013 25&#8242; \u2013 2004 Dire\u00e7\u00e3o: Cl\u00e1udia Turra Magni; &hellip; <a href=\"https:\/\/wp.ufpel.edu.br\/leppais\/2014\/03\/06\/trabalhos-do-leppais-no-v-visualidades-ce\/\">Continue lendo <span class=\"meta-nav\">&rarr;<\/span><\/a><\/p>\n","protected":false},"author":641,"featured_media":0,"comment_status":"open","ping_status":"open","sticky":false,"template":"","format":"standard","meta":{"advanced_seo_description":"","jetpack_seo_html_title":"","jetpack_seo_noindex":false,"jetpack_post_was_ever_published":false,"_jetpack_newsletter_access":"","_jetpack_dont_email_post_to_subs":false,"_jetpack_newsletter_tier_id":0,"_jetpack_memberships_contains_paywalled_content":false,"_jetpack_memberships_contains_paid_content":false,"footnotes":"","jetpack_publicize_message":"","jetpack_publicize_feature_enabled":true,"jetpack_social_post_already_shared":true,"jetpack_social_options":{"image_generator_settings":{"template":"highway","default_image_id":0,"font":"","enabled":false},"version":2}},"categories":[1],"tags":[],"class_list":["post-181","post","type-post","status-publish","format-standard","hentry","category-noticias"],"jetpack_publicize_connections":[],"jetpack_featured_media_url":"","jetpack_sharing_enabled":true,"jetpack_shortlink":"https:\/\/wp.me\/payVYo-2V","jetpack-related-posts":[{"id":57,"url":"https:\/\/wp.ufpel.edu.br\/leppais\/2013\/02\/26\/museu-de-rua-carnavais-de-pelotas-folioes-da-nossa-historia\/","url_meta":{"origin":181,"position":0},"title":"Museu de Rua &#8211; Carnavais de Pelotas, Foli\u00f5es da Nossa Hist\u00f3ria","author":"antropologia","date":"26\/02\/2013","format":false,"excerpt":"Museu de Rua desenvolvido por alunos da Museologia e do LEPPAIS\/Antropologia da UFPel, visando a valoriza\u00e7\u00e3o das auto-representa\u00e7\u00f5es do saber popular, entendido como protagonista dessa hist\u00f3ria coletiva. Constitui uma pesquisa aberta e din\u00e2mica, com potencialidade para ser expandida e aprofundada, de acordo com as trocas que possa desencadear. \u201cCarnavais de\u2026","rel":"","context":"Em &quot;Museologia&quot;","block_context":{"text":"Museologia","link":"https:\/\/wp.ufpel.edu.br\/leppais\/category\/museologia\/"},"img":{"alt_text":"","src":"https:\/\/i0.wp.com\/wp.ufpel.edu.br\/leppais\/files\/2013\/07\/mrc-02-imprensa.jpg?resize=350%2C200&ssl=1","width":350,"height":200,"srcset":"https:\/\/i0.wp.com\/wp.ufpel.edu.br\/leppais\/files\/2013\/07\/mrc-02-imprensa.jpg?resize=350%2C200&ssl=1 1x, https:\/\/i0.wp.com\/wp.ufpel.edu.br\/leppais\/files\/2013\/07\/mrc-02-imprensa.jpg?resize=525%2C300&ssl=1 1.5x, https:\/\/i0.wp.com\/wp.ufpel.edu.br\/leppais\/files\/2013\/07\/mrc-02-imprensa.jpg?resize=700%2C400&ssl=1 2x, https:\/\/i0.wp.com\/wp.ufpel.edu.br\/leppais\/files\/2013\/07\/mrc-02-imprensa.jpg?resize=1050%2C600&ssl=1 3x"},"classes":[]},{"id":202,"url":"https:\/\/wp.ufpel.edu.br\/leppais\/2014\/08\/19\/29a-rba-oficina-de-ensaios-fotograficos-do-premio-pierre-verger\/","url_meta":{"origin":181,"position":1},"title":"29\u00aa RBA &#8211; Oficina de Ensaios Fotogr\u00e1ficos do Pr\u00eamio Pierre Verger","author":"antropologia","date":"19\/08\/2014","format":false,"excerpt":"\u00a0 Datas: 04 \u00e0 06 de agosto Hor\u00e1rio: 08:00 \u00e0s 09:30 LOCAL: GALERIA M\u00d3VEL (CONTAINER DA ZOOM) Tempo de apresenta\u00e7\u00e3o (oral e com proje\u00e7\u00e3o dos ensaios em power point): 15 min Coordenadoras: Claudia Turra Magni (UFPel) Paula Morgado Lopes (USP) Debatedores: Andreas Valentin (UERJ\/IUPERJ) Yara Schreiber Dines (USP) Resumo: O\u2026","rel":"","context":"Em &quot;Eventos&quot;","block_context":{"text":"Eventos","link":"https:\/\/wp.ufpel.edu.br\/leppais\/category\/eventos\/"},"img":{"alt_text":"","src":"https:\/\/i0.wp.com\/wp.ufpel.edu.br\/leppais\/files\/2014\/08\/ppv_oficina23.jpg?resize=350%2C200&ssl=1","width":350,"height":200,"srcset":"https:\/\/i0.wp.com\/wp.ufpel.edu.br\/leppais\/files\/2014\/08\/ppv_oficina23.jpg?resize=350%2C200&ssl=1 1x, https:\/\/i0.wp.com\/wp.ufpel.edu.br\/leppais\/files\/2014\/08\/ppv_oficina23.jpg?resize=525%2C300&ssl=1 1.5x, https:\/\/i0.wp.com\/wp.ufpel.edu.br\/leppais\/files\/2014\/08\/ppv_oficina23.jpg?resize=700%2C400&ssl=1 2x, https:\/\/i0.wp.com\/wp.ufpel.edu.br\/leppais\/files\/2014\/08\/ppv_oficina23.jpg?resize=1050%2C600&ssl=1 3x, https:\/\/i0.wp.com\/wp.ufpel.edu.br\/leppais\/files\/2014\/08\/ppv_oficina23.jpg?resize=1400%2C800&ssl=1 4x"},"classes":[]},{"id":2749,"url":"https:\/\/wp.ufpel.edu.br\/leppais\/2019\/08\/06\/submissao-de-trabalhos-para-forum\/","url_meta":{"origin":181,"position":2},"title":"Submiss\u00e3o de Trabalhos para F\u00f3rum","author":"antropologia","date":"06\/08\/2019","format":false,"excerpt":"Submiss\u00e3o de Trabalhos para o F\u00f3rum de novas abordagens em sa\u00fade mental em Pelotas que vai acontecer em 13 e 14 de setembro prorrogados at\u00e9 18\/08. Link evento (facebook)","rel":"","context":"Em &quot;Atividades&quot;","block_context":{"text":"Atividades","link":"https:\/\/wp.ufpel.edu.br\/leppais\/category\/atividades\/"},"img":{"alt_text":"","src":"https:\/\/i0.wp.com\/wp.ufpel.edu.br\/leppais\/files\/2019\/08\/IMG-20190803-WA0001.jpg?resize=350%2C200&ssl=1","width":350,"height":200,"srcset":"https:\/\/i0.wp.com\/wp.ufpel.edu.br\/leppais\/files\/2019\/08\/IMG-20190803-WA0001.jpg?resize=350%2C200&ssl=1 1x, https:\/\/i0.wp.com\/wp.ufpel.edu.br\/leppais\/files\/2019\/08\/IMG-20190803-WA0001.jpg?resize=525%2C300&ssl=1 1.5x, https:\/\/i0.wp.com\/wp.ufpel.edu.br\/leppais\/files\/2019\/08\/IMG-20190803-WA0001.jpg?resize=700%2C400&ssl=1 2x"},"classes":[]},{"id":3688,"url":"https:\/\/wp.ufpel.edu.br\/leppais\/2022\/11\/17\/exposicao-com-um-doce-olhar-pelotas-para-quem\/","url_meta":{"origin":181,"position":3},"title":"Exposi\u00e7\u00e3o: Com um doce olhar Pelotas para quem?","author":"antropologia","date":"17\/11\/2022","format":false,"excerpt":"Exposi\u00e7\u00e3o dos trabalhos realizados na Oficina imagens e grafias antropo\u00e9ticas com Emiliano Dantas","rel":"","context":"Em &quot;Antropo\u00e9ticas&quot;","block_context":{"text":"Antropo\u00e9ticas","link":"https:\/\/wp.ufpel.edu.br\/leppais\/category\/antropoeticas\/"},"img":{"alt_text":"","src":"https:\/\/i0.wp.com\/wp.ufpel.edu.br\/leppais\/files\/2022\/11\/DSC04262.jpg?resize=350%2C200","width":350,"height":200,"srcset":"https:\/\/i0.wp.com\/wp.ufpel.edu.br\/leppais\/files\/2022\/11\/DSC04262.jpg?resize=350%2C200 1x, https:\/\/i0.wp.com\/wp.ufpel.edu.br\/leppais\/files\/2022\/11\/DSC04262.jpg?resize=525%2C300 1.5x, https:\/\/i0.wp.com\/wp.ufpel.edu.br\/leppais\/files\/2022\/11\/DSC04262.jpg?resize=700%2C400 2x, https:\/\/i0.wp.com\/wp.ufpel.edu.br\/leppais\/files\/2022\/11\/DSC04262.jpg?resize=1050%2C600 3x, https:\/\/i0.wp.com\/wp.ufpel.edu.br\/leppais\/files\/2022\/11\/DSC04262.jpg?resize=1400%2C800 4x"},"classes":[]},{"id":620,"url":"https:\/\/wp.ufpel.edu.br\/leppais\/2016\/10\/08\/confraternizacao-grapeti-e-geeur\/","url_meta":{"origin":181,"position":4},"title":"Confraterniza\u00e7\u00e3o GRAPETI e GEEUR","author":"antropologia","date":"08\/10\/2016","format":false,"excerpt":"Festa de confraterniza\u00e7\u00e3o entre o GRAPETI (Grupo de Apoio \u00e0 Pesquisa Etnogr\u00e1fica com Imagem) e o GEEUR (Grupo de Estudos Etnogr\u00e1ficos Urbanos) em decorr\u00eancia da participa\u00e7\u00e3o de discentes e docentes na SIEPE (Congresso cient\u00edfico da UFPel que envolve inicia\u00e7\u00e3o cient\u00edfica - CIC, ensino de gradua\u00e7\u00e3o - CEG, extens\u00e3o e cultura\u2026","rel":"","context":"Em &quot;GRAPETI&quot;","block_context":{"text":"GRAPETI","link":"https:\/\/wp.ufpel.edu.br\/leppais\/category\/grapeti\/"},"img":{"alt_text":"","src":"https:\/\/i0.wp.com\/wp.ufpel.edu.br\/leppais\/files\/2016\/10\/festasiepecegciccec.gif?resize=350%2C200","width":350,"height":200,"srcset":"https:\/\/i0.wp.com\/wp.ufpel.edu.br\/leppais\/files\/2016\/10\/festasiepecegciccec.gif?resize=350%2C200 1x, https:\/\/i0.wp.com\/wp.ufpel.edu.br\/leppais\/files\/2016\/10\/festasiepecegciccec.gif?resize=525%2C300 1.5x, https:\/\/i0.wp.com\/wp.ufpel.edu.br\/leppais\/files\/2016\/10\/festasiepecegciccec.gif?resize=700%2C400 2x"},"classes":[]},{"id":2471,"url":"https:\/\/wp.ufpel.edu.br\/leppais\/2012\/03\/22\/reinauguracao-do-laboratorio\/","url_meta":{"origin":181,"position":5},"title":"Reinaugura\u00e7\u00e3o do Laborat\u00f3rio","author":"antropologia","date":"22\/03\/2012","format":false,"excerpt":"Agora com sala pr\u00f3pria no Instituto de Ci\u00eancias Humanas da UFPel, o LEPPAIS foi reinaugurado na tarde de 22 de mar\u00e7o de 2012 \u00e0s 14h na presen\u00e7a de Jos\u00e9 de Souza Martins (FFLCH-USP), professores do Departamento de Antropologia e alunos. Na reinaugura\u00e7\u00e3o, cada presente pode pintar um tijolo das paredes\u2026","rel":"","context":"Em &quot;Eventos&quot;","block_context":{"text":"Eventos","link":"https:\/\/wp.ufpel.edu.br\/leppais\/category\/eventos\/"},"img":{"alt_text":"","src":"https:\/\/i0.wp.com\/wp.ufpel.edu.br\/leppais\/files\/2013\/07\/dsc_0175.jpg?resize=350%2C200&ssl=1","width":350,"height":200,"srcset":"https:\/\/i0.wp.com\/wp.ufpel.edu.br\/leppais\/files\/2013\/07\/dsc_0175.jpg?resize=350%2C200&ssl=1 1x, https:\/\/i0.wp.com\/wp.ufpel.edu.br\/leppais\/files\/2013\/07\/dsc_0175.jpg?resize=525%2C300&ssl=1 1.5x, https:\/\/i0.wp.com\/wp.ufpel.edu.br\/leppais\/files\/2013\/07\/dsc_0175.jpg?resize=700%2C400&ssl=1 2x, https:\/\/i0.wp.com\/wp.ufpel.edu.br\/leppais\/files\/2013\/07\/dsc_0175.jpg?resize=1050%2C600&ssl=1 3x, https:\/\/i0.wp.com\/wp.ufpel.edu.br\/leppais\/files\/2013\/07\/dsc_0175.jpg?resize=1400%2C800&ssl=1 4x"},"classes":[]}],"jetpack_likes_enabled":true,"_links":{"self":[{"href":"https:\/\/wp.ufpel.edu.br\/leppais\/wp-json\/wp\/v2\/posts\/181","targetHints":{"allow":["GET"]}}],"collection":[{"href":"https:\/\/wp.ufpel.edu.br\/leppais\/wp-json\/wp\/v2\/posts"}],"about":[{"href":"https:\/\/wp.ufpel.edu.br\/leppais\/wp-json\/wp\/v2\/types\/post"}],"author":[{"embeddable":true,"href":"https:\/\/wp.ufpel.edu.br\/leppais\/wp-json\/wp\/v2\/users\/641"}],"replies":[{"embeddable":true,"href":"https:\/\/wp.ufpel.edu.br\/leppais\/wp-json\/wp\/v2\/comments?post=181"}],"version-history":[{"count":0,"href":"https:\/\/wp.ufpel.edu.br\/leppais\/wp-json\/wp\/v2\/posts\/181\/revisions"}],"wp:attachment":[{"href":"https:\/\/wp.ufpel.edu.br\/leppais\/wp-json\/wp\/v2\/media?parent=181"}],"wp:term":[{"taxonomy":"category","embeddable":true,"href":"https:\/\/wp.ufpel.edu.br\/leppais\/wp-json\/wp\/v2\/categories?post=181"},{"taxonomy":"post_tag","embeddable":true,"href":"https:\/\/wp.ufpel.edu.br\/leppais\/wp-json\/wp\/v2\/tags?post=181"}],"curies":[{"name":"wp","href":"https:\/\/api.w.org\/{rel}","templated":true}]}}