{"id":168,"date":"2014-03-06T09:14:00","date_gmt":"2014-03-06T12:14:00","guid":{"rendered":"http:\/\/leppais.wordpress.com\/?p=168"},"modified":"2014-03-06T09:14:00","modified_gmt":"2014-03-06T12:14:00","slug":"encontro-entre-aba-e-associacoes-de-antropologia-francesas","status":"publish","type":"post","link":"https:\/\/wp.ufpel.edu.br\/leppais\/2014\/03\/06\/encontro-entre-aba-e-associacoes-de-antropologia-francesas\/","title":{"rendered":"Encontro entre ABA e Associa\u00e7\u00f5es de Antropologia Francesas"},"content":{"rendered":"<p><a href=\"https:\/\/i0.wp.com\/wp.ufpel.edu.br\/leppais\/files\/2014\/03\/foto_-_encontro_entre_aba_e_aaf.jpg?ssl=1\"><img data-recalc-dims=\"1\" loading=\"lazy\" decoding=\"async\" data-attachment-id=\"169\" data-permalink=\"https:\/\/wp.ufpel.edu.br\/leppais\/2014\/03\/06\/encontro-entre-aba-e-associacoes-de-antropologia-francesas\/foto_-_encontro_entre_aba_e_aaf\/\" data-orig-file=\"https:\/\/i0.wp.com\/wp.ufpel.edu.br\/leppais\/files\/2014\/03\/foto_-_encontro_entre_aba_e_aaf.jpg?fit=1024%2C514&amp;ssl=1\" data-orig-size=\"1024,514\" data-comments-opened=\"0\" data-image-meta=\"{&quot;aperture&quot;:&quot;2.8&quot;,&quot;credit&quot;:&quot;&quot;,&quot;camera&quot;:&quot;iPhone 4&quot;,&quot;caption&quot;:&quot;&quot;,&quot;created_timestamp&quot;:&quot;1390922830&quot;,&quot;copyright&quot;:&quot;&quot;,&quot;focal_length&quot;:&quot;3.85&quot;,&quot;iso&quot;:&quot;400&quot;,&quot;shutter_speed&quot;:&quot;0.066666666666667&quot;,&quot;title&quot;:&quot;&quot;,&quot;orientation&quot;:&quot;1&quot;}\" data-image-title=\"foto_-_Encontro_entre_ABA_e_AAF\" data-image-description=\"\" data-image-caption=\"\" data-medium-file=\"https:\/\/i0.wp.com\/wp.ufpel.edu.br\/leppais\/files\/2014\/03\/foto_-_encontro_entre_aba_e_aaf.jpg?fit=300%2C151&amp;ssl=1\" data-large-file=\"https:\/\/i0.wp.com\/wp.ufpel.edu.br\/leppais\/files\/2014\/03\/foto_-_encontro_entre_aba_e_aaf.jpg?fit=584%2C293&amp;ssl=1\" class=\"alignnone wp-image-169\" src=\"https:\/\/i0.wp.com\/wp.ufpel.edu.br\/leppais\/files\/2014\/03\/foto_-_encontro_entre_aba_e_aaf.jpg?resize=479%2C247&#038;ssl=1\" alt=\"foto_-_Encontro_entre_ABA_e_AAF\" width=\"479\" height=\"247\" \/><\/a><\/p>\n<p><em>Da esquerda para direita: Antoine Marsac (SEF), Miriam Grossi (UFSC), Sylvaine Connors (SEF), Fran\u00e7oise Zonabend (LAS), Sylvie Sagnes, Carmen Rial (ABA), Anne Monjaret (SEF), Edilene de Lima (UFPR), Giles Raveneau (AFEA), Claudia T. Magni (UFPEL).<\/em><\/p>\n<p>Buscando estreitar contatos entre a ABA e as Associa\u00e7\u00f5es de Antropologia francesas, a Presidente da ABA, Carmen Rial, encontrou-se em Dijon, na Fran\u00e7a, com a Presidente e a Secret\u00e1ria da Soci\u00e9t\u00e9 d&#8217;Ethnologie Fran\u00e7aise (SEF), Anne Monjaret e Sylvaine Connors respectivamente, assim como com o Presidente e a Secret\u00e1ria da Associa\u00e7\u00e3o Francesa de Etnologia e Antroplogia (AFEA), Giles Raveneau e Val\u00e9rie Boidron, durante o Colloque Restitution et diffusion des donn\u00e9es d\u2019enqu\u00eate, organizado pela SEF. Tamb\u00e9m participaram do col\u00f3quio Miriam Grossi (ex-Presidente da ABA), Claudia Turra Magni (Comit\u00ea Antropologia Visual\/ABA) e Edilene C. de Lima (UFPR).<\/p>\n<p>Programa do col\u00f3quio &#8211;\u00a0<a href=\"http:\/\/www.lavue.cnrs.fr\/2actualites\/1colloques\/COLLOQUEINTERNATIONAL-RESTITUTION0-012014\/PROGRAMME-Colloque%20Restitution_definitif.pdf\" target=\"_blank\" rel=\"noopener noreferrer\">http:\/\/www.lavue.cnrs.fr\/2actualites\/1colloques\/COLLOQUEINTERNATIONAL-RESTITUTION0-012014\/PROGRAMME-Colloque%20Restitution_definitif.pdf<\/a><br \/>\nSEF &#8211;\u00a0<a href=\"http:\/\/sef.hypotheses.org\/\" target=\"_blank\" rel=\"noopener noreferrer\">http:\/\/sef.hypotheses.org<\/a><\/p>\n<p><em>Fonte: <a href=\"http:\/\/www.portal.abant.org.br\/\">http:\/\/www.portal.abant.org.br\/<\/a><\/em><\/p>\n","protected":false},"excerpt":{"rendered":"<p>Da esquerda para direita: Antoine Marsac (SEF), Miriam Grossi (UFSC), Sylvaine Connors (SEF), Fran\u00e7oise Zonabend (LAS), Sylvie Sagnes, Carmen Rial (ABA), Anne Monjaret (SEF), Edilene de Lima (UFPR), Giles Raveneau (AFEA), Claudia T. Magni (UFPEL). Buscando estreitar contatos entre a &hellip; <a href=\"https:\/\/wp.ufpel.edu.br\/leppais\/2014\/03\/06\/encontro-entre-aba-e-associacoes-de-antropologia-francesas\/\">Continue lendo <span class=\"meta-nav\">&rarr;<\/span><\/a><\/p>\n","protected":false},"author":641,"featured_media":0,"comment_status":"open","ping_status":"open","sticky":false,"template":"","format":"standard","meta":{"advanced_seo_description":"","jetpack_seo_html_title":"","jetpack_seo_noindex":false,"jetpack_post_was_ever_published":false,"_jetpack_newsletter_access":"","_jetpack_dont_email_post_to_subs":false,"_jetpack_newsletter_tier_id":0,"_jetpack_memberships_contains_paywalled_content":false,"_jetpack_memberships_contains_paid_content":false,"footnotes":"","jetpack_publicize_message":"","jetpack_publicize_feature_enabled":true,"jetpack_social_post_already_shared":true,"jetpack_social_options":{"image_generator_settings":{"template":"highway","default_image_id":0,"font":"","enabled":false},"version":2}},"categories":[1],"tags":[],"class_list":["post-168","post","type-post","status-publish","format-standard","hentry","category-noticias"],"jetpack_publicize_connections":[],"jetpack_featured_media_url":"","jetpack_sharing_enabled":true,"jetpack_shortlink":"https:\/\/wp.me\/payVYo-2I","jetpack-related-posts":[{"id":1418,"url":"https:\/\/wp.ufpel.edu.br\/leppais\/2018\/04\/11\/nota-publica-da-aba-em-defesa-da-democracia\/","url_meta":{"origin":168,"position":0},"title":"Nota p\u00fablica da ABA em defesa da democracia","author":"antropologia","date":"11\/04\/2018","format":false,"excerpt":"NOTA PU\u0301BLICA DA ABA EM DEFESA DA DEMOCRACIA \u00a0\u00a0\u00a0\u00a0\u00a0\u00a0\u00a0\u00a0 A Associac\u0327a\u0303o Brasileira de Antropologia (ABA), ciente da diversidade poli\u0301tica de seus associados e associadas, vem a pu\u0301blico se manifestar em defesa das liberdades democra\u0301ticas e dos direitos fundamentais diante de momento cri\u0301tico em que um ex-presidente, uma das lideranc\u0327as poli\u0301ticas\u2026","rel":"","context":"Em &quot;Lutas&quot;","block_context":{"text":"Lutas","link":"https:\/\/wp.ufpel.edu.br\/leppais\/category\/lutas\/"},"img":{"alt_text":"","src":"","width":0,"height":0},"classes":[]},{"id":1650,"url":"https:\/\/wp.ufpel.edu.br\/leppais\/2018\/07\/30\/congresso-mundial-da-iuaes-international-union-of-anthropological-and-ethnological-sciences-em-florianopolis-16-a-21-de-julho-de-2018\/","url_meta":{"origin":168,"position":1},"title":"Congresso mundial da IUAES (International Union of Anthropological and Ethnological Sciences), em Florian\u00f3polis (16 a 21 de julho de 2018)","author":"antropologia","date":"30\/07\/2018","format":false,"excerpt":"Miriam Grossi, Fl\u00e1via Motta e Claudia Fonseca. Lan\u00e7amento do livro: Etnografia, o esp\u00edrito da antropologia. S\u00e9rie Tecendo Linhagens. Homenagem a Claudia Fonseca. Claudia Turra Magni, Claudia Fonseca e Fl\u00e1via Motta. Lan\u00e7amento do livro: Olhar In(com)formado. Teorias e Pr\u00e1ticas da Antropologia Visual. Gabriel Alvarez, Corn\u00e9lia Eckert, Claudia Turra Magni, Lu\u00eds Felipe\u2026","rel":"","context":"Em &quot;Eventos&quot;","block_context":{"text":"Eventos","link":"https:\/\/wp.ufpel.edu.br\/leppais\/category\/eventos\/"},"img":{"alt_text":"","src":"https:\/\/i0.wp.com\/wp.ufpel.edu.br\/leppais\/files\/2018\/07\/img-20180730-wa0008.jpg?resize=350%2C200&ssl=1","width":350,"height":200,"srcset":"https:\/\/i0.wp.com\/wp.ufpel.edu.br\/leppais\/files\/2018\/07\/img-20180730-wa0008.jpg?resize=350%2C200&ssl=1 1x, https:\/\/i0.wp.com\/wp.ufpel.edu.br\/leppais\/files\/2018\/07\/img-20180730-wa0008.jpg?resize=525%2C300&ssl=1 1.5x, https:\/\/i0.wp.com\/wp.ufpel.edu.br\/leppais\/files\/2018\/07\/img-20180730-wa0008.jpg?resize=700%2C400&ssl=1 2x, https:\/\/i0.wp.com\/wp.ufpel.edu.br\/leppais\/files\/2018\/07\/img-20180730-wa0008.jpg?resize=1050%2C600&ssl=1 3x"},"classes":[]},{"id":710,"url":"https:\/\/wp.ufpel.edu.br\/leppais\/2017\/01\/11\/profa-claudia-integrara-diretoria-da-aba\/","url_meta":{"origin":168,"position":2},"title":"Prof\u00aa. Claudia integrar\u00e1 diretoria da ABA","author":"antropologia","date":"11\/01\/2017","format":false,"excerpt":"No pr\u00f3ximo dia 18 de janeiro, em Bras\u00edlia, ser\u00e1 empossada a nova diretoria da Associa\u00e7\u00e3o Brasileira de Antropologia, a ABA http:\/\/www.portal.abant.org.br\/index.php\/destaque\/1119-convite-para-posse-da-diretoria-da-aba-gestao-2017-2018 \u00c9 com grande satisfa\u00e7\u00e3o que, entre os\/as diretores\/as eleitos, temos a professora da UFPel Claudia Turra Magni, do Programa de P\u00f3s-Gradua\u00e7\u00e3o em Antropologia (PPGAnt) e do Bacharelado em Antropologia,\u2026","rel":"","context":"Em &quot;Not\u00edcias&quot;","block_context":{"text":"Not\u00edcias","link":"https:\/\/wp.ufpel.edu.br\/leppais\/category\/noticias\/"},"img":{"alt_text":"","src":"","width":0,"height":0},"classes":[]},{"id":1074,"url":"https:\/\/wp.ufpel.edu.br\/leppais\/2017\/05\/10\/notas-sobre-a-cpi-funai-incra-2\/","url_meta":{"origin":168,"position":3},"title":"Notas sobre a CPI FUNAI-INCRA 2","author":"antropologia","date":"10\/05\/2017","format":false,"excerpt":"Nota PPGAS\/Museu Nacional | Nota aPROA \/ ABA | Nota PPGAnt UFPEL | Nota UFSC | Nota ABA | Nota da ABA\/Comite\u0302 de Assuntos Indi\u0301genas | Mo\u00e7\u00e3o IUAES-CASCA | Manifesto ABA SALSA GITPA | Nota PPGAS UFRGS | Manifesta\u00e7\u00e3o ELA PPG\/ECsA UnB | PPGAS\/DAN UnB | Nota ICS \/ UnB\u2026","rel":"","context":"Em &quot;Eventos&quot;","block_context":{"text":"Eventos","link":"https:\/\/wp.ufpel.edu.br\/leppais\/category\/eventos\/"},"img":{"alt_text":"","src":"https:\/\/i0.wp.com\/wp.ufpel.edu.br\/leppais\/files\/2017\/05\/imagem.jpg?resize=350%2C200&ssl=1","width":350,"height":200,"srcset":"https:\/\/i0.wp.com\/wp.ufpel.edu.br\/leppais\/files\/2017\/05\/imagem.jpg?resize=350%2C200&ssl=1 1x, https:\/\/i0.wp.com\/wp.ufpel.edu.br\/leppais\/files\/2017\/05\/imagem.jpg?resize=525%2C300&ssl=1 1.5x, https:\/\/i0.wp.com\/wp.ufpel.edu.br\/leppais\/files\/2017\/05\/imagem.jpg?resize=700%2C400&ssl=1 2x"},"classes":[]},{"id":666,"url":"https:\/\/wp.ufpel.edu.br\/leppais\/2016\/12\/01\/parabens-tiago-lemoes\/","url_meta":{"origin":168,"position":4},"title":"Parab\u00e9ns Tiago Lem\u00f5es!","author":"antropologia","date":"01\/12\/2016","format":false,"excerpt":"Graduado e mestre pela UFPel, doutorando pela UFRGS, o pesquisador Tiago Lem\u00f5es, parceiro de pesquisa do LEPPAIS, acabar de ganhar o primeiro lugar no pr\u00eamio Antropologia e Direitos Humanos (2016) da ABA (Associa\u00e7\u00e3o Brasileira de Antropologia)., na categoria Doutorado. 1\u00ba Lugar Tiago Lem\u00f5es da Silva (PPGAS\/UFRGS) \/ Orientadora: Patrice Schuch\u2026","rel":"","context":"Em &quot;Not\u00edcias&quot;","block_context":{"text":"Not\u00edcias","link":"https:\/\/wp.ufpel.edu.br\/leppais\/category\/noticias\/"},"img":{"alt_text":"","src":"","width":0,"height":0},"classes":[]},{"id":1405,"url":"https:\/\/wp.ufpel.edu.br\/leppais\/2018\/03\/15\/nota-de-pesar-da-aba\/","url_meta":{"origin":168,"position":5},"title":"Nota de Pesar da ABA","author":"antropologia","date":"15\/03\/2018","format":false,"excerpt":"Nota de Pesar pelos assassinatos de Marielle Franco, ativista dos direitos humanos e Anderson Pedro Gomes na noite de 14 de mar\u00e7o de 2018. A Associa\u00e7\u00e3o Brasileira de Antropologia lamenta os assassinatos da vereadora do Rio de Janeiro Marielle Franco, mulher negra, militante da causa feminista e dos direitos humanos\u2026","rel":"","context":"Em &quot;Lutas&quot;","block_context":{"text":"Lutas","link":"https:\/\/wp.ufpel.edu.br\/leppais\/category\/lutas\/"},"img":{"alt_text":"","src":"","width":0,"height":0},"classes":[]}],"jetpack_likes_enabled":true,"_links":{"self":[{"href":"https:\/\/wp.ufpel.edu.br\/leppais\/wp-json\/wp\/v2\/posts\/168","targetHints":{"allow":["GET"]}}],"collection":[{"href":"https:\/\/wp.ufpel.edu.br\/leppais\/wp-json\/wp\/v2\/posts"}],"about":[{"href":"https:\/\/wp.ufpel.edu.br\/leppais\/wp-json\/wp\/v2\/types\/post"}],"author":[{"embeddable":true,"href":"https:\/\/wp.ufpel.edu.br\/leppais\/wp-json\/wp\/v2\/users\/641"}],"replies":[{"embeddable":true,"href":"https:\/\/wp.ufpel.edu.br\/leppais\/wp-json\/wp\/v2\/comments?post=168"}],"version-history":[{"count":0,"href":"https:\/\/wp.ufpel.edu.br\/leppais\/wp-json\/wp\/v2\/posts\/168\/revisions"}],"wp:attachment":[{"href":"https:\/\/wp.ufpel.edu.br\/leppais\/wp-json\/wp\/v2\/media?parent=168"}],"wp:term":[{"taxonomy":"category","embeddable":true,"href":"https:\/\/wp.ufpel.edu.br\/leppais\/wp-json\/wp\/v2\/categories?post=168"},{"taxonomy":"post_tag","embeddable":true,"href":"https:\/\/wp.ufpel.edu.br\/leppais\/wp-json\/wp\/v2\/tags?post=168"}],"curies":[{"name":"wp","href":"https:\/\/api.w.org\/{rel}","templated":true}]}}