{"id":1640,"date":"2018-07-18T13:09:10","date_gmt":"2018-07-18T16:09:10","guid":{"rendered":"https:\/\/leppais.wordpress.com\/?p=1640"},"modified":"2018-07-18T13:09:10","modified_gmt":"2018-07-18T16:09:10","slug":"18o-iuaes-international-union-of-anthropological-and-ethnological-sciences-16-07-2018","status":"publish","type":"post","link":"https:\/\/wp.ufpel.edu.br\/leppais\/2018\/07\/18\/18o-iuaes-international-union-of-anthropological-and-ethnological-sciences-16-07-2018\/","title":{"rendered":"18\u00ba IUAES (International Union of Anthropological and Ethnological Sciences) 16\/07\/2018"},"content":{"rendered":"<p><a href=\"https:\/\/i0.wp.com\/wp.ufpel.edu.br\/leppais\/files\/2018\/07\/foto-participantes.jpeg?ssl=1\"><img data-recalc-dims=\"1\" loading=\"lazy\" decoding=\"async\" data-attachment-id=\"1641\" data-permalink=\"https:\/\/wp.ufpel.edu.br\/leppais\/2018\/07\/18\/18o-iuaes-international-union-of-anthropological-and-ethnological-sciences-16-07-2018\/foto-participantes\/\" data-orig-file=\"https:\/\/i0.wp.com\/wp.ufpel.edu.br\/leppais\/files\/2018\/07\/foto-participantes.jpeg?fit=1080%2C809&amp;ssl=1\" data-orig-size=\"1080,809\" data-comments-opened=\"0\" data-image-meta=\"{&quot;aperture&quot;:&quot;0&quot;,&quot;credit&quot;:&quot;&quot;,&quot;camera&quot;:&quot;&quot;,&quot;caption&quot;:&quot;&quot;,&quot;created_timestamp&quot;:&quot;0&quot;,&quot;copyright&quot;:&quot;&quot;,&quot;focal_length&quot;:&quot;0&quot;,&quot;iso&quot;:&quot;0&quot;,&quot;shutter_speed&quot;:&quot;0&quot;,&quot;title&quot;:&quot;&quot;,&quot;orientation&quot;:&quot;0&quot;}\" data-image-title=\"foto participantes\" data-image-description=\"\" data-image-caption=\"\" data-medium-file=\"https:\/\/i0.wp.com\/wp.ufpel.edu.br\/leppais\/files\/2018\/07\/foto-participantes.jpeg?fit=300%2C225&amp;ssl=1\" data-large-file=\"https:\/\/i0.wp.com\/wp.ufpel.edu.br\/leppais\/files\/2018\/07\/foto-participantes.jpeg?fit=584%2C437&amp;ssl=1\" class=\"alignnone size-large wp-image-1641\" src=\"https:\/\/i0.wp.com\/wp.ufpel.edu.br\/leppais\/files\/2018\/07\/foto-participantes.jpeg?resize=584%2C437&#038;ssl=1\" alt=\"\" width=\"584\" height=\"437\" srcset=\"https:\/\/i0.wp.com\/wp.ufpel.edu.br\/leppais\/files\/2018\/07\/foto-participantes.jpeg?w=1080&amp;ssl=1 1080w, https:\/\/i0.wp.com\/wp.ufpel.edu.br\/leppais\/files\/2018\/07\/foto-participantes.jpeg?resize=300%2C225&amp;ssl=1 300w, https:\/\/i0.wp.com\/wp.ufpel.edu.br\/leppais\/files\/2018\/07\/foto-participantes.jpeg?resize=768%2C575&amp;ssl=1 768w, https:\/\/i0.wp.com\/wp.ufpel.edu.br\/leppais\/files\/2018\/07\/foto-participantes.jpeg?resize=1024%2C767&amp;ssl=1 1024w, https:\/\/i0.wp.com\/wp.ufpel.edu.br\/leppais\/files\/2018\/07\/foto-participantes.jpeg?resize=400%2C300&amp;ssl=1 400w\" sizes=\"auto, (max-width: 584px) 100vw, 584px\" \/><\/a><\/p>\n<div style=\"text-align:left\">\n<p>Prof\u00aa. Dr\u00aa. Fl\u00e1via Maria Rieth (UFPel),\u00a0Prof\u00aa. Dr\u00aa.\u00a0Claudia Turra Magni (UFPel),\u00a0Clara Domingas (UFBA),\u00a0Prof\u00aa. Dr\u00aa. Fabiana Bruno (UNICAMP), Prof\u00aa. Dr\u00aa. Aina Azevedo,\u00a0Guilherme Rodrigues (UFPel), Me.\u00a0Lisando Moura (UFPel),\u00a0<span lang=\"EN-US\">Me. Fernando Monteiro Camargo (UNICAMP), Me. B\u00e1rbara Inagaki (Univ. Osaka)<\/span><\/p>\n<div style=\"text-align:left\">Participantes do Painel Aberto:<\/div>\n<div style=\"text-align:left\"><strong><i>Drawing Rebounds \u2014 correspondences between anthropology and drawing\u00a0<\/i><\/strong><\/div>\n<div style=\"text-align:left\"><strong>(O retorno do desenho e suas correspond\u00eancias com a antropologia)<\/strong><\/div>\n<div style=\"text-align:left\">Coordena\u00e7\u00e3o: Aina Azevedo e Claudia Turra Magni<\/div>\n<p style=\"text-align:justify\">Resumo: Desde os prim\u00f3rdios da disciplina, os desenhos integraram etnografias, mas praticamente desapareceram de nossas publica\u00e7\u00f5es durante o s\u00e9culo 20 \u2014 talvez devido \u00e0 superestima da escrita e legitima\u00e7\u00e3o da fotografia e do v\u00eddeo como formas narrativas. Na atualidade,<span class=\"m_-234906865115027503ydp57d9abddapple-converted-space\">\u00a0<\/span><i>o retorno ao desenho<\/i><span class=\"m_-234906865115027503ydp57d9abddapple-converted-space\">\u00a0<\/span>n\u00e3o se esgota na obra acabada, no dado emp\u00edrico ou no registro do trabalho de campo, mas remete \u00e0 uma linguagem ou estilo antropol\u00f3gico pertinente, \u00e0s formas de descrever e conhecer, assim como \u00e0 transforma\u00e7\u00e3o potencializada pelo encontro com a alteridade. Neste painel salientamos o desenhar enquanto correspond\u00eancia com o outro, como processo de constru\u00e7\u00e3o do pensamento por meio da pr\u00e1tica e como uma inova\u00e7\u00e3o na forma de apresenta\u00e7\u00e3o dos nossos processos e resultados de pesquisa. Ao sublinharmos a coexist\u00eancia potencial de desenhos e antropologia, convidamos pesquisadores que desenham, tanto quanto aqueles que investigam com\/atrav\u00e9s de desenhos de seus interlocutores, para discutir sobre as possibilidades e limites desta forma de conhecer e produzir conhecimento. Di\u00e1logos com \u00e1reas t\u00e3o diversas quanto antropologia visual, antropologia gr\u00e1fica, arte, novela gr\u00e1fica, hist\u00f3ria, design, etc. s\u00e3o bem-vindos.<\/p>\n<\/div>\n","protected":false},"excerpt":{"rendered":"<p>Prof\u00aa. Dr\u00aa. Fl\u00e1via Maria Rieth (UFPel),\u00a0Prof\u00aa. Dr\u00aa.\u00a0Claudia Turra Magni (UFPel),\u00a0Clara Domingas (UFBA),\u00a0Prof\u00aa. Dr\u00aa. Fabiana Bruno (UNICAMP), Prof\u00aa. Dr\u00aa. Aina Azevedo,\u00a0Guilherme Rodrigues (UFPel), Me.\u00a0Lisando Moura (UFPel),\u00a0Me. Fernando Monteiro Camargo (UNICAMP), Me. B\u00e1rbara Inagaki (Univ. Osaka) Participantes do Painel Aberto: Drawing Rebounds &hellip; <a href=\"https:\/\/wp.ufpel.edu.br\/leppais\/2018\/07\/18\/18o-iuaes-international-union-of-anthropological-and-ethnological-sciences-16-07-2018\/\">Continue lendo <span class=\"meta-nav\">&rarr;<\/span><\/a><\/p>\n","protected":false},"author":641,"featured_media":0,"comment_status":"open","ping_status":"open","sticky":false,"template":"","format":"standard","meta":{"advanced_seo_description":"","jetpack_seo_html_title":"","jetpack_seo_noindex":false,"jetpack_post_was_ever_published":false,"_jetpack_newsletter_access":"","_jetpack_dont_email_post_to_subs":false,"_jetpack_newsletter_tier_id":0,"_jetpack_memberships_contains_paywalled_content":false,"_jetpack_memberships_contains_paid_content":false,"footnotes":"","jetpack_publicize_message":"","jetpack_publicize_feature_enabled":true,"jetpack_social_post_already_shared":true,"jetpack_social_options":{"image_generator_settings":{"template":"highway","default_image_id":0,"font":"","enabled":false},"version":2}},"categories":[9,1],"tags":[],"class_list":["post-1640","post","type-post","status-publish","format-standard","hentry","category-eventos","category-noticias"],"jetpack_publicize_connections":[],"jetpack_featured_media_url":"","jetpack_sharing_enabled":true,"jetpack_shortlink":"https:\/\/wp.me\/payVYo-qs","jetpack-related-posts":[{"id":456,"url":"https:\/\/wp.ufpel.edu.br\/leppais\/2016\/06\/25\/defesa-do-leandro-barbosa\/","url_meta":{"origin":1640,"position":0},"title":"Defesa do Leandro Barbosa","author":"antropologia","date":"25\/06\/2016","format":false,"excerpt":"Ocorrida no dia 31\/05\/2016, intitulada \u201cOs Habitantes do Guaju: um olhar etnogr\u00e1fico sobre o Bairro Guajuviras\u201d\". http:\/\/www.habitantesdoguaju.com.br\/ Banca examinadora: Prof\u00aa. Dr\u00aa. Claudia Turra Magni (Orientadora) Prof\u00aa. Dr\u00aa. Ana Luiza Carvalho da Rocha Prof\u00aa. Dr\u00aa. Flavia Maria Silva Rieth \u00a0 \u00a0","rel":"","context":"Em &quot;Bancas&quot;","block_context":{"text":"Bancas","link":"https:\/\/wp.ufpel.edu.br\/leppais\/category\/bancas\/"},"img":{"alt_text":"","src":"https:\/\/i0.wp.com\/wp.ufpel.edu.br\/leppais\/files\/2016\/06\/13494880_988182081296033_4510661152898449939_n.jpg?resize=350%2C200","width":350,"height":200,"srcset":"https:\/\/i0.wp.com\/wp.ufpel.edu.br\/leppais\/files\/2016\/06\/13494880_988182081296033_4510661152898449939_n.jpg?resize=350%2C200 1x, https:\/\/i0.wp.com\/wp.ufpel.edu.br\/leppais\/files\/2016\/06\/13494880_988182081296033_4510661152898449939_n.jpg?resize=525%2C300 1.5x, https:\/\/i0.wp.com\/wp.ufpel.edu.br\/leppais\/files\/2016\/06\/13494880_988182081296033_4510661152898449939_n.jpg?resize=700%2C400 2x"},"classes":[]},{"id":466,"url":"https:\/\/wp.ufpel.edu.br\/leppais\/2016\/06\/25\/defesa-da-joyce-lopes\/","url_meta":{"origin":1640,"position":1},"title":"Defesa da Joyce Lopes","author":"antropologia","date":"25\/06\/2016","format":false,"excerpt":"Ocorrida no dia 25\/05\/2016, intitulada \"Lugar de branca\/o e a\/o branca\/o fora do lugar: Representa\u00e7\u00f5es sobre a branquitude e suas possibilidades de antirracismo entre negra\/os e branca\/os no movimento negro em Salvador-BA\". Banca examinadora: \u00a0 \u00a0 \u00a0 \u00a0 \u00a0 \u00a0 \u00a0 \u00a0 \u00a0 \u00a0 \u00a0 \u00a0 \u00a0 \u00a0 \u00a0 \u00a0\u2026","rel":"","context":"Em &quot;Bancas&quot;","block_context":{"text":"Bancas","link":"https:\/\/wp.ufpel.edu.br\/leppais\/category\/bancas\/"},"img":{"alt_text":"","src":"https:\/\/i0.wp.com\/wp.ufpel.edu.br\/leppais\/files\/2016\/06\/13509114_988179231296318_7201435228334409476_n.jpg?resize=350%2C200","width":350,"height":200},"classes":[]},{"id":4015,"url":"https:\/\/wp.ufpel.edu.br\/leppais\/2024\/05\/20\/banca-para-profa-titular-claudia-turra-magni\/","url_meta":{"origin":1640,"position":2},"title":"Banca para Prof\u00aa Titular &#8211; Claudia Turra Magni","author":"antropologia","date":"20\/05\/2024","format":false,"excerpt":"Link: https:\/\/webconf.ufpel.edu.br\/b\/cla-xca-499","rel":"","context":"Em &quot;Bancas&quot;","block_context":{"text":"Bancas","link":"https:\/\/wp.ufpel.edu.br\/leppais\/category\/bancas\/"},"img":{"alt_text":"","src":"https:\/\/i0.wp.com\/wp.ufpel.edu.br\/leppais\/files\/2024\/05\/convitebancaclaudia.jpeg?resize=350%2C200&ssl=1","width":350,"height":200,"srcset":"https:\/\/i0.wp.com\/wp.ufpel.edu.br\/leppais\/files\/2024\/05\/convitebancaclaudia.jpeg?resize=350%2C200&ssl=1 1x, https:\/\/i0.wp.com\/wp.ufpel.edu.br\/leppais\/files\/2024\/05\/convitebancaclaudia.jpeg?resize=525%2C300&ssl=1 1.5x, https:\/\/i0.wp.com\/wp.ufpel.edu.br\/leppais\/files\/2024\/05\/convitebancaclaudia.jpeg?resize=700%2C400&ssl=1 2x, https:\/\/i0.wp.com\/wp.ufpel.edu.br\/leppais\/files\/2024\/05\/convitebancaclaudia.jpeg?resize=1050%2C600&ssl=1 3x"},"classes":[]},{"id":3070,"url":"https:\/\/wp.ufpel.edu.br\/leppais\/2020\/01\/30\/apresentacao-profa-claudia-turra-magni-em-lyon-franca\/","url_meta":{"origin":1640,"position":3},"title":"Apresenta\u00e7\u00e3o Prof\u00aa Claudia Turra Magni em Lyon\/Fran\u00e7a","author":"antropologia","date":"30\/01\/2020","format":false,"excerpt":"\"O participativo, incontorn\u00e1vel no campo da antropologia visual brasileira\"\u00a0foi a confer\u00eancia de abertura proferida pela Prof\u00aa Claudia Turra Magni na Maison des Sciences de l'Homme da Universidade Lumi\u00e8re Lyon, durante as jornadas de estudo sobre \"O Participativo na Imagem Animada\"\u00a0(23-24 janeiro de 2020). Na segunda parte da comunica\u00e7\u00e3o - \"A\u2026","rel":"","context":"Em &quot;Not\u00edcias&quot;","block_context":{"text":"Not\u00edcias","link":"https:\/\/wp.ufpel.edu.br\/leppais\/category\/noticias\/"},"img":{"alt_text":"","src":"https:\/\/i0.wp.com\/wp.ufpel.edu.br\/leppais\/files\/2020\/01\/sabia.jpg?resize=350%2C200&ssl=1","width":350,"height":200,"srcset":"https:\/\/i0.wp.com\/wp.ufpel.edu.br\/leppais\/files\/2020\/01\/sabia.jpg?resize=350%2C200&ssl=1 1x, https:\/\/i0.wp.com\/wp.ufpel.edu.br\/leppais\/files\/2020\/01\/sabia.jpg?resize=525%2C300&ssl=1 1.5x, https:\/\/i0.wp.com\/wp.ufpel.edu.br\/leppais\/files\/2020\/01\/sabia.jpg?resize=700%2C400&ssl=1 2x"},"classes":[]},{"id":1685,"url":"https:\/\/wp.ufpel.edu.br\/leppais\/2018\/08\/08\/banca-de-tcc-nayara-cardoso\/","url_meta":{"origin":1640,"position":4},"title":"Banca de TCC Nayara Cardoso","author":"antropologia","date":"08\/08\/2018","format":false,"excerpt":"Membros da banca: Prof\u00aa. Claudia Turra Magni Prof\u00aa. Patr\u00edcia Pinheiro (Videoconfer\u00eancia) Prof\u00aa. Lori Altmann","rel":"","context":"Em &quot;Bancas&quot;","block_context":{"text":"Bancas","link":"https:\/\/wp.ufpel.edu.br\/leppais\/category\/bancas\/"},"img":{"alt_text":"","src":"https:\/\/i0.wp.com\/wp.ufpel.edu.br\/leppais\/files\/2018\/09\/img-20180903-wa0014.jpg?resize=350%2C200&ssl=1","width":350,"height":200,"srcset":"https:\/\/i0.wp.com\/wp.ufpel.edu.br\/leppais\/files\/2018\/09\/img-20180903-wa0014.jpg?resize=350%2C200&ssl=1 1x, https:\/\/i0.wp.com\/wp.ufpel.edu.br\/leppais\/files\/2018\/09\/img-20180903-wa0014.jpg?resize=525%2C300&ssl=1 1.5x, https:\/\/i0.wp.com\/wp.ufpel.edu.br\/leppais\/files\/2018\/09\/img-20180903-wa0014.jpg?resize=700%2C400&ssl=1 2x, https:\/\/i0.wp.com\/wp.ufpel.edu.br\/leppais\/files\/2018\/09\/img-20180903-wa0014.jpg?resize=1050%2C600&ssl=1 3x"},"classes":[]},{"id":1696,"url":"https:\/\/wp.ufpel.edu.br\/leppais\/2018\/08\/31\/banca-mestrado-simone-assis\/","url_meta":{"origin":1640,"position":5},"title":"Banca mestrado Simone Assis","author":"antropologia","date":"31\/08\/2018","format":false,"excerpt":"Membros da banca: Prof\u00aa. Denise Jardim (Videoconfer\u00eancia) Prof\u00aa. Claudia Turra Magni Prof\u00aa. Patr\u00edcia Pinheiro Prof. Mario Maia Prof. Francisco Neto Presen\u00e7a: Bath (senegal\u00eas interlocutor da pesquisa)","rel":"","context":"Em &quot;Bancas&quot;","block_context":{"text":"Bancas","link":"https:\/\/wp.ufpel.edu.br\/leppais\/category\/bancas\/"},"img":{"alt_text":"","src":"https:\/\/i0.wp.com\/wp.ufpel.edu.br\/leppais\/files\/2018\/09\/img_8705.jpeg?resize=350%2C200","width":350,"height":200,"srcset":"https:\/\/i0.wp.com\/wp.ufpel.edu.br\/leppais\/files\/2018\/09\/img_8705.jpeg?resize=350%2C200 1x, https:\/\/i0.wp.com\/wp.ufpel.edu.br\/leppais\/files\/2018\/09\/img_8705.jpeg?resize=525%2C300 1.5x, https:\/\/i0.wp.com\/wp.ufpel.edu.br\/leppais\/files\/2018\/09\/img_8705.jpeg?resize=700%2C400 2x, https:\/\/i0.wp.com\/wp.ufpel.edu.br\/leppais\/files\/2018\/09\/img_8705.jpeg?resize=1050%2C600 3x, https:\/\/i0.wp.com\/wp.ufpel.edu.br\/leppais\/files\/2018\/09\/img_8705.jpeg?resize=1400%2C800 4x"},"classes":[]}],"jetpack_likes_enabled":true,"_links":{"self":[{"href":"https:\/\/wp.ufpel.edu.br\/leppais\/wp-json\/wp\/v2\/posts\/1640","targetHints":{"allow":["GET"]}}],"collection":[{"href":"https:\/\/wp.ufpel.edu.br\/leppais\/wp-json\/wp\/v2\/posts"}],"about":[{"href":"https:\/\/wp.ufpel.edu.br\/leppais\/wp-json\/wp\/v2\/types\/post"}],"author":[{"embeddable":true,"href":"https:\/\/wp.ufpel.edu.br\/leppais\/wp-json\/wp\/v2\/users\/641"}],"replies":[{"embeddable":true,"href":"https:\/\/wp.ufpel.edu.br\/leppais\/wp-json\/wp\/v2\/comments?post=1640"}],"version-history":[{"count":0,"href":"https:\/\/wp.ufpel.edu.br\/leppais\/wp-json\/wp\/v2\/posts\/1640\/revisions"}],"wp:attachment":[{"href":"https:\/\/wp.ufpel.edu.br\/leppais\/wp-json\/wp\/v2\/media?parent=1640"}],"wp:term":[{"taxonomy":"category","embeddable":true,"href":"https:\/\/wp.ufpel.edu.br\/leppais\/wp-json\/wp\/v2\/categories?post=1640"},{"taxonomy":"post_tag","embeddable":true,"href":"https:\/\/wp.ufpel.edu.br\/leppais\/wp-json\/wp\/v2\/tags?post=1640"}],"curies":[{"name":"wp","href":"https:\/\/api.w.org\/{rel}","templated":true}]}}