{"id":1637,"date":"2018-07-13T09:42:45","date_gmt":"2018-07-13T12:42:45","guid":{"rendered":"https:\/\/leppais.wordpress.com\/?p=1637"},"modified":"2018-07-13T09:42:45","modified_gmt":"2018-07-13T12:42:45","slug":"programacao-atividades-povos-indigenas-e-direitos-com-luiz-henrique-eloy-amado","status":"publish","type":"post","link":"https:\/\/wp.ufpel.edu.br\/leppais\/2018\/07\/13\/programacao-atividades-povos-indigenas-e-direitos-com-luiz-henrique-eloy-amado\/","title":{"rendered":"Programa\u00e7\u00e3o atividades: Povos Ind\u00edgenas e Direitos com Luiz Henrique Eloy Amado"},"content":{"rendered":"<p><a href=\"https:\/\/i0.wp.com\/wp.ufpel.edu.br\/leppais\/files\/2018\/07\/golpe-de-2016-luiz-henrique-eloy-amado-01.jpg?ssl=1\"><img data-recalc-dims=\"1\" loading=\"lazy\" decoding=\"async\" data-attachment-id=\"1638\" data-permalink=\"https:\/\/wp.ufpel.edu.br\/leppais\/2018\/07\/13\/programacao-atividades-povos-indigenas-e-direitos-com-luiz-henrique-eloy-amado\/golpe-de-2016-luiz-henrique-eloy-amado-01\/\" data-orig-file=\"https:\/\/i0.wp.com\/wp.ufpel.edu.br\/leppais\/files\/2018\/07\/golpe-de-2016-luiz-henrique-eloy-amado-01.jpg?fit=909%2C1286&amp;ssl=1\" data-orig-size=\"909,1286\" data-comments-opened=\"0\" data-image-meta=\"{&quot;aperture&quot;:&quot;0&quot;,&quot;credit&quot;:&quot;&quot;,&quot;camera&quot;:&quot;&quot;,&quot;caption&quot;:&quot;&quot;,&quot;created_timestamp&quot;:&quot;0&quot;,&quot;copyright&quot;:&quot;&quot;,&quot;focal_length&quot;:&quot;0&quot;,&quot;iso&quot;:&quot;0&quot;,&quot;shutter_speed&quot;:&quot;0&quot;,&quot;title&quot;:&quot;&quot;,&quot;orientation&quot;:&quot;0&quot;}\" data-image-title=\"Golpe de 2016 &amp;#8211; Luiz Henrique Eloy Amado-01\" data-image-description=\"\" data-image-caption=\"\" data-medium-file=\"https:\/\/i0.wp.com\/wp.ufpel.edu.br\/leppais\/files\/2018\/07\/golpe-de-2016-luiz-henrique-eloy-amado-01.jpg?fit=212%2C300&amp;ssl=1\" data-large-file=\"https:\/\/i0.wp.com\/wp.ufpel.edu.br\/leppais\/files\/2018\/07\/golpe-de-2016-luiz-henrique-eloy-amado-01.jpg?fit=584%2C826&amp;ssl=1\" class=\"alignnone size-large wp-image-1638\" src=\"https:\/\/i0.wp.com\/wp.ufpel.edu.br\/leppais\/files\/2018\/07\/golpe-de-2016-luiz-henrique-eloy-amado-01.jpg?resize=584%2C826&#038;ssl=1\" alt=\"\" width=\"584\" height=\"826\" srcset=\"https:\/\/i0.wp.com\/wp.ufpel.edu.br\/leppais\/files\/2018\/07\/golpe-de-2016-luiz-henrique-eloy-amado-01.jpg?w=909&amp;ssl=1 909w, https:\/\/i0.wp.com\/wp.ufpel.edu.br\/leppais\/files\/2018\/07\/golpe-de-2016-luiz-henrique-eloy-amado-01.jpg?resize=212%2C300&amp;ssl=1 212w, https:\/\/i0.wp.com\/wp.ufpel.edu.br\/leppais\/files\/2018\/07\/golpe-de-2016-luiz-henrique-eloy-amado-01.jpg?resize=768%2C1087&amp;ssl=1 768w, https:\/\/i0.wp.com\/wp.ufpel.edu.br\/leppais\/files\/2018\/07\/golpe-de-2016-luiz-henrique-eloy-amado-01.jpg?resize=724%2C1024&amp;ssl=1 724w\" sizes=\"auto, (max-width: 584px) 100vw, 584px\" \/><\/a><\/p>\n<p>E exibi\u00e7\u00e3o do document\u00e1rio: \u00c0 Sombra de um del\u00edrio verde. <a href=\"https:\/\/www.facebook.com\/events\/1085996768220628\/\">Link do evento no Facebook<\/a> No CINE UFPEL.<\/p>\n<p>&nbsp;<\/p>\n","protected":false},"excerpt":{"rendered":"<p>E exibi\u00e7\u00e3o do document\u00e1rio: \u00c0 Sombra de um del\u00edrio verde. Link do evento no Facebook No CINE UFPEL. &nbsp;<\/p>\n","protected":false},"author":641,"featured_media":0,"comment_status":"open","ping_status":"open","sticky":false,"template":"","format":"standard","meta":{"advanced_seo_description":"","jetpack_seo_html_title":"","jetpack_seo_noindex":false,"jetpack_post_was_ever_published":false,"_jetpack_newsletter_access":"","_jetpack_dont_email_post_to_subs":false,"_jetpack_newsletter_tier_id":0,"_jetpack_memberships_contains_paywalled_content":false,"_jetpack_memberships_contains_paid_content":false,"footnotes":"","jetpack_publicize_message":"","jetpack_publicize_feature_enabled":true,"jetpack_social_post_already_shared":true,"jetpack_social_options":{"image_generator_settings":{"template":"highway","default_image_id":0,"font":"","enabled":false},"version":2}},"categories":[3,7,9,1],"tags":[],"class_list":["post-1637","post","type-post","status-publish","format-standard","hentry","category-atividades","category-convite","category-eventos","category-noticias"],"jetpack_publicize_connections":[],"jetpack_featured_media_url":"","jetpack_sharing_enabled":true,"jetpack_shortlink":"https:\/\/wp.me\/payVYo-qp","jetpack-related-posts":[{"id":1589,"url":"https:\/\/wp.ufpel.edu.br\/leppais\/2018\/06\/19\/atencao-correcao-horarios-seminario-interno-ppgant-atividades-ii-e-iii\/","url_meta":{"origin":1637,"position":0},"title":"Aten\u00e7\u00e3o corre\u00e7\u00e3o hor\u00e1rios &#8211; Semin\u00e1rio Interno PPGAnt &#8211; Atividades II e III","author":"antropologia","date":"19\/06\/2018","format":false,"excerpt":"","rel":"","context":"Em &quot;Atividades&quot;","block_context":{"text":"Atividades","link":"https:\/\/wp.ufpel.edu.br\/leppais\/category\/atividades\/"},"img":{"alt_text":"","src":"https:\/\/i0.wp.com\/wp.ufpel.edu.br\/leppais\/files\/2018\/06\/seminario-interno-ppgant2018_v3-012.jpg?resize=350%2C200&ssl=1","width":350,"height":200,"srcset":"https:\/\/i0.wp.com\/wp.ufpel.edu.br\/leppais\/files\/2018\/06\/seminario-interno-ppgant2018_v3-012.jpg?resize=350%2C200&ssl=1 1x, https:\/\/i0.wp.com\/wp.ufpel.edu.br\/leppais\/files\/2018\/06\/seminario-interno-ppgant2018_v3-012.jpg?resize=525%2C300&ssl=1 1.5x"},"classes":[]},{"id":4448,"url":"https:\/\/wp.ufpel.edu.br\/leppais\/2025\/11\/06\/antropologia-e-arqueologia-viver-nos-extremos\/","url_meta":{"origin":1637,"position":1},"title":"ANTROPOLOGIA E ARQUEOLOGIA: VIVER NOS EXTREMOS","author":"antropologia","date":"06\/11\/2025","format":false,"excerpt":"","rel":"","context":"Em &quot;Atividades&quot;","block_context":{"text":"Atividades","link":"https:\/\/wp.ufpel.edu.br\/leppais\/category\/atividades\/"},"img":{"alt_text":"","src":"https:\/\/i0.wp.com\/wp.ufpel.edu.br\/leppais\/files\/2025\/11\/550888931_17842062312583609_1205350945675717112_n.jpg?resize=350%2C200","width":350,"height":200,"srcset":"https:\/\/i0.wp.com\/wp.ufpel.edu.br\/leppais\/files\/2025\/11\/550888931_17842062312583609_1205350945675717112_n.jpg?resize=350%2C200 1x, https:\/\/i0.wp.com\/wp.ufpel.edu.br\/leppais\/files\/2025\/11\/550888931_17842062312583609_1205350945675717112_n.jpg?resize=525%2C300 1.5x, https:\/\/i0.wp.com\/wp.ufpel.edu.br\/leppais\/files\/2025\/11\/550888931_17842062312583609_1205350945675717112_n.jpg?resize=700%2C400 2x, https:\/\/i0.wp.com\/wp.ufpel.edu.br\/leppais\/files\/2025\/11\/550888931_17842062312583609_1205350945675717112_n.jpg?resize=1050%2C600 3x"},"classes":[]},{"id":3157,"url":"https:\/\/wp.ufpel.edu.br\/leppais\/2020\/05\/21\/recampesinizacao-e-agroecologia-na-colombia-alejandro-escobar\/","url_meta":{"origin":1637,"position":2},"title":"Recampesiniza\u00e7\u00e3o e agroecologia na Col\u00f4mbia &#8211; Alejandro Escobar","author":"antropologia","date":"21\/05\/2020","format":false,"excerpt":"Link https:\/\/webconf.ufpel.edu.br\/b\/dan-37v-nxk","rel":"","context":"Em &quot;Antropo\u00e9ticas&quot;","block_context":{"text":"Antropo\u00e9ticas","link":"https:\/\/wp.ufpel.edu.br\/leppais\/category\/antropoeticas\/"},"img":{"alt_text":"","src":"https:\/\/i0.wp.com\/wp.ufpel.edu.br\/leppais\/files\/2020\/05\/Antropoeticas-AlejandroEscobar_v3.jpg?resize=350%2C200&ssl=1","width":350,"height":200,"srcset":"https:\/\/i0.wp.com\/wp.ufpel.edu.br\/leppais\/files\/2020\/05\/Antropoeticas-AlejandroEscobar_v3.jpg?resize=350%2C200&ssl=1 1x, https:\/\/i0.wp.com\/wp.ufpel.edu.br\/leppais\/files\/2020\/05\/Antropoeticas-AlejandroEscobar_v3.jpg?resize=525%2C300&ssl=1 1.5x, https:\/\/i0.wp.com\/wp.ufpel.edu.br\/leppais\/files\/2020\/05\/Antropoeticas-AlejandroEscobar_v3.jpg?resize=700%2C400&ssl=1 2x"},"classes":[]},{"id":4079,"url":"https:\/\/wp.ufpel.edu.br\/leppais\/2024\/10\/18\/encontro-internacional-maquinas-corpos-e-grafias-mediacoes-antropologicas-sobre-ia-tecnopoeticas-e-sensorialidades\/","url_meta":{"origin":1637,"position":3},"title":"Encontro Internacional \u201cM\u00e1quinas, Corpos e Grafias: Media\u00e7\u00f5es Antropol\u00f3gicas sobre IA, Tecnopo\u00e9ticas e Sensorialidades\u201d","author":"antropologia","date":"18\/10\/2024","format":false,"excerpt":"","rel":"","context":"Em &quot;Atividades&quot;","block_context":{"text":"Atividades","link":"https:\/\/wp.ufpel.edu.br\/leppais\/category\/atividades\/"},"img":{"alt_text":"","src":"https:\/\/i0.wp.com\/wp.ufpel.edu.br\/leppais\/files\/2024\/10\/DSCF8832.jpg?resize=350%2C200","width":350,"height":200,"srcset":"https:\/\/i0.wp.com\/wp.ufpel.edu.br\/leppais\/files\/2024\/10\/DSCF8832.jpg?resize=350%2C200 1x, https:\/\/i0.wp.com\/wp.ufpel.edu.br\/leppais\/files\/2024\/10\/DSCF8832.jpg?resize=525%2C300 1.5x, https:\/\/i0.wp.com\/wp.ufpel.edu.br\/leppais\/files\/2024\/10\/DSCF8832.jpg?resize=700%2C400 2x, https:\/\/i0.wp.com\/wp.ufpel.edu.br\/leppais\/files\/2024\/10\/DSCF8832.jpg?resize=1050%2C600 3x, https:\/\/i0.wp.com\/wp.ufpel.edu.br\/leppais\/files\/2024\/10\/DSCF8832.jpg?resize=1400%2C800 4x"},"classes":[]},{"id":4355,"url":"https:\/\/wp.ufpel.edu.br\/leppais\/2025\/06\/30\/ministrantes-do-curso-producao-audiovisual-e-sistematizacao-de-acervos-em-antropologia\/","url_meta":{"origin":1637,"position":4},"title":"Ministrantes do curso: Produ\u00e7\u00e3o (audio)visual e sistematiza\u00e7\u00e3o de acervos em Antropologia","author":"antropologia","date":"30\/06\/2025","format":false,"excerpt":"","rel":"","context":"Em &quot;Atividades&quot;","block_context":{"text":"Atividades","link":"https:\/\/wp.ufpel.edu.br\/leppais\/category\/atividades\/"},"img":{"alt_text":"","src":"https:\/\/i0.wp.com\/wp.ufpel.edu.br\/leppais\/files\/2025\/06\/WhatsApp-Image-2025-06-25-at-11.21.35-1.jpeg?resize=350%2C200","width":350,"height":200,"srcset":"https:\/\/i0.wp.com\/wp.ufpel.edu.br\/leppais\/files\/2025\/06\/WhatsApp-Image-2025-06-25-at-11.21.35-1.jpeg?resize=350%2C200 1x, https:\/\/i0.wp.com\/wp.ufpel.edu.br\/leppais\/files\/2025\/06\/WhatsApp-Image-2025-06-25-at-11.21.35-1.jpeg?resize=525%2C300 1.5x, https:\/\/i0.wp.com\/wp.ufpel.edu.br\/leppais\/files\/2025\/06\/WhatsApp-Image-2025-06-25-at-11.21.35-1.jpeg?resize=700%2C400 2x, https:\/\/i0.wp.com\/wp.ufpel.edu.br\/leppais\/files\/2025\/06\/WhatsApp-Image-2025-06-25-at-11.21.35-1.jpeg?resize=1050%2C600 3x"},"classes":[]},{"id":2894,"url":"https:\/\/wp.ufpel.edu.br\/leppais\/2019\/10\/09\/antropoeticas-el-candombe\/","url_meta":{"origin":1637,"position":5},"title":"Antropo\u00e9ticas: El candombe","author":"antropologia","date":"09\/10\/2019","format":false,"excerpt":"El candombe: performance, percep\u00e7\u00e3o e os sentidos. Doutorando: Lisandro Moura","rel":"","context":"Em &quot;Antropo\u00e9ticas&quot;","block_context":{"text":"Antropo\u00e9ticas","link":"https:\/\/wp.ufpel.edu.br\/leppais\/category\/antropoeticas\/"},"img":{"alt_text":"","src":"https:\/\/i0.wp.com\/wp.ufpel.edu.br\/leppais\/files\/2019\/10\/Fotografia-de-Daniele-Borges.jpg?resize=350%2C200","width":350,"height":200,"srcset":"https:\/\/i0.wp.com\/wp.ufpel.edu.br\/leppais\/files\/2019\/10\/Fotografia-de-Daniele-Borges.jpg?resize=350%2C200 1x, https:\/\/i0.wp.com\/wp.ufpel.edu.br\/leppais\/files\/2019\/10\/Fotografia-de-Daniele-Borges.jpg?resize=525%2C300 1.5x, https:\/\/i0.wp.com\/wp.ufpel.edu.br\/leppais\/files\/2019\/10\/Fotografia-de-Daniele-Borges.jpg?resize=700%2C400 2x"},"classes":[]}],"jetpack_likes_enabled":true,"_links":{"self":[{"href":"https:\/\/wp.ufpel.edu.br\/leppais\/wp-json\/wp\/v2\/posts\/1637","targetHints":{"allow":["GET"]}}],"collection":[{"href":"https:\/\/wp.ufpel.edu.br\/leppais\/wp-json\/wp\/v2\/posts"}],"about":[{"href":"https:\/\/wp.ufpel.edu.br\/leppais\/wp-json\/wp\/v2\/types\/post"}],"author":[{"embeddable":true,"href":"https:\/\/wp.ufpel.edu.br\/leppais\/wp-json\/wp\/v2\/users\/641"}],"replies":[{"embeddable":true,"href":"https:\/\/wp.ufpel.edu.br\/leppais\/wp-json\/wp\/v2\/comments?post=1637"}],"version-history":[{"count":0,"href":"https:\/\/wp.ufpel.edu.br\/leppais\/wp-json\/wp\/v2\/posts\/1637\/revisions"}],"wp:attachment":[{"href":"https:\/\/wp.ufpel.edu.br\/leppais\/wp-json\/wp\/v2\/media?parent=1637"}],"wp:term":[{"taxonomy":"category","embeddable":true,"href":"https:\/\/wp.ufpel.edu.br\/leppais\/wp-json\/wp\/v2\/categories?post=1637"},{"taxonomy":"post_tag","embeddable":true,"href":"https:\/\/wp.ufpel.edu.br\/leppais\/wp-json\/wp\/v2\/tags?post=1637"}],"curies":[{"name":"wp","href":"https:\/\/api.w.org\/{rel}","templated":true}]}}