{"id":1627,"date":"2018-07-09T10:48:34","date_gmt":"2018-07-09T13:48:34","guid":{"rendered":"https:\/\/leppais.wordpress.com\/?p=1627"},"modified":"2018-07-09T10:48:34","modified_gmt":"2018-07-09T13:48:34","slug":"programa-nos-nosotros-07-07-2018-cidades-em-transe-margens-em-transformacao","status":"publish","type":"post","link":"https:\/\/wp.ufpel.edu.br\/leppais\/2018\/07\/09\/programa-nos-nosotros-07-07-2018-cidades-em-transe-margens-em-transformacao\/","title":{"rendered":"Programa N\u00f3s Nosotros 07\/07\/2018: Cidades em Transe: Margens em Transforma\u00e7\u00e3o"},"content":{"rendered":"<div class=\"tiled-gallery type-rectangular tiled-gallery-unresized\" data-original-width=\"584\" data-carousel-extra='{&quot;blog_id&quot;:939,&quot;permalink&quot;:&quot;https:\\\/\\\/wp.ufpel.edu.br\\\/leppais\\\/2018\\\/07\\\/09\\\/programa-nos-nosotros-07-07-2018-cidades-em-transe-margens-em-transformacao\\\/&quot;,&quot;likes_blog_id&quot;:156089364}' itemscope itemtype=\"http:\/\/schema.org\/ImageGallery\" > <div class=\"gallery-row\" style=\"width: 584px; height: 293px;\" data-original-width=\"584\" data-original-height=\"293\" > <div class=\"gallery-group images-1\" style=\"width: 390px; height: 293px;\" data-original-width=\"390\" data-original-height=\"293\" > <div class=\"tiled-gallery-item tiled-gallery-item-large\" itemprop=\"associatedMedia\" itemscope itemtype=\"http:\/\/schema.org\/ImageObject\"> <a href=\"https:\/\/i0.wp.com\/wp.ufpel.edu.br\/leppais\/files\/2018\/07\/img-20180708-wa0031.jpg?ssl=1\" border=\"0\" itemprop=\"url\"> <meta itemprop=\"width\" content=\"386\"> <meta itemprop=\"height\" content=\"289\"> <img decoding=\"async\" class=\"\" data-attachment-id=\"1631\" data-orig-file=\"https:\/\/wp.ufpel.edu.br\/leppais\/files\/2018\/07\/img-20180708-wa0031.jpg\" data-orig-size=\"1280,960\" data-comments-opened=\"\" data-image-meta=\"{&quot;aperture&quot;:&quot;0&quot;,&quot;credit&quot;:&quot;&quot;,&quot;camera&quot;:&quot;&quot;,&quot;caption&quot;:&quot;&quot;,&quot;created_timestamp&quot;:&quot;0&quot;,&quot;copyright&quot;:&quot;&quot;,&quot;focal_length&quot;:&quot;0&quot;,&quot;iso&quot;:&quot;0&quot;,&quot;shutter_speed&quot;:&quot;0&quot;,&quot;title&quot;:&quot;&quot;,&quot;orientation&quot;:&quot;0&quot;}\" data-image-title=\"IMG-20180708-WA0031\" data-image-description=\"\" data-medium-file=\"https:\/\/i0.wp.com\/wp.ufpel.edu.br\/leppais\/files\/2018\/07\/img-20180708-wa0031.jpg?fit=300%2C225&#038;ssl=1\" data-large-file=\"https:\/\/i0.wp.com\/wp.ufpel.edu.br\/leppais\/files\/2018\/07\/img-20180708-wa0031.jpg?fit=584%2C438&#038;ssl=1\" src=\"https:\/\/i0.wp.com\/wp.ufpel.edu.br\/leppais\/files\/2018\/07\/img-20180708-wa0031.jpg?w=386&#038;h=289&#038;ssl=1\" srcset=\"https:\/\/i0.wp.com\/wp.ufpel.edu.br\/leppais\/files\/2018\/07\/img-20180708-wa0031.jpg?w=1280&amp;ssl=1 1280w, https:\/\/i0.wp.com\/wp.ufpel.edu.br\/leppais\/files\/2018\/07\/img-20180708-wa0031.jpg?resize=300%2C225&amp;ssl=1 300w, https:\/\/i0.wp.com\/wp.ufpel.edu.br\/leppais\/files\/2018\/07\/img-20180708-wa0031.jpg?resize=768%2C576&amp;ssl=1 768w, https:\/\/i0.wp.com\/wp.ufpel.edu.br\/leppais\/files\/2018\/07\/img-20180708-wa0031.jpg?resize=1024%2C768&amp;ssl=1 1024w, https:\/\/i0.wp.com\/wp.ufpel.edu.br\/leppais\/files\/2018\/07\/img-20180708-wa0031.jpg?resize=400%2C300&amp;ssl=1 400w, https:\/\/i0.wp.com\/wp.ufpel.edu.br\/leppais\/files\/2018\/07\/img-20180708-wa0031.jpg?w=1168&amp;ssl=1 1168w\" width=\"386\" height=\"289\" loading=\"lazy\" data-original-width=\"386\" data-original-height=\"289\" itemprop=\"http:\/\/schema.org\/image\" title=\"IMG-20180708-WA0031\" alt=\"IMG-20180708-WA0031\" style=\"width: 386px; height: 289px;\" \/> <\/a> <\/div> <\/div> <!-- close group --> <div class=\"gallery-group images-2\" style=\"width: 194px; height: 293px;\" data-original-width=\"194\" data-original-height=\"293\" > <div class=\"tiled-gallery-item tiled-gallery-item-small\" itemprop=\"associatedMedia\" itemscope itemtype=\"http:\/\/schema.org\/ImageObject\"> <a href=\"https:\/\/i0.wp.com\/wp.ufpel.edu.br\/leppais\/files\/2018\/07\/img-20180708-wa0027.jpg?ssl=1\" border=\"0\" itemprop=\"url\"> <meta itemprop=\"width\" content=\"190\"> <meta itemprop=\"height\" content=\"143\"> <img decoding=\"async\" class=\"\" data-attachment-id=\"1629\" data-orig-file=\"https:\/\/wp.ufpel.edu.br\/leppais\/files\/2018\/07\/img-20180708-wa0027.jpg\" data-orig-size=\"1280,960\" data-comments-opened=\"\" data-image-meta=\"{&quot;aperture&quot;:&quot;0&quot;,&quot;credit&quot;:&quot;&quot;,&quot;camera&quot;:&quot;&quot;,&quot;caption&quot;:&quot;&quot;,&quot;created_timestamp&quot;:&quot;0&quot;,&quot;copyright&quot;:&quot;&quot;,&quot;focal_length&quot;:&quot;0&quot;,&quot;iso&quot;:&quot;0&quot;,&quot;shutter_speed&quot;:&quot;0&quot;,&quot;title&quot;:&quot;&quot;,&quot;orientation&quot;:&quot;0&quot;}\" data-image-title=\"IMG-20180708-WA0027\" data-image-description=\"\" data-medium-file=\"https:\/\/i0.wp.com\/wp.ufpel.edu.br\/leppais\/files\/2018\/07\/img-20180708-wa0027.jpg?fit=300%2C225&#038;ssl=1\" data-large-file=\"https:\/\/i0.wp.com\/wp.ufpel.edu.br\/leppais\/files\/2018\/07\/img-20180708-wa0027.jpg?fit=584%2C438&#038;ssl=1\" src=\"https:\/\/i0.wp.com\/wp.ufpel.edu.br\/leppais\/files\/2018\/07\/img-20180708-wa0027.jpg?w=190&#038;h=143&#038;ssl=1\" srcset=\"https:\/\/i0.wp.com\/wp.ufpel.edu.br\/leppais\/files\/2018\/07\/img-20180708-wa0027.jpg?w=1280&amp;ssl=1 1280w, https:\/\/i0.wp.com\/wp.ufpel.edu.br\/leppais\/files\/2018\/07\/img-20180708-wa0027.jpg?resize=300%2C225&amp;ssl=1 300w, https:\/\/i0.wp.com\/wp.ufpel.edu.br\/leppais\/files\/2018\/07\/img-20180708-wa0027.jpg?resize=768%2C576&amp;ssl=1 768w, https:\/\/i0.wp.com\/wp.ufpel.edu.br\/leppais\/files\/2018\/07\/img-20180708-wa0027.jpg?resize=1024%2C768&amp;ssl=1 1024w, https:\/\/i0.wp.com\/wp.ufpel.edu.br\/leppais\/files\/2018\/07\/img-20180708-wa0027.jpg?resize=400%2C300&amp;ssl=1 400w, https:\/\/i0.wp.com\/wp.ufpel.edu.br\/leppais\/files\/2018\/07\/img-20180708-wa0027.jpg?w=1168&amp;ssl=1 1168w\" width=\"190\" height=\"143\" loading=\"lazy\" data-original-width=\"190\" data-original-height=\"143\" itemprop=\"http:\/\/schema.org\/image\" title=\"IMG-20180708-WA0027\" alt=\"IMG-20180708-WA0027\" style=\"width: 190px; height: 143px;\" \/> <\/a> <\/div> <div class=\"tiled-gallery-item tiled-gallery-item-small\" itemprop=\"associatedMedia\" itemscope itemtype=\"http:\/\/schema.org\/ImageObject\"> <a href=\"https:\/\/i0.wp.com\/wp.ufpel.edu.br\/leppais\/files\/2018\/07\/img-20180708-wa0026.jpg?ssl=1\" border=\"0\" itemprop=\"url\"> <meta itemprop=\"width\" content=\"190\"> <meta itemprop=\"height\" content=\"142\"> <img decoding=\"async\" class=\"\" data-attachment-id=\"1628\" data-orig-file=\"https:\/\/wp.ufpel.edu.br\/leppais\/files\/2018\/07\/img-20180708-wa0026.jpg\" data-orig-size=\"1280,960\" data-comments-opened=\"\" data-image-meta=\"{&quot;aperture&quot;:&quot;0&quot;,&quot;credit&quot;:&quot;&quot;,&quot;camera&quot;:&quot;&quot;,&quot;caption&quot;:&quot;&quot;,&quot;created_timestamp&quot;:&quot;0&quot;,&quot;copyright&quot;:&quot;&quot;,&quot;focal_length&quot;:&quot;0&quot;,&quot;iso&quot;:&quot;0&quot;,&quot;shutter_speed&quot;:&quot;0&quot;,&quot;title&quot;:&quot;&quot;,&quot;orientation&quot;:&quot;0&quot;}\" data-image-title=\"IMG-20180708-WA0026\" data-image-description=\"\" data-medium-file=\"https:\/\/i0.wp.com\/wp.ufpel.edu.br\/leppais\/files\/2018\/07\/img-20180708-wa0026.jpg?fit=300%2C225&#038;ssl=1\" data-large-file=\"https:\/\/i0.wp.com\/wp.ufpel.edu.br\/leppais\/files\/2018\/07\/img-20180708-wa0026.jpg?fit=584%2C438&#038;ssl=1\" src=\"https:\/\/i0.wp.com\/wp.ufpel.edu.br\/leppais\/files\/2018\/07\/img-20180708-wa0026.jpg?w=190&#038;h=142&#038;ssl=1\" srcset=\"https:\/\/i0.wp.com\/wp.ufpel.edu.br\/leppais\/files\/2018\/07\/img-20180708-wa0026.jpg?w=1280&amp;ssl=1 1280w, https:\/\/i0.wp.com\/wp.ufpel.edu.br\/leppais\/files\/2018\/07\/img-20180708-wa0026.jpg?resize=300%2C225&amp;ssl=1 300w, https:\/\/i0.wp.com\/wp.ufpel.edu.br\/leppais\/files\/2018\/07\/img-20180708-wa0026.jpg?resize=768%2C576&amp;ssl=1 768w, https:\/\/i0.wp.com\/wp.ufpel.edu.br\/leppais\/files\/2018\/07\/img-20180708-wa0026.jpg?resize=1024%2C768&amp;ssl=1 1024w, https:\/\/i0.wp.com\/wp.ufpel.edu.br\/leppais\/files\/2018\/07\/img-20180708-wa0026.jpg?resize=400%2C300&amp;ssl=1 400w, https:\/\/i0.wp.com\/wp.ufpel.edu.br\/leppais\/files\/2018\/07\/img-20180708-wa0026.jpg?w=1168&amp;ssl=1 1168w\" width=\"190\" height=\"142\" loading=\"lazy\" data-original-width=\"190\" data-original-height=\"142\" itemprop=\"http:\/\/schema.org\/image\" title=\"IMG-20180708-WA0026\" alt=\"IMG-20180708-WA0026\" style=\"width: 190px; height: 142px;\" \/> <\/a> <\/div> <\/div> <!-- close group --> <\/div> <!-- close row --> <div class=\"gallery-row\" style=\"width: 584px; height: 439px;\" data-original-width=\"584\" data-original-height=\"439\" > <div class=\"gallery-group images-1\" style=\"width: 584px; height: 439px;\" data-original-width=\"584\" data-original-height=\"439\" > <div class=\"tiled-gallery-item tiled-gallery-item-large\" itemprop=\"associatedMedia\" itemscope itemtype=\"http:\/\/schema.org\/ImageObject\"> <a href=\"https:\/\/i0.wp.com\/wp.ufpel.edu.br\/leppais\/files\/2018\/07\/img-20180708-wa0029.jpg?ssl=1\" border=\"0\" itemprop=\"url\"> <meta itemprop=\"width\" content=\"580\"> <meta itemprop=\"height\" content=\"435\"> <img decoding=\"async\" class=\"\" data-attachment-id=\"1630\" data-orig-file=\"https:\/\/wp.ufpel.edu.br\/leppais\/files\/2018\/07\/img-20180708-wa0029.jpg\" data-orig-size=\"1280,960\" data-comments-opened=\"\" data-image-meta=\"{&quot;aperture&quot;:&quot;0&quot;,&quot;credit&quot;:&quot;&quot;,&quot;camera&quot;:&quot;&quot;,&quot;caption&quot;:&quot;&quot;,&quot;created_timestamp&quot;:&quot;0&quot;,&quot;copyright&quot;:&quot;&quot;,&quot;focal_length&quot;:&quot;0&quot;,&quot;iso&quot;:&quot;0&quot;,&quot;shutter_speed&quot;:&quot;0&quot;,&quot;title&quot;:&quot;&quot;,&quot;orientation&quot;:&quot;0&quot;}\" data-image-title=\"IMG-20180708-WA0029\" data-image-description=\"\" data-medium-file=\"https:\/\/i0.wp.com\/wp.ufpel.edu.br\/leppais\/files\/2018\/07\/img-20180708-wa0029.jpg?fit=300%2C225&#038;ssl=1\" data-large-file=\"https:\/\/i0.wp.com\/wp.ufpel.edu.br\/leppais\/files\/2018\/07\/img-20180708-wa0029.jpg?fit=584%2C438&#038;ssl=1\" src=\"https:\/\/i0.wp.com\/wp.ufpel.edu.br\/leppais\/files\/2018\/07\/img-20180708-wa0029.jpg?w=580&#038;h=435&#038;ssl=1\" srcset=\"https:\/\/i0.wp.com\/wp.ufpel.edu.br\/leppais\/files\/2018\/07\/img-20180708-wa0029.jpg?w=1280&amp;ssl=1 1280w, https:\/\/i0.wp.com\/wp.ufpel.edu.br\/leppais\/files\/2018\/07\/img-20180708-wa0029.jpg?resize=300%2C225&amp;ssl=1 300w, https:\/\/i0.wp.com\/wp.ufpel.edu.br\/leppais\/files\/2018\/07\/img-20180708-wa0029.jpg?resize=768%2C576&amp;ssl=1 768w, https:\/\/i0.wp.com\/wp.ufpel.edu.br\/leppais\/files\/2018\/07\/img-20180708-wa0029.jpg?resize=1024%2C768&amp;ssl=1 1024w, https:\/\/i0.wp.com\/wp.ufpel.edu.br\/leppais\/files\/2018\/07\/img-20180708-wa0029.jpg?resize=400%2C300&amp;ssl=1 400w, https:\/\/i0.wp.com\/wp.ufpel.edu.br\/leppais\/files\/2018\/07\/img-20180708-wa0029.jpg?w=1168&amp;ssl=1 1168w\" width=\"580\" height=\"435\" loading=\"lazy\" data-original-width=\"580\" data-original-height=\"435\" itemprop=\"http:\/\/schema.org\/image\" title=\"IMG-20180708-WA0029\" alt=\"IMG-20180708-WA0029\" style=\"width: 580px; height: 435px;\" \/> <\/a> <\/div> <\/div> <!-- close group --> <\/div> <!-- close row --> <\/div>\n<p>Programa na \u00edntegra\u00a0<strong><a href=\"https:\/\/leppais.wordpress.com\/producoes\/programas-radiofonicos\/\">aqui<\/a><\/strong><\/p>\n","protected":false},"excerpt":{"rendered":"<p>Programa na \u00edntegra\u00a0aqui<\/p>\n","protected":false},"author":641,"featured_media":0,"comment_status":"open","ping_status":"open","sticky":false,"template":"","format":"standard","meta":{"advanced_seo_description":"","jetpack_seo_html_title":"","jetpack_seo_noindex":false,"jetpack_post_was_ever_published":false,"_jetpack_newsletter_access":"","_jetpack_dont_email_post_to_subs":false,"_jetpack_newsletter_tier_id":0,"_jetpack_memberships_contains_paywalled_content":false,"_jetpack_memberships_contains_paid_content":false,"footnotes":"","jetpack_publicize_message":"","jetpack_publicize_feature_enabled":true,"jetpack_social_post_already_shared":true,"jetpack_social_options":{"image_generator_settings":{"template":"highway","default_image_id":0,"font":"","enabled":false},"version":2}},"categories":[3,9,13,1,15],"tags":[],"class_list":["post-1627","post","type-post","status-publish","format-standard","hentry","category-atividades","category-eventos","category-nos-nosotros","category-noticias","category-uncategorized"],"jetpack_publicize_connections":[],"jetpack_featured_media_url":"","jetpack_sharing_enabled":true,"jetpack_shortlink":"https:\/\/wp.me\/payVYo-qf","jetpack-related-posts":[{"id":1645,"url":"https:\/\/wp.ufpel.edu.br\/leppais\/2018\/07\/24\/programa-nos-nosotros-21-07-2018-regulamentacao-da-profissao-de-arqueologo-i-estudantes\/","url_meta":{"origin":1627,"position":0},"title":"Programa N\u00f3s Nosotros 21\/07\/2018: Regulamenta\u00e7\u00e3o da Profiss\u00e3o de Arque\u00f3logo I &#8211; Estudantes","author":"antropologia","date":"24\/07\/2018","format":false,"excerpt":"Esse e outros programas na \u00edntegra aqui.","rel":"","context":"Em &quot;N\u00f3s Nosotros&quot;","block_context":{"text":"N\u00f3s Nosotros","link":"https:\/\/wp.ufpel.edu.br\/leppais\/category\/nos-nosotros\/"},"img":{"alt_text":"","src":"https:\/\/i0.wp.com\/wp.ufpel.edu.br\/leppais\/files\/2018\/07\/img-20180721-wa0008.jpg?resize=350%2C200","width":350,"height":200,"srcset":"https:\/\/i0.wp.com\/wp.ufpel.edu.br\/leppais\/files\/2018\/07\/img-20180721-wa0008.jpg?resize=350%2C200 1x, https:\/\/i0.wp.com\/wp.ufpel.edu.br\/leppais\/files\/2018\/07\/img-20180721-wa0008.jpg?resize=525%2C300 1.5x, https:\/\/i0.wp.com\/wp.ufpel.edu.br\/leppais\/files\/2018\/07\/img-20180721-wa0008.jpg?resize=700%2C400 2x, https:\/\/i0.wp.com\/wp.ufpel.edu.br\/leppais\/files\/2018\/07\/img-20180721-wa0008.jpg?resize=1050%2C600 3x"},"classes":[]},{"id":1495,"url":"https:\/\/wp.ufpel.edu.br\/leppais\/2018\/05\/07\/programa-nos-nosotros-05-05-2018\/","url_meta":{"origin":1627,"position":1},"title":"Programa Nos Nosotros 05\/05\/2018.","author":"antropologia","date":"07\/05\/2018","format":false,"excerpt":"Programas na \u00edntegra","rel":"","context":"Em &quot;Not\u00edcias&quot;","block_context":{"text":"Not\u00edcias","link":"https:\/\/wp.ufpel.edu.br\/leppais\/category\/noticias\/"},"img":{"alt_text":"","src":"https:\/\/i0.wp.com\/wp.ufpel.edu.br\/leppais\/files\/2018\/05\/img_3153_blog.jpg?resize=350%2C200&ssl=1","width":350,"height":200,"srcset":"https:\/\/i0.wp.com\/wp.ufpel.edu.br\/leppais\/files\/2018\/05\/img_3153_blog.jpg?resize=350%2C200&ssl=1 1x, https:\/\/i0.wp.com\/wp.ufpel.edu.br\/leppais\/files\/2018\/05\/img_3153_blog.jpg?resize=525%2C300&ssl=1 1.5x, https:\/\/i0.wp.com\/wp.ufpel.edu.br\/leppais\/files\/2018\/05\/img_3153_blog.jpg?resize=700%2C400&ssl=1 2x"},"classes":[]},{"id":1662,"url":"https:\/\/wp.ufpel.edu.br\/leppais\/2018\/08\/01\/programa-nos-nosotros-28-07-2018-i-semana-da-mulher-negra-latino-americana-e-caribenha-de-pelotas\/","url_meta":{"origin":1627,"position":2},"title":"Programa N\u00f3s Nosotros 28\/07\/2018: I Semana da Mulher Negra Latino-Americana e Caribenha de Pelotas","author":"antropologia","date":"01\/08\/2018","format":false,"excerpt":"Esse e outros programas na \u00edntegra\u00a0aqui.","rel":"","context":"Em &quot;N\u00f3s Nosotros&quot;","block_context":{"text":"N\u00f3s Nosotros","link":"https:\/\/wp.ufpel.edu.br\/leppais\/category\/nos-nosotros\/"},"img":{"alt_text":"","src":"https:\/\/i0.wp.com\/wp.ufpel.edu.br\/leppais\/files\/2018\/08\/img_3548.jpg?resize=350%2C200&ssl=1","width":350,"height":200,"srcset":"https:\/\/i0.wp.com\/wp.ufpel.edu.br\/leppais\/files\/2018\/08\/img_3548.jpg?resize=350%2C200&ssl=1 1x, https:\/\/i0.wp.com\/wp.ufpel.edu.br\/leppais\/files\/2018\/08\/img_3548.jpg?resize=525%2C300&ssl=1 1.5x, https:\/\/i0.wp.com\/wp.ufpel.edu.br\/leppais\/files\/2018\/08\/img_3548.jpg?resize=700%2C400&ssl=1 2x"},"classes":[]},{"id":3384,"url":"https:\/\/wp.ufpel.edu.br\/leppais\/2021\/07\/22\/entrevista-prof-a-dra-claudia-turra-magni-no-programa-nos-nosotros-da-radiocom-104-5-fm\/","url_meta":{"origin":1627,"position":3},"title":"Entrevista Prof.\u00aa Dr\u00aa. Claudia Turra Magni no Programa N\u00f3s Nosotros da RadioCom 104.5 FM","author":"antropologia","date":"22\/07\/2021","format":false,"excerpt":"http:\/\/www.radiocom.org.br\/ | Facebook | Youtube","rel":"","context":"Em &quot;Convite&quot;","block_context":{"text":"Convite","link":"https:\/\/wp.ufpel.edu.br\/leppais\/category\/convite\/"},"img":{"alt_text":"","src":"https:\/\/i0.wp.com\/wp.ufpel.edu.br\/leppais\/files\/2021\/07\/nos-nosotros.jpeg?resize=350%2C200&ssl=1","width":350,"height":200,"srcset":"https:\/\/i0.wp.com\/wp.ufpel.edu.br\/leppais\/files\/2021\/07\/nos-nosotros.jpeg?resize=350%2C200&ssl=1 1x, https:\/\/i0.wp.com\/wp.ufpel.edu.br\/leppais\/files\/2021\/07\/nos-nosotros.jpeg?resize=525%2C300&ssl=1 1.5x, https:\/\/i0.wp.com\/wp.ufpel.edu.br\/leppais\/files\/2021\/07\/nos-nosotros.jpeg?resize=700%2C400&ssl=1 2x"},"classes":[]},{"id":1612,"url":"https:\/\/wp.ufpel.edu.br\/leppais\/2018\/06\/27\/programa-nos-nosotros-23-06-2018-tema-ditadura\/","url_meta":{"origin":1627,"position":4},"title":"Programa N\u00f3s Nosotros 23\/06\/2018: Tema Ditadura","author":"antropologia","date":"27\/06\/2018","format":false,"excerpt":"Programa na \u00edntegra aqui","rel":"","context":"Em &quot;Atividades&quot;","block_context":{"text":"Atividades","link":"https:\/\/wp.ufpel.edu.br\/leppais\/category\/atividades\/"},"img":{"alt_text":"","src":"https:\/\/i0.wp.com\/wp.ufpel.edu.br\/leppais\/files\/2018\/06\/img_3316.jpg?resize=350%2C200&ssl=1","width":350,"height":200,"srcset":"https:\/\/i0.wp.com\/wp.ufpel.edu.br\/leppais\/files\/2018\/06\/img_3316.jpg?resize=350%2C200&ssl=1 1x, https:\/\/i0.wp.com\/wp.ufpel.edu.br\/leppais\/files\/2018\/06\/img_3316.jpg?resize=525%2C300&ssl=1 1.5x, https:\/\/i0.wp.com\/wp.ufpel.edu.br\/leppais\/files\/2018\/06\/img_3316.jpg?resize=700%2C400&ssl=1 2x"},"classes":[]},{"id":1318,"url":"https:\/\/wp.ufpel.edu.br\/leppais\/2017\/12\/27\/programa-do-curso-de-antropologia-na-radiocom\/","url_meta":{"origin":1627,"position":5},"title":"Programa do Curso de Antropologia na RadioCom","author":"antropologia","date":"27\/12\/2017","format":false,"excerpt":"NOS NOSOTROS: ANTROPOFONIAS E CHARLAS, dia 16 de dezembro, sobre o Projeto para o Memorial da Esta\u00e7\u00e3o F\u00e9rrea, com a presen\u00e7a de membros da equipe de pesquisa e dos ferrovi\u00e1rios Orlando Chagas e Rubinho. \u00a0","rel":"","context":"Em &quot;Not\u00edcias&quot;","block_context":{"text":"Not\u00edcias","link":"https:\/\/wp.ufpel.edu.br\/leppais\/category\/noticias\/"},"img":{"alt_text":"","src":"https:\/\/i0.wp.com\/wp.ufpel.edu.br\/leppais\/files\/2017\/12\/img_3539.jpg?resize=350%2C200","width":350,"height":200,"srcset":"https:\/\/i0.wp.com\/wp.ufpel.edu.br\/leppais\/files\/2017\/12\/img_3539.jpg?resize=350%2C200 1x, https:\/\/i0.wp.com\/wp.ufpel.edu.br\/leppais\/files\/2017\/12\/img_3539.jpg?resize=525%2C300 1.5x, https:\/\/i0.wp.com\/wp.ufpel.edu.br\/leppais\/files\/2017\/12\/img_3539.jpg?resize=700%2C400 2x, https:\/\/i0.wp.com\/wp.ufpel.edu.br\/leppais\/files\/2017\/12\/img_3539.jpg?resize=1050%2C600 3x"},"classes":[]}],"jetpack_likes_enabled":true,"_links":{"self":[{"href":"https:\/\/wp.ufpel.edu.br\/leppais\/wp-json\/wp\/v2\/posts\/1627","targetHints":{"allow":["GET"]}}],"collection":[{"href":"https:\/\/wp.ufpel.edu.br\/leppais\/wp-json\/wp\/v2\/posts"}],"about":[{"href":"https:\/\/wp.ufpel.edu.br\/leppais\/wp-json\/wp\/v2\/types\/post"}],"author":[{"embeddable":true,"href":"https:\/\/wp.ufpel.edu.br\/leppais\/wp-json\/wp\/v2\/users\/641"}],"replies":[{"embeddable":true,"href":"https:\/\/wp.ufpel.edu.br\/leppais\/wp-json\/wp\/v2\/comments?post=1627"}],"version-history":[{"count":0,"href":"https:\/\/wp.ufpel.edu.br\/leppais\/wp-json\/wp\/v2\/posts\/1627\/revisions"}],"wp:attachment":[{"href":"https:\/\/wp.ufpel.edu.br\/leppais\/wp-json\/wp\/v2\/media?parent=1627"}],"wp:term":[{"taxonomy":"category","embeddable":true,"href":"https:\/\/wp.ufpel.edu.br\/leppais\/wp-json\/wp\/v2\/categories?post=1627"},{"taxonomy":"post_tag","embeddable":true,"href":"https:\/\/wp.ufpel.edu.br\/leppais\/wp-json\/wp\/v2\/tags?post=1627"}],"curies":[{"name":"wp","href":"https:\/\/api.w.org\/{rel}","templated":true}]}}