{"id":1622,"date":"2018-07-05T09:59:08","date_gmt":"2018-07-05T12:59:08","guid":{"rendered":"https:\/\/leppais.wordpress.com\/?p=1622"},"modified":"2018-07-05T09:59:08","modified_gmt":"2018-07-05T12:59:08","slug":"gt-antropoeticas-outras-etnografias-31a-rba-prazo-13-de-julho","status":"publish","type":"post","link":"https:\/\/wp.ufpel.edu.br\/leppais\/2018\/07\/05\/gt-antropoeticas-outras-etnografias-31a-rba-prazo-13-de-julho\/","title":{"rendered":"GT Antropo\u00e9ticas: outras (etno)grafias &#8211; 31\u00aa RBA (prazo: 13 de julho)"},"content":{"rendered":"<p><a href=\"https:\/\/i0.wp.com\/wp.ufpel.edu.br\/leppais\/files\/2018\/07\/divulgaccca7ao-gt.jpeg?ssl=1\"><img data-recalc-dims=\"1\" loading=\"lazy\" decoding=\"async\" data-attachment-id=\"1623\" data-permalink=\"https:\/\/wp.ufpel.edu.br\/leppais\/2018\/07\/05\/gt-antropoeticas-outras-etnografias-31a-rba-prazo-13-de-julho\/divulgac%cc%a7ao-gt\/\" data-orig-file=\"https:\/\/i0.wp.com\/wp.ufpel.edu.br\/leppais\/files\/2018\/07\/divulgaccca7ao-gt.jpeg?fit=960%2C720&amp;ssl=1\" data-orig-size=\"960,720\" data-comments-opened=\"0\" data-image-meta=\"{&quot;aperture&quot;:&quot;0&quot;,&quot;credit&quot;:&quot;&quot;,&quot;camera&quot;:&quot;&quot;,&quot;caption&quot;:&quot;&quot;,&quot;created_timestamp&quot;:&quot;0&quot;,&quot;copyright&quot;:&quot;&quot;,&quot;focal_length&quot;:&quot;0&quot;,&quot;iso&quot;:&quot;0&quot;,&quot;shutter_speed&quot;:&quot;0&quot;,&quot;title&quot;:&quot;&quot;,&quot;orientation&quot;:&quot;0&quot;}\" data-image-title=\"divulgac\u0327ao GT\" data-image-description=\"\" data-image-caption=\"\" data-medium-file=\"https:\/\/i0.wp.com\/wp.ufpel.edu.br\/leppais\/files\/2018\/07\/divulgaccca7ao-gt.jpeg?fit=300%2C225&amp;ssl=1\" data-large-file=\"https:\/\/i0.wp.com\/wp.ufpel.edu.br\/leppais\/files\/2018\/07\/divulgaccca7ao-gt.jpeg?fit=584%2C438&amp;ssl=1\" class=\"alignnone size-large wp-image-1623\" src=\"https:\/\/i0.wp.com\/wp.ufpel.edu.br\/leppais\/files\/2018\/07\/divulgaccca7ao-gt.jpeg?resize=584%2C438&#038;ssl=1\" alt=\"\" width=\"584\" height=\"438\" srcset=\"https:\/\/i0.wp.com\/wp.ufpel.edu.br\/leppais\/files\/2018\/07\/divulgaccca7ao-gt.jpeg?w=960&amp;ssl=1 960w, https:\/\/i0.wp.com\/wp.ufpel.edu.br\/leppais\/files\/2018\/07\/divulgaccca7ao-gt.jpeg?resize=300%2C225&amp;ssl=1 300w, https:\/\/i0.wp.com\/wp.ufpel.edu.br\/leppais\/files\/2018\/07\/divulgaccca7ao-gt.jpeg?resize=768%2C576&amp;ssl=1 768w, https:\/\/i0.wp.com\/wp.ufpel.edu.br\/leppais\/files\/2018\/07\/divulgaccca7ao-gt.jpeg?resize=400%2C300&amp;ssl=1 400w\" sizes=\"auto, (max-width: 584px) 100vw, 584px\" \/><\/a><\/p>\n<p>Lembramos que dia 13 de julho encerra o prazo para submiss\u00e3o de resumos para a 31\u00aa Reuni\u00e3o Brasileira de Antropologia, que ocorrer\u00e1 em Bras\u00edlia, de 09 a 12 de dezembro de 2018.<br \/>\nConvidamos para participarem do GT 07. Antropo\u00e9ticas: outras (etno)grafias, coordenado pelas Profas Fl\u00e1via Rieth (UFPel) e Patr\u00edcia Pinheiro (UFPB), com participa\u00e7\u00e3o das Profas Mar\u00edlia Flo\u00f4r Kosby (Unisinos) e Claudia Turra Magni (UFPel) como debatedoras.<\/p>\n<p>Sauda\u00e7\u00f5es!<\/p>\n","protected":false},"excerpt":{"rendered":"<p>Lembramos que dia 13 de julho encerra o prazo para submiss\u00e3o de resumos para a 31\u00aa Reuni\u00e3o Brasileira de Antropologia, que ocorrer\u00e1 em Bras\u00edlia, de 09 a 12 de dezembro de 2018. Convidamos para participarem do GT 07. Antropo\u00e9ticas: outras &hellip; <a href=\"https:\/\/wp.ufpel.edu.br\/leppais\/2018\/07\/05\/gt-antropoeticas-outras-etnografias-31a-rba-prazo-13-de-julho\/\">Continue lendo <span class=\"meta-nav\">&rarr;<\/span><\/a><\/p>\n","protected":false},"author":641,"featured_media":0,"comment_status":"open","ping_status":"open","sticky":false,"template":"","format":"standard","meta":{"advanced_seo_description":"","jetpack_seo_html_title":"","jetpack_seo_noindex":false,"jetpack_post_was_ever_published":false,"_jetpack_newsletter_access":"","_jetpack_dont_email_post_to_subs":false,"_jetpack_newsletter_tier_id":0,"_jetpack_memberships_contains_paywalled_content":false,"_jetpack_memberships_contains_paid_content":false,"footnotes":"","jetpack_publicize_message":"","jetpack_publicize_feature_enabled":true,"jetpack_social_post_already_shared":true,"jetpack_social_options":{"image_generator_settings":{"template":"highway","default_image_id":0,"font":"","enabled":false},"version":2}},"categories":[2,3,7,9,1],"tags":[],"class_list":["post-1622","post","type-post","status-publish","format-standard","hentry","category-antropoeticas","category-atividades","category-convite","category-eventos","category-noticias"],"jetpack_publicize_connections":[],"jetpack_featured_media_url":"","jetpack_sharing_enabled":true,"jetpack_shortlink":"https:\/\/wp.me\/payVYo-qa","jetpack-related-posts":[{"id":3047,"url":"https:\/\/wp.ufpel.edu.br\/leppais\/2020\/01\/16\/32a-rba-gt-03-antropoeticas-outras-etnografias\/","url_meta":{"origin":1622,"position":0},"title":"32\u00aa RBA &#8211; GT 03 Antropo\u00e9ticas: outras (etno)grafias","author":"antropologia","date":"16\/01\/2020","format":false,"excerpt":"Em continuidade \u00e0s atividades desenvolvidas no 18\u00ba Congresso Mundial da IUAES, na 31\u00aa RBA e na XIII RAM, o grupo de trabalho \"Antropo\u00e9ticas: outras (etno)grafias\" convida todxs xs interessadxs para submeterem as suas propostas de trabalho (resumos para artigos e p\u00f4steres) no GT 03 da 32\u00aa RBA, que ser\u00e1 realizada\u2026","rel":"","context":"Em &quot;Antropo\u00e9ticas&quot;","block_context":{"text":"Antropo\u00e9ticas","link":"https:\/\/wp.ufpel.edu.br\/leppais\/category\/antropoeticas\/"},"img":{"alt_text":"","src":"https:\/\/i0.wp.com\/wp.ufpel.edu.br\/leppais\/files\/2020\/01\/RBA2020.jpg?resize=350%2C200&ssl=1","width":350,"height":200,"srcset":"https:\/\/i0.wp.com\/wp.ufpel.edu.br\/leppais\/files\/2020\/01\/RBA2020.jpg?resize=350%2C200&ssl=1 1x, https:\/\/i0.wp.com\/wp.ufpel.edu.br\/leppais\/files\/2020\/01\/RBA2020.jpg?resize=525%2C300&ssl=1 1.5x, https:\/\/i0.wp.com\/wp.ufpel.edu.br\/leppais\/files\/2020\/01\/RBA2020.jpg?resize=700%2C400&ssl=1 2x"},"classes":[]},{"id":3684,"url":"https:\/\/wp.ufpel.edu.br\/leppais\/2022\/11\/16\/oficina-imagens-e-grafias-antropoeticas-emiliano-dantas-2\/","url_meta":{"origin":1622,"position":1},"title":"Oficina imagens e grafias antropo\u00e9ticas &#8211; Emiliano Dantas","author":"antropologia","date":"16\/11\/2022","format":false,"excerpt":"","rel":"","context":"Em &quot;Not\u00edcias&quot;","block_context":{"text":"Not\u00edcias","link":"https:\/\/wp.ufpel.edu.br\/leppais\/category\/noticias\/"},"img":{"alt_text":"","src":"https:\/\/i0.wp.com\/wp.ufpel.edu.br\/leppais\/files\/2022\/11\/DSC03668.jpg?resize=350%2C200","width":350,"height":200,"srcset":"https:\/\/i0.wp.com\/wp.ufpel.edu.br\/leppais\/files\/2022\/11\/DSC03668.jpg?resize=350%2C200 1x, https:\/\/i0.wp.com\/wp.ufpel.edu.br\/leppais\/files\/2022\/11\/DSC03668.jpg?resize=525%2C300 1.5x, https:\/\/i0.wp.com\/wp.ufpel.edu.br\/leppais\/files\/2022\/11\/DSC03668.jpg?resize=700%2C400 2x, https:\/\/i0.wp.com\/wp.ufpel.edu.br\/leppais\/files\/2022\/11\/DSC03668.jpg?resize=1050%2C600 3x, https:\/\/i0.wp.com\/wp.ufpel.edu.br\/leppais\/files\/2022\/11\/DSC03668.jpg?resize=1400%2C800 4x"},"classes":[]},{"id":3942,"url":"https:\/\/wp.ufpel.edu.br\/leppais\/2023\/10\/31\/vii-congresso-ala-antropoeticas-as-grafias-enquanto-gesto-politico-etico-e-poetico\/","url_meta":{"origin":1622,"position":2},"title":"VII Congresso ALA &#8211; Antropo\u00e9ticas:  As grafias enquanto gesto pol\u00edtico, \u00e9tico e po\u00e9tico","author":"antropologia","date":"31\/10\/2023","format":false,"excerpt":"Inscri\u00e7\u00f5es at\u00e9 31 Outubro 2023 https:\/\/alacongresos.net\/simposios\/sp-62-antropoeticas-as-grafias-enquanto-gesto-politico-etico-e-poetico\/","rel":"","context":"Em &quot;Divulga\u00e7\u00e3o&quot;","block_context":{"text":"Divulga\u00e7\u00e3o","link":"https:\/\/wp.ufpel.edu.br\/leppais\/category\/divulgacao\/"},"img":{"alt_text":"","src":"https:\/\/i0.wp.com\/wp.ufpel.edu.br\/leppais\/files\/2023\/10\/VII-ALA-Simposio-62.jpg?resize=350%2C200&ssl=1","width":350,"height":200,"srcset":"https:\/\/i0.wp.com\/wp.ufpel.edu.br\/leppais\/files\/2023\/10\/VII-ALA-Simposio-62.jpg?resize=350%2C200&ssl=1 1x, https:\/\/i0.wp.com\/wp.ufpel.edu.br\/leppais\/files\/2023\/10\/VII-ALA-Simposio-62.jpg?resize=525%2C300&ssl=1 1.5x, https:\/\/i0.wp.com\/wp.ufpel.edu.br\/leppais\/files\/2023\/10\/VII-ALA-Simposio-62.jpg?resize=700%2C400&ssl=1 2x, https:\/\/i0.wp.com\/wp.ufpel.edu.br\/leppais\/files\/2023\/10\/VII-ALA-Simposio-62.jpg?resize=1050%2C600&ssl=1 3x"},"classes":[]},{"id":3949,"url":"https:\/\/wp.ufpel.edu.br\/leppais\/2023\/11\/01\/prorrogado-vii-congresso-ala-antropoeticas-as-grafias-enquanto-gesto-politico-etico-e-poetico\/","url_meta":{"origin":1622,"position":3},"title":"[PRORROGADO] VII Congresso ALA \u2013 Antropo\u00e9ticas: As grafias enquanto gesto pol\u00edtico, \u00e9tico e po\u00e9tico","author":"antropologia","date":"01\/11\/2023","format":false,"excerpt":"Inscri\u00e7\u00f5es at\u00e9\u00a0 10 novembro 2023\u00a0 https:\/\/alacongresos.net\/simposios\/sp-62-antropoeticas-as-grafias-enquanto-gesto-politico-etico-e-poetico\/","rel":"","context":"Em &quot;Divulga\u00e7\u00e3o&quot;","block_context":{"text":"Divulga\u00e7\u00e3o","link":"https:\/\/wp.ufpel.edu.br\/leppais\/category\/divulgacao\/"},"img":{"alt_text":"","src":"https:\/\/i0.wp.com\/wp.ufpel.edu.br\/leppais\/files\/2023\/11\/VII-ALA-Simposio-62-v2.jpg?resize=350%2C200&ssl=1","width":350,"height":200,"srcset":"https:\/\/i0.wp.com\/wp.ufpel.edu.br\/leppais\/files\/2023\/11\/VII-ALA-Simposio-62-v2.jpg?resize=350%2C200&ssl=1 1x, https:\/\/i0.wp.com\/wp.ufpel.edu.br\/leppais\/files\/2023\/11\/VII-ALA-Simposio-62-v2.jpg?resize=525%2C300&ssl=1 1.5x, https:\/\/i0.wp.com\/wp.ufpel.edu.br\/leppais\/files\/2023\/11\/VII-ALA-Simposio-62-v2.jpg?resize=700%2C400&ssl=1 2x, https:\/\/i0.wp.com\/wp.ufpel.edu.br\/leppais\/files\/2023\/11\/VII-ALA-Simposio-62-v2.jpg?resize=1050%2C600&ssl=1 3x"},"classes":[]},{"id":2754,"url":"https:\/\/wp.ufpel.edu.br\/leppais\/2019\/08\/08\/fotos-oficina-ocupacao-antropoetica-pre-ram-2019\/","url_meta":{"origin":1622,"position":4},"title":"Fotos Oficina Ocupa\u00e7\u00e3o Antropo\u00e9tica | Pr\u00e9-RAM 2019","author":"antropologia","date":"08\/08\/2019","format":false,"excerpt":"20 de julho de 2019 - Largo do Mercado P\u00fablico - Pelotas\/RS A atividade proposta \u00e9 um desdobramento dos trabalhos desenvolvidos no LEPPAIS\/UFPel pelo Grupo de Pesquisa Antropo\u00e9ticas, em parceria com pesquisadores da UFPB. Visa \u201caquecer\u201d os integrantes da atividade programada para a XIII RAM, a oficina Antropo\u00e9ticas: etnografia, criatividade\u2026","rel":"","context":"Em &quot;Not\u00edcias&quot;","block_context":{"text":"Not\u00edcias","link":"https:\/\/wp.ufpel.edu.br\/leppais\/category\/noticias\/"},"img":{"alt_text":"","src":"https:\/\/i0.wp.com\/wp.ufpel.edu.br\/leppais\/files\/2019\/08\/WhatsApp-Image-2019-07-20-at-15.59.09.jpeg?resize=350%2C200","width":350,"height":200,"srcset":"https:\/\/i0.wp.com\/wp.ufpel.edu.br\/leppais\/files\/2019\/08\/WhatsApp-Image-2019-07-20-at-15.59.09.jpeg?resize=350%2C200 1x, https:\/\/i0.wp.com\/wp.ufpel.edu.br\/leppais\/files\/2019\/08\/WhatsApp-Image-2019-07-20-at-15.59.09.jpeg?resize=525%2C300 1.5x, https:\/\/i0.wp.com\/wp.ufpel.edu.br\/leppais\/files\/2019\/08\/WhatsApp-Image-2019-07-20-at-15.59.09.jpeg?resize=700%2C400 2x"},"classes":[]},{"id":3688,"url":"https:\/\/wp.ufpel.edu.br\/leppais\/2022\/11\/17\/exposicao-com-um-doce-olhar-pelotas-para-quem\/","url_meta":{"origin":1622,"position":5},"title":"Exposi\u00e7\u00e3o: Com um doce olhar Pelotas para quem?","author":"antropologia","date":"17\/11\/2022","format":false,"excerpt":"Exposi\u00e7\u00e3o dos trabalhos realizados na Oficina imagens e grafias antropo\u00e9ticas com Emiliano Dantas","rel":"","context":"Em &quot;Antropo\u00e9ticas&quot;","block_context":{"text":"Antropo\u00e9ticas","link":"https:\/\/wp.ufpel.edu.br\/leppais\/category\/antropoeticas\/"},"img":{"alt_text":"","src":"https:\/\/i0.wp.com\/wp.ufpel.edu.br\/leppais\/files\/2022\/11\/DSC04262.jpg?resize=350%2C200","width":350,"height":200,"srcset":"https:\/\/i0.wp.com\/wp.ufpel.edu.br\/leppais\/files\/2022\/11\/DSC04262.jpg?resize=350%2C200 1x, https:\/\/i0.wp.com\/wp.ufpel.edu.br\/leppais\/files\/2022\/11\/DSC04262.jpg?resize=525%2C300 1.5x, https:\/\/i0.wp.com\/wp.ufpel.edu.br\/leppais\/files\/2022\/11\/DSC04262.jpg?resize=700%2C400 2x, https:\/\/i0.wp.com\/wp.ufpel.edu.br\/leppais\/files\/2022\/11\/DSC04262.jpg?resize=1050%2C600 3x, https:\/\/i0.wp.com\/wp.ufpel.edu.br\/leppais\/files\/2022\/11\/DSC04262.jpg?resize=1400%2C800 4x"},"classes":[]}],"jetpack_likes_enabled":true,"_links":{"self":[{"href":"https:\/\/wp.ufpel.edu.br\/leppais\/wp-json\/wp\/v2\/posts\/1622","targetHints":{"allow":["GET"]}}],"collection":[{"href":"https:\/\/wp.ufpel.edu.br\/leppais\/wp-json\/wp\/v2\/posts"}],"about":[{"href":"https:\/\/wp.ufpel.edu.br\/leppais\/wp-json\/wp\/v2\/types\/post"}],"author":[{"embeddable":true,"href":"https:\/\/wp.ufpel.edu.br\/leppais\/wp-json\/wp\/v2\/users\/641"}],"replies":[{"embeddable":true,"href":"https:\/\/wp.ufpel.edu.br\/leppais\/wp-json\/wp\/v2\/comments?post=1622"}],"version-history":[{"count":0,"href":"https:\/\/wp.ufpel.edu.br\/leppais\/wp-json\/wp\/v2\/posts\/1622\/revisions"}],"wp:attachment":[{"href":"https:\/\/wp.ufpel.edu.br\/leppais\/wp-json\/wp\/v2\/media?parent=1622"}],"wp:term":[{"taxonomy":"category","embeddable":true,"href":"https:\/\/wp.ufpel.edu.br\/leppais\/wp-json\/wp\/v2\/categories?post=1622"},{"taxonomy":"post_tag","embeddable":true,"href":"https:\/\/wp.ufpel.edu.br\/leppais\/wp-json\/wp\/v2\/tags?post=1622"}],"curies":[{"name":"wp","href":"https:\/\/api.w.org\/{rel}","templated":true}]}}