{"id":1612,"date":"2018-06-27T10:08:33","date_gmt":"2018-06-27T13:08:33","guid":{"rendered":"https:\/\/leppais.wordpress.com\/?p=1612"},"modified":"2018-06-27T10:08:33","modified_gmt":"2018-06-27T13:08:33","slug":"programa-nos-nosotros-23-06-2018-tema-ditadura","status":"publish","type":"post","link":"https:\/\/wp.ufpel.edu.br\/leppais\/2018\/06\/27\/programa-nos-nosotros-23-06-2018-tema-ditadura\/","title":{"rendered":"Programa N\u00f3s Nosotros 23\/06\/2018: Tema Ditadura"},"content":{"rendered":"<p><a href=\"https:\/\/i0.wp.com\/wp.ufpel.edu.br\/leppais\/files\/2018\/06\/img_3316.jpg?ssl=1\"><img data-recalc-dims=\"1\" loading=\"lazy\" decoding=\"async\" data-attachment-id=\"1613\" data-permalink=\"https:\/\/wp.ufpel.edu.br\/leppais\/2018\/06\/27\/programa-nos-nosotros-23-06-2018-tema-ditadura\/img_3316\/\" data-orig-file=\"https:\/\/i0.wp.com\/wp.ufpel.edu.br\/leppais\/files\/2018\/06\/img_3316.jpg?fit=1000%2C562&amp;ssl=1\" data-orig-size=\"1000,562\" data-comments-opened=\"0\" data-image-meta=\"{&quot;aperture&quot;:&quot;3.5&quot;,&quot;credit&quot;:&quot;&quot;,&quot;camera&quot;:&quot;Canon EOS 700D&quot;,&quot;caption&quot;:&quot;&quot;,&quot;created_timestamp&quot;:&quot;1529777738&quot;,&quot;copyright&quot;:&quot;&quot;,&quot;focal_length&quot;:&quot;18&quot;,&quot;iso&quot;:&quot;2000&quot;,&quot;shutter_speed&quot;:&quot;0.025&quot;,&quot;title&quot;:&quot;&quot;,&quot;orientation&quot;:&quot;1&quot;}\" data-image-title=\"IMG_3316\" data-image-description=\"\" data-image-caption=\"\" data-medium-file=\"https:\/\/i0.wp.com\/wp.ufpel.edu.br\/leppais\/files\/2018\/06\/img_3316.jpg?fit=300%2C169&amp;ssl=1\" data-large-file=\"https:\/\/i0.wp.com\/wp.ufpel.edu.br\/leppais\/files\/2018\/06\/img_3316.jpg?fit=584%2C328&amp;ssl=1\" class=\"alignnone size-large wp-image-1613\" src=\"https:\/\/i0.wp.com\/wp.ufpel.edu.br\/leppais\/files\/2018\/06\/img_3316.jpg?resize=584%2C328&#038;ssl=1\" alt=\"\" width=\"584\" height=\"328\" srcset=\"https:\/\/i0.wp.com\/wp.ufpel.edu.br\/leppais\/files\/2018\/06\/img_3316.jpg?w=1000&amp;ssl=1 1000w, https:\/\/i0.wp.com\/wp.ufpel.edu.br\/leppais\/files\/2018\/06\/img_3316.jpg?resize=300%2C169&amp;ssl=1 300w, https:\/\/i0.wp.com\/wp.ufpel.edu.br\/leppais\/files\/2018\/06\/img_3316.jpg?resize=768%2C432&amp;ssl=1 768w, https:\/\/i0.wp.com\/wp.ufpel.edu.br\/leppais\/files\/2018\/06\/img_3316.jpg?resize=500%2C281&amp;ssl=1 500w\" sizes=\"auto, (max-width: 584px) 100vw, 584px\" \/><\/a><\/p>\n<p>Programa na \u00edntegra <strong><a href=\"https:\/\/leppais.wordpress.com\/producoes\/programas-radiofonicos\/\">aqui<\/a><\/strong><\/p>\n","protected":false},"excerpt":{"rendered":"<p>Programa na \u00edntegra aqui<\/p>\n","protected":false},"author":641,"featured_media":0,"comment_status":"open","ping_status":"open","sticky":false,"template":"","format":"standard","meta":{"advanced_seo_description":"","jetpack_seo_html_title":"","jetpack_seo_noindex":false,"jetpack_post_was_ever_published":false,"_jetpack_newsletter_access":"","_jetpack_dont_email_post_to_subs":false,"_jetpack_newsletter_tier_id":0,"_jetpack_memberships_contains_paywalled_content":false,"_jetpack_memberships_contains_paid_content":false,"footnotes":"","jetpack_publicize_message":"","jetpack_publicize_feature_enabled":true,"jetpack_social_post_already_shared":true,"jetpack_social_options":{"image_generator_settings":{"template":"highway","default_image_id":0,"font":"","enabled":false},"version":2}},"categories":[3,13],"tags":[],"class_list":["post-1612","post","type-post","status-publish","format-standard","hentry","category-atividades","category-nos-nosotros"],"jetpack_publicize_connections":[],"jetpack_featured_media_url":"","jetpack_sharing_enabled":true,"jetpack_shortlink":"https:\/\/wp.me\/payVYo-q0","jetpack-related-posts":[{"id":1627,"url":"https:\/\/wp.ufpel.edu.br\/leppais\/2018\/07\/09\/programa-nos-nosotros-07-07-2018-cidades-em-transe-margens-em-transformacao\/","url_meta":{"origin":1612,"position":0},"title":"Programa N\u00f3s Nosotros 07\/07\/2018: Cidades em Transe: Margens em Transforma\u00e7\u00e3o","author":"antropologia","date":"09\/07\/2018","format":false,"excerpt":"Programa na \u00edntegra\u00a0aqui","rel":"","context":"Em &quot;Atividades&quot;","block_context":{"text":"Atividades","link":"https:\/\/wp.ufpel.edu.br\/leppais\/category\/atividades\/"},"img":{"alt_text":"","src":"https:\/\/i0.wp.com\/wp.ufpel.edu.br\/leppais\/files\/2018\/07\/img-20180708-wa0031.jpg?resize=350%2C200","width":350,"height":200,"srcset":"https:\/\/i0.wp.com\/wp.ufpel.edu.br\/leppais\/files\/2018\/07\/img-20180708-wa0031.jpg?resize=350%2C200 1x, https:\/\/i0.wp.com\/wp.ufpel.edu.br\/leppais\/files\/2018\/07\/img-20180708-wa0031.jpg?resize=525%2C300 1.5x, https:\/\/i0.wp.com\/wp.ufpel.edu.br\/leppais\/files\/2018\/07\/img-20180708-wa0031.jpg?resize=700%2C400 2x, https:\/\/i0.wp.com\/wp.ufpel.edu.br\/leppais\/files\/2018\/07\/img-20180708-wa0031.jpg?resize=1050%2C600 3x"},"classes":[]},{"id":1645,"url":"https:\/\/wp.ufpel.edu.br\/leppais\/2018\/07\/24\/programa-nos-nosotros-21-07-2018-regulamentacao-da-profissao-de-arqueologo-i-estudantes\/","url_meta":{"origin":1612,"position":1},"title":"Programa N\u00f3s Nosotros 21\/07\/2018: Regulamenta\u00e7\u00e3o da Profiss\u00e3o de Arque\u00f3logo I &#8211; Estudantes","author":"antropologia","date":"24\/07\/2018","format":false,"excerpt":"Esse e outros programas na \u00edntegra aqui.","rel":"","context":"Em &quot;N\u00f3s Nosotros&quot;","block_context":{"text":"N\u00f3s Nosotros","link":"https:\/\/wp.ufpel.edu.br\/leppais\/category\/nos-nosotros\/"},"img":{"alt_text":"","src":"https:\/\/i0.wp.com\/wp.ufpel.edu.br\/leppais\/files\/2018\/07\/img-20180721-wa0008.jpg?resize=350%2C200","width":350,"height":200,"srcset":"https:\/\/i0.wp.com\/wp.ufpel.edu.br\/leppais\/files\/2018\/07\/img-20180721-wa0008.jpg?resize=350%2C200 1x, https:\/\/i0.wp.com\/wp.ufpel.edu.br\/leppais\/files\/2018\/07\/img-20180721-wa0008.jpg?resize=525%2C300 1.5x, https:\/\/i0.wp.com\/wp.ufpel.edu.br\/leppais\/files\/2018\/07\/img-20180721-wa0008.jpg?resize=700%2C400 2x, https:\/\/i0.wp.com\/wp.ufpel.edu.br\/leppais\/files\/2018\/07\/img-20180721-wa0008.jpg?resize=1050%2C600 3x"},"classes":[]},{"id":1662,"url":"https:\/\/wp.ufpel.edu.br\/leppais\/2018\/08\/01\/programa-nos-nosotros-28-07-2018-i-semana-da-mulher-negra-latino-americana-e-caribenha-de-pelotas\/","url_meta":{"origin":1612,"position":2},"title":"Programa N\u00f3s Nosotros 28\/07\/2018: I Semana da Mulher Negra Latino-Americana e Caribenha de Pelotas","author":"antropologia","date":"01\/08\/2018","format":false,"excerpt":"Esse e outros programas na \u00edntegra\u00a0aqui.","rel":"","context":"Em &quot;N\u00f3s Nosotros&quot;","block_context":{"text":"N\u00f3s Nosotros","link":"https:\/\/wp.ufpel.edu.br\/leppais\/category\/nos-nosotros\/"},"img":{"alt_text":"","src":"https:\/\/i0.wp.com\/wp.ufpel.edu.br\/leppais\/files\/2018\/08\/img_3548.jpg?resize=350%2C200&ssl=1","width":350,"height":200,"srcset":"https:\/\/i0.wp.com\/wp.ufpel.edu.br\/leppais\/files\/2018\/08\/img_3548.jpg?resize=350%2C200&ssl=1 1x, https:\/\/i0.wp.com\/wp.ufpel.edu.br\/leppais\/files\/2018\/08\/img_3548.jpg?resize=525%2C300&ssl=1 1.5x, https:\/\/i0.wp.com\/wp.ufpel.edu.br\/leppais\/files\/2018\/08\/img_3548.jpg?resize=700%2C400&ssl=1 2x"},"classes":[]},{"id":1495,"url":"https:\/\/wp.ufpel.edu.br\/leppais\/2018\/05\/07\/programa-nos-nosotros-05-05-2018\/","url_meta":{"origin":1612,"position":3},"title":"Programa Nos Nosotros 05\/05\/2018.","author":"antropologia","date":"07\/05\/2018","format":false,"excerpt":"Programas na \u00edntegra","rel":"","context":"Em &quot;Not\u00edcias&quot;","block_context":{"text":"Not\u00edcias","link":"https:\/\/wp.ufpel.edu.br\/leppais\/category\/noticias\/"},"img":{"alt_text":"","src":"https:\/\/i0.wp.com\/wp.ufpel.edu.br\/leppais\/files\/2018\/05\/img_3153_blog.jpg?resize=350%2C200&ssl=1","width":350,"height":200,"srcset":"https:\/\/i0.wp.com\/wp.ufpel.edu.br\/leppais\/files\/2018\/05\/img_3153_blog.jpg?resize=350%2C200&ssl=1 1x, https:\/\/i0.wp.com\/wp.ufpel.edu.br\/leppais\/files\/2018\/05\/img_3153_blog.jpg?resize=525%2C300&ssl=1 1.5x, https:\/\/i0.wp.com\/wp.ufpel.edu.br\/leppais\/files\/2018\/05\/img_3153_blog.jpg?resize=700%2C400&ssl=1 2x"},"classes":[]},{"id":1481,"url":"https:\/\/wp.ufpel.edu.br\/leppais\/2018\/05\/02\/nos-nosotros-antropofonias-e-charlas-dia-28-de-abril-de-2018\/","url_meta":{"origin":1612,"position":4},"title":"N\u00f3s Nosotros: Antropofonias e Charlas dia 28 de abril de 2018.","author":"antropologia","date":"02\/05\/2018","format":false,"excerpt":"Tema:\u00a0Da S\u00e9rie POVOS IND\u00cdGENAS, SABEDORIAS E DIREITOS. Focado no MARCO TEMPORAL. Convidados:\u00a0Rog\u00e9rio Reus Gon\u00e7alves da Rosa, Professor Doutor do departamento de Antropologia da UFPEL. Entrevistados:\u00a0Jocemar Kadete, do povo Kaingang, Estudante de Direto da FURG. Marcus Salvador, do povo Kaingang, Col\u00f4nia Santa Eul\u00e1lia \u2013 Pelotas. Doutor Alfredo Guillermo Martin Gentini, Professor\u2026","rel":"","context":"Em &quot;Atividades&quot;","block_context":{"text":"Atividades","link":"https:\/\/wp.ufpel.edu.br\/leppais\/category\/atividades\/"},"img":{"alt_text":"","src":"https:\/\/i0.wp.com\/wp.ufpel.edu.br\/leppais\/files\/2018\/05\/img_3114.jpg?resize=350%2C200","width":350,"height":200,"srcset":"https:\/\/i0.wp.com\/wp.ufpel.edu.br\/leppais\/files\/2018\/05\/img_3114.jpg?resize=350%2C200 1x, https:\/\/i0.wp.com\/wp.ufpel.edu.br\/leppais\/files\/2018\/05\/img_3114.jpg?resize=525%2C300 1.5x, https:\/\/i0.wp.com\/wp.ufpel.edu.br\/leppais\/files\/2018\/05\/img_3114.jpg?resize=700%2C400 2x, https:\/\/i0.wp.com\/wp.ufpel.edu.br\/leppais\/files\/2018\/05\/img_3114.jpg?resize=1050%2C600 3x, https:\/\/i0.wp.com\/wp.ufpel.edu.br\/leppais\/files\/2018\/05\/img_3114.jpg?resize=1400%2C800 4x"},"classes":[]},{"id":3384,"url":"https:\/\/wp.ufpel.edu.br\/leppais\/2021\/07\/22\/entrevista-prof-a-dra-claudia-turra-magni-no-programa-nos-nosotros-da-radiocom-104-5-fm\/","url_meta":{"origin":1612,"position":5},"title":"Entrevista Prof.\u00aa Dr\u00aa. Claudia Turra Magni no Programa N\u00f3s Nosotros da RadioCom 104.5 FM","author":"antropologia","date":"22\/07\/2021","format":false,"excerpt":"http:\/\/www.radiocom.org.br\/ | Facebook | Youtube","rel":"","context":"Em &quot;Convite&quot;","block_context":{"text":"Convite","link":"https:\/\/wp.ufpel.edu.br\/leppais\/category\/convite\/"},"img":{"alt_text":"","src":"https:\/\/i0.wp.com\/wp.ufpel.edu.br\/leppais\/files\/2021\/07\/nos-nosotros.jpeg?resize=350%2C200&ssl=1","width":350,"height":200,"srcset":"https:\/\/i0.wp.com\/wp.ufpel.edu.br\/leppais\/files\/2021\/07\/nos-nosotros.jpeg?resize=350%2C200&ssl=1 1x, https:\/\/i0.wp.com\/wp.ufpel.edu.br\/leppais\/files\/2021\/07\/nos-nosotros.jpeg?resize=525%2C300&ssl=1 1.5x, https:\/\/i0.wp.com\/wp.ufpel.edu.br\/leppais\/files\/2021\/07\/nos-nosotros.jpeg?resize=700%2C400&ssl=1 2x"},"classes":[]}],"jetpack_likes_enabled":true,"_links":{"self":[{"href":"https:\/\/wp.ufpel.edu.br\/leppais\/wp-json\/wp\/v2\/posts\/1612","targetHints":{"allow":["GET"]}}],"collection":[{"href":"https:\/\/wp.ufpel.edu.br\/leppais\/wp-json\/wp\/v2\/posts"}],"about":[{"href":"https:\/\/wp.ufpel.edu.br\/leppais\/wp-json\/wp\/v2\/types\/post"}],"author":[{"embeddable":true,"href":"https:\/\/wp.ufpel.edu.br\/leppais\/wp-json\/wp\/v2\/users\/641"}],"replies":[{"embeddable":true,"href":"https:\/\/wp.ufpel.edu.br\/leppais\/wp-json\/wp\/v2\/comments?post=1612"}],"version-history":[{"count":0,"href":"https:\/\/wp.ufpel.edu.br\/leppais\/wp-json\/wp\/v2\/posts\/1612\/revisions"}],"wp:attachment":[{"href":"https:\/\/wp.ufpel.edu.br\/leppais\/wp-json\/wp\/v2\/media?parent=1612"}],"wp:term":[{"taxonomy":"category","embeddable":true,"href":"https:\/\/wp.ufpel.edu.br\/leppais\/wp-json\/wp\/v2\/categories?post=1612"},{"taxonomy":"post_tag","embeddable":true,"href":"https:\/\/wp.ufpel.edu.br\/leppais\/wp-json\/wp\/v2\/tags?post=1612"}],"curies":[{"name":"wp","href":"https:\/\/api.w.org\/{rel}","templated":true}]}}