{"id":1478,"date":"2018-05-02T14:29:01","date_gmt":"2018-05-02T17:29:01","guid":{"rendered":"https:\/\/leppais.wordpress.com\/?p=1478"},"modified":"2018-05-02T14:29:01","modified_gmt":"2018-05-02T17:29:01","slug":"convite-antropologias-no-do-mundo-profa-dra-yara-altez","status":"publish","type":"post","link":"https:\/\/wp.ufpel.edu.br\/leppais\/2018\/05\/02\/convite-antropologias-no-do-mundo-profa-dra-yara-altez\/","title":{"rendered":"Convite: Antropologias no\/do Mundo &#8211; Prof\u00aa. Dr\u00aa. Yara Altez"},"content":{"rendered":"<p><a href=\"https:\/\/i0.wp.com\/wp.ufpel.edu.br\/leppais\/files\/2018\/05\/antropologias-mundo-yara-altez.jpg?ssl=1\"><img data-recalc-dims=\"1\" loading=\"lazy\" decoding=\"async\" data-attachment-id=\"1479\" data-permalink=\"https:\/\/wp.ufpel.edu.br\/leppais\/2018\/05\/02\/convite-antropologias-no-do-mundo-profa-dra-yara-altez\/antropologias-mundo-yara-altez\/\" data-orig-file=\"https:\/\/i0.wp.com\/wp.ufpel.edu.br\/leppais\/files\/2018\/05\/antropologias-mundo-yara-altez.jpg?fit=1588%2C2246&amp;ssl=1\" data-orig-size=\"1588,2246\" data-comments-opened=\"0\" data-image-meta=\"{&quot;aperture&quot;:&quot;0&quot;,&quot;credit&quot;:&quot;&quot;,&quot;camera&quot;:&quot;&quot;,&quot;caption&quot;:&quot;&quot;,&quot;created_timestamp&quot;:&quot;0&quot;,&quot;copyright&quot;:&quot;&quot;,&quot;focal_length&quot;:&quot;0&quot;,&quot;iso&quot;:&quot;0&quot;,&quot;shutter_speed&quot;:&quot;0&quot;,&quot;title&quot;:&quot;&quot;,&quot;orientation&quot;:&quot;0&quot;}\" data-image-title=\"Antropologias mundo &amp;#8211; Yara Altez\" data-image-description=\"\" data-image-caption=\"\" data-medium-file=\"https:\/\/i0.wp.com\/wp.ufpel.edu.br\/leppais\/files\/2018\/05\/antropologias-mundo-yara-altez.jpg?fit=212%2C300&amp;ssl=1\" data-large-file=\"https:\/\/i0.wp.com\/wp.ufpel.edu.br\/leppais\/files\/2018\/05\/antropologias-mundo-yara-altez.jpg?fit=584%2C826&amp;ssl=1\" class=\"alignnone size-large wp-image-1479\" src=\"https:\/\/i0.wp.com\/wp.ufpel.edu.br\/leppais\/files\/2018\/05\/antropologias-mundo-yara-altez.jpg?resize=584%2C826&#038;ssl=1\" alt=\"\" width=\"584\" height=\"826\" srcset=\"https:\/\/i0.wp.com\/wp.ufpel.edu.br\/leppais\/files\/2018\/05\/antropologias-mundo-yara-altez.jpg?w=1588&amp;ssl=1 1588w, https:\/\/i0.wp.com\/wp.ufpel.edu.br\/leppais\/files\/2018\/05\/antropologias-mundo-yara-altez.jpg?resize=212%2C300&amp;ssl=1 212w, https:\/\/i0.wp.com\/wp.ufpel.edu.br\/leppais\/files\/2018\/05\/antropologias-mundo-yara-altez.jpg?resize=768%2C1086&amp;ssl=1 768w, https:\/\/i0.wp.com\/wp.ufpel.edu.br\/leppais\/files\/2018\/05\/antropologias-mundo-yara-altez.jpg?resize=724%2C1024&amp;ssl=1 724w, https:\/\/i0.wp.com\/wp.ufpel.edu.br\/leppais\/files\/2018\/05\/antropologias-mundo-yara-altez.jpg?w=1168&amp;ssl=1 1168w\" sizes=\"auto, (max-width: 584px) 100vw, 584px\" \/><\/a><\/p>\n","protected":false},"excerpt":{"rendered":"","protected":false},"author":641,"featured_media":0,"comment_status":"open","ping_status":"open","sticky":false,"template":"","format":"standard","meta":{"advanced_seo_description":"","jetpack_seo_html_title":"","jetpack_seo_noindex":false,"jetpack_post_was_ever_published":false,"_jetpack_newsletter_access":"","_jetpack_dont_email_post_to_subs":false,"_jetpack_newsletter_tier_id":0,"_jetpack_memberships_contains_paywalled_content":false,"_jetpack_memberships_contains_paid_content":false,"footnotes":"","jetpack_publicize_message":"","jetpack_publicize_feature_enabled":true,"jetpack_social_post_already_shared":true,"jetpack_social_options":{"image_generator_settings":{"template":"highway","default_image_id":0,"font":"","enabled":false},"version":2}},"categories":[3,7,9],"tags":[],"class_list":["post-1478","post","type-post","status-publish","format-standard","hentry","category-atividades","category-convite","category-eventos"],"jetpack_publicize_connections":[],"jetpack_featured_media_url":"","jetpack_sharing_enabled":true,"jetpack_shortlink":"https:\/\/wp.me\/payVYo-nQ","jetpack-related-posts":[{"id":1510,"url":"https:\/\/wp.ufpel.edu.br\/leppais\/2018\/05\/10\/palestra-profa-yara-altez\/","url_meta":{"origin":1478,"position":0},"title":"Palestra Prof\u00aa. Yara Altez","author":"antropologia","date":"10\/05\/2018","format":false,"excerpt":"","rel":"","context":"Em &quot;Antropo\u00e9ticas&quot;","block_context":{"text":"Antropo\u00e9ticas","link":"https:\/\/wp.ufpel.edu.br\/leppais\/category\/antropoeticas\/"},"img":{"alt_text":"","src":"https:\/\/i0.wp.com\/wp.ufpel.edu.br\/leppais\/files\/2018\/05\/antropoeticas-yaraaltez.jpg?resize=350%2C200&ssl=1","width":350,"height":200,"srcset":"https:\/\/i0.wp.com\/wp.ufpel.edu.br\/leppais\/files\/2018\/05\/antropoeticas-yaraaltez.jpg?resize=350%2C200&ssl=1 1x, https:\/\/i0.wp.com\/wp.ufpel.edu.br\/leppais\/files\/2018\/05\/antropoeticas-yaraaltez.jpg?resize=525%2C300&ssl=1 1.5x, https:\/\/i0.wp.com\/wp.ufpel.edu.br\/leppais\/files\/2018\/05\/antropoeticas-yaraaltez.jpg?resize=700%2C400&ssl=1 2x"},"classes":[]},{"id":3323,"url":"https:\/\/wp.ufpel.edu.br\/leppais\/2020\/11\/19\/patrimonio-e-impermanencia-profa-dra-lizete-dias-de-oliveira-historiadora-e-arqueologa-docente-aposentada-da-fabico-ufrgs\/","url_meta":{"origin":1478,"position":1},"title":"Patrimonio e imperman\u00eancia. Prof\u00aa. Dr\u00aa. Lizete Dias de Oliveira  (Historiadora e arque\u00f3loga. Docente aposentada da FABICO\/UFRGS)","author":"antropologia","date":"19\/11\/2020","format":false,"excerpt":"Link:\u00a0https:\/\/webconf.ufpel.edu.br\/b\/cla-xca-499","rel":"","context":"Em &quot;Convite&quot;","block_context":{"text":"Convite","link":"https:\/\/wp.ufpel.edu.br\/leppais\/category\/convite\/"},"img":{"alt_text":"","src":"https:\/\/i0.wp.com\/wp.ufpel.edu.br\/leppais\/files\/2020\/11\/Antropoeticas-Lizete-Dias-de-Oliveira.jpg?resize=350%2C200&ssl=1","width":350,"height":200,"srcset":"https:\/\/i0.wp.com\/wp.ufpel.edu.br\/leppais\/files\/2020\/11\/Antropoeticas-Lizete-Dias-de-Oliveira.jpg?resize=350%2C200&ssl=1 1x, https:\/\/i0.wp.com\/wp.ufpel.edu.br\/leppais\/files\/2020\/11\/Antropoeticas-Lizete-Dias-de-Oliveira.jpg?resize=525%2C300&ssl=1 1.5x, https:\/\/i0.wp.com\/wp.ufpel.edu.br\/leppais\/files\/2020\/11\/Antropoeticas-Lizete-Dias-de-Oliveira.jpg?resize=700%2C400&ssl=1 2x"},"classes":[]},{"id":1518,"url":"https:\/\/wp.ufpel.edu.br\/leppais\/2018\/05\/14\/yara-altez-antropologia-de-la-parroquia-caruao-apc\/","url_meta":{"origin":1478,"position":2},"title":"Yara Altez &#8211; Antropolog\u00eda de la parroquia Caruao (APC)","author":"antropologia","date":"14\/05\/2018","format":false,"excerpt":"","rel":"","context":"Em &quot;Antropo\u00e9ticas&quot;","block_context":{"text":"Antropo\u00e9ticas","link":"https:\/\/wp.ufpel.edu.br\/leppais\/category\/antropoeticas\/"},"img":{"alt_text":"","src":"https:\/\/i0.wp.com\/wp.ufpel.edu.br\/leppais\/files\/2018\/05\/p_20180514_151253_vhdr_on.jpg?resize=350%2C200","width":350,"height":200,"srcset":"https:\/\/i0.wp.com\/wp.ufpel.edu.br\/leppais\/files\/2018\/05\/p_20180514_151253_vhdr_on.jpg?resize=350%2C200 1x, https:\/\/i0.wp.com\/wp.ufpel.edu.br\/leppais\/files\/2018\/05\/p_20180514_151253_vhdr_on.jpg?resize=525%2C300 1.5x, https:\/\/i0.wp.com\/wp.ufpel.edu.br\/leppais\/files\/2018\/05\/p_20180514_151253_vhdr_on.jpg?resize=700%2C400 2x"},"classes":[]},{"id":1142,"url":"https:\/\/wp.ufpel.edu.br\/leppais\/2017\/06\/28\/aula-com-a-profa-cornelia-eckert\/","url_meta":{"origin":1478,"position":3},"title":"Aula com a Prof\u00aa Cornelia Eckert","author":"antropologia","date":"28\/06\/2017","format":false,"excerpt":"","rel":"","context":"Em &quot;Convite&quot;","block_context":{"text":"Convite","link":"https:\/\/wp.ufpel.edu.br\/leppais\/category\/convite\/"},"img":{"alt_text":"","src":"https:\/\/i0.wp.com\/wp.ufpel.edu.br\/leppais\/files\/2017\/07\/leppais-cornelia.jpg?resize=350%2C200&ssl=1","width":350,"height":200,"srcset":"https:\/\/i0.wp.com\/wp.ufpel.edu.br\/leppais\/files\/2017\/07\/leppais-cornelia.jpg?resize=350%2C200&ssl=1 1x, https:\/\/i0.wp.com\/wp.ufpel.edu.br\/leppais\/files\/2017\/07\/leppais-cornelia.jpg?resize=525%2C300&ssl=1 1.5x, https:\/\/i0.wp.com\/wp.ufpel.edu.br\/leppais\/files\/2017\/07\/leppais-cornelia.jpg?resize=700%2C400&ssl=1 2x"},"classes":[]},{"id":1765,"url":"https:\/\/wp.ufpel.edu.br\/leppais\/2018\/09\/24\/convite-cafe-arqueologico-6\/","url_meta":{"origin":1478,"position":4},"title":"Convite: Caf\u00e9 Arqueol\u00f3gico","author":"antropologia","date":"24\/09\/2018","format":false,"excerpt":"O LEPAARQ (Laborat\u00f3rio de Ensino e Pesquisa em Antropologia e Arqueologia) est\u00e1\u00a0 promovendo mais um caf\u00e9 arqueol\u00f3gico em homenagem aos 10 anos do curso de antropologia. Dessa vez com a fala\u00a0do professor Lucas que ir\u00e1 nos contar sobre sua trajet\u00f3ria.","rel":"","context":"Em &quot;Atividades&quot;","block_context":{"text":"Atividades","link":"https:\/\/wp.ufpel.edu.br\/leppais\/category\/atividades\/"},"img":{"alt_text":"","src":"https:\/\/i0.wp.com\/wp.ufpel.edu.br\/leppais\/files\/2018\/09\/img-20180923-wa0003.jpg?resize=350%2C200&ssl=1","width":350,"height":200,"srcset":"https:\/\/i0.wp.com\/wp.ufpel.edu.br\/leppais\/files\/2018\/09\/img-20180923-wa0003.jpg?resize=350%2C200&ssl=1 1x, https:\/\/i0.wp.com\/wp.ufpel.edu.br\/leppais\/files\/2018\/09\/img-20180923-wa0003.jpg?resize=525%2C300&ssl=1 1.5x, https:\/\/i0.wp.com\/wp.ufpel.edu.br\/leppais\/files\/2018\/09\/img-20180923-wa0003.jpg?resize=700%2C400&ssl=1 2x"},"classes":[]},{"id":1530,"url":"https:\/\/wp.ufpel.edu.br\/leppais\/2018\/05\/21\/convite-cafe-arqueologico-2\/","url_meta":{"origin":1478,"position":5},"title":"Convite: Caf\u00e9 Arqueol\u00f3gico","author":"antropologia","date":"21\/05\/2018","format":false,"excerpt":"O LEPAARQ (Laborat\u00f3rio de Ensino e Pesquisa em Antropologia e Arqueologia) est\u00e1\u00a0 promovendo mais um caf\u00e9 arqueol\u00f3gico em homenagem aos 10 anos do curso de antropologia. Esse ser\u00e1 com a participa\u00e7\u00e3o do professor Dr. Danilo Vicensotto da \u00e1rea de Antropologia e Arqueologia do Instituto de Ci\u00eancias Humanas e da informa\u00e7\u00e3o\u2026","rel":"","context":"Em &quot;Atividades&quot;","block_context":{"text":"Atividades","link":"https:\/\/wp.ufpel.edu.br\/leppais\/category\/atividades\/"},"img":{"alt_text":"","src":"https:\/\/i0.wp.com\/wp.ufpel.edu.br\/leppais\/files\/2018\/05\/img-20180521-wa0000.jpg?resize=350%2C200&ssl=1","width":350,"height":200,"srcset":"https:\/\/i0.wp.com\/wp.ufpel.edu.br\/leppais\/files\/2018\/05\/img-20180521-wa0000.jpg?resize=350%2C200&ssl=1 1x, https:\/\/i0.wp.com\/wp.ufpel.edu.br\/leppais\/files\/2018\/05\/img-20180521-wa0000.jpg?resize=525%2C300&ssl=1 1.5x, https:\/\/i0.wp.com\/wp.ufpel.edu.br\/leppais\/files\/2018\/05\/img-20180521-wa0000.jpg?resize=700%2C400&ssl=1 2x"},"classes":[]}],"jetpack_likes_enabled":true,"_links":{"self":[{"href":"https:\/\/wp.ufpel.edu.br\/leppais\/wp-json\/wp\/v2\/posts\/1478","targetHints":{"allow":["GET"]}}],"collection":[{"href":"https:\/\/wp.ufpel.edu.br\/leppais\/wp-json\/wp\/v2\/posts"}],"about":[{"href":"https:\/\/wp.ufpel.edu.br\/leppais\/wp-json\/wp\/v2\/types\/post"}],"author":[{"embeddable":true,"href":"https:\/\/wp.ufpel.edu.br\/leppais\/wp-json\/wp\/v2\/users\/641"}],"replies":[{"embeddable":true,"href":"https:\/\/wp.ufpel.edu.br\/leppais\/wp-json\/wp\/v2\/comments?post=1478"}],"version-history":[{"count":0,"href":"https:\/\/wp.ufpel.edu.br\/leppais\/wp-json\/wp\/v2\/posts\/1478\/revisions"}],"wp:attachment":[{"href":"https:\/\/wp.ufpel.edu.br\/leppais\/wp-json\/wp\/v2\/media?parent=1478"}],"wp:term":[{"taxonomy":"category","embeddable":true,"href":"https:\/\/wp.ufpel.edu.br\/leppais\/wp-json\/wp\/v2\/categories?post=1478"},{"taxonomy":"post_tag","embeddable":true,"href":"https:\/\/wp.ufpel.edu.br\/leppais\/wp-json\/wp\/v2\/tags?post=1478"}],"curies":[{"name":"wp","href":"https:\/\/api.w.org\/{rel}","templated":true}]}}