{"id":1467,"date":"2018-05-02T14:25:16","date_gmt":"2018-05-02T17:25:16","guid":{"rendered":"https:\/\/leppais.wordpress.com\/?p=1467"},"modified":"2018-05-02T14:25:16","modified_gmt":"2018-05-02T17:25:16","slug":"memorias-ferroviarias-no-encontro-de-geracoes-na-escola-francisco-simoes","status":"publish","type":"post","link":"https:\/\/wp.ufpel.edu.br\/leppais\/2018\/05\/02\/memorias-ferroviarias-no-encontro-de-geracoes-na-escola-francisco-simoes\/","title":{"rendered":"Mem\u00f3rias ferrovi\u00e1rias no encontro de gera\u00e7\u00f5es na Escola Francisco Sim\u00f5es"},"content":{"rendered":"<div class=\"tiled-gallery type-rectangular tiled-gallery-unresized\" data-original-width=\"584\" data-carousel-extra='{&quot;blog_id&quot;:939,&quot;permalink&quot;:&quot;https:\\\/\\\/wp.ufpel.edu.br\\\/leppais\\\/2018\\\/05\\\/02\\\/memorias-ferroviarias-no-encontro-de-geracoes-na-escola-francisco-simoes\\\/&quot;,&quot;likes_blog_id&quot;:156089364}' itemscope itemtype=\"http:\/\/schema.org\/ImageGallery\" > <div class=\"gallery-row\" style=\"width: 584px; height: 293px;\" data-original-width=\"584\" data-original-height=\"293\" > <div class=\"gallery-group images-1\" style=\"width: 390px; height: 293px;\" data-original-width=\"390\" data-original-height=\"293\" > <div class=\"tiled-gallery-item tiled-gallery-item-large\" itemprop=\"associatedMedia\" itemscope itemtype=\"http:\/\/schema.org\/ImageObject\"> <a href=\"https:\/\/wp.ufpel.edu.br\/leppais\/2018\/05\/02\/memorias-ferroviarias-no-encontro-de-geracoes-na-escola-francisco-simoes\/img-20180430-wa0005\/\" border=\"0\" itemprop=\"url\"> <meta itemprop=\"width\" content=\"386\"> <meta itemprop=\"height\" content=\"289\"> <img decoding=\"async\" class=\"\" data-attachment-id=\"1472\" data-orig-file=\"https:\/\/wp.ufpel.edu.br\/leppais\/files\/2018\/05\/img-20180430-wa0005.jpg\" data-orig-size=\"1040,780\" data-comments-opened=\"\" data-image-meta=\"{&quot;aperture&quot;:&quot;0&quot;,&quot;credit&quot;:&quot;&quot;,&quot;camera&quot;:&quot;&quot;,&quot;caption&quot;:&quot;&quot;,&quot;created_timestamp&quot;:&quot;0&quot;,&quot;copyright&quot;:&quot;&quot;,&quot;focal_length&quot;:&quot;0&quot;,&quot;iso&quot;:&quot;0&quot;,&quot;shutter_speed&quot;:&quot;0&quot;,&quot;title&quot;:&quot;&quot;,&quot;orientation&quot;:&quot;0&quot;}\" data-image-title=\"IMG-20180430-WA0005\" data-image-description=\"\" data-medium-file=\"https:\/\/i0.wp.com\/wp.ufpel.edu.br\/leppais\/files\/2018\/05\/img-20180430-wa0005.jpg?fit=300%2C225&#038;ssl=1\" data-large-file=\"https:\/\/i0.wp.com\/wp.ufpel.edu.br\/leppais\/files\/2018\/05\/img-20180430-wa0005.jpg?fit=584%2C438&#038;ssl=1\" src=\"https:\/\/i0.wp.com\/wp.ufpel.edu.br\/leppais\/files\/2018\/05\/img-20180430-wa0005.jpg?w=386&#038;h=289&#038;ssl=1\" srcset=\"https:\/\/i0.wp.com\/wp.ufpel.edu.br\/leppais\/files\/2018\/05\/img-20180430-wa0005.jpg?w=1040&amp;ssl=1 1040w, https:\/\/i0.wp.com\/wp.ufpel.edu.br\/leppais\/files\/2018\/05\/img-20180430-wa0005.jpg?resize=300%2C225&amp;ssl=1 300w, https:\/\/i0.wp.com\/wp.ufpel.edu.br\/leppais\/files\/2018\/05\/img-20180430-wa0005.jpg?resize=768%2C576&amp;ssl=1 768w, https:\/\/i0.wp.com\/wp.ufpel.edu.br\/leppais\/files\/2018\/05\/img-20180430-wa0005.jpg?resize=1024%2C768&amp;ssl=1 1024w, https:\/\/i0.wp.com\/wp.ufpel.edu.br\/leppais\/files\/2018\/05\/img-20180430-wa0005.jpg?resize=400%2C300&amp;ssl=1 400w\" width=\"386\" height=\"289\" loading=\"lazy\" data-original-width=\"386\" data-original-height=\"289\" itemprop=\"http:\/\/schema.org\/image\" title=\"IMG-20180430-WA0005\" alt=\"IMG-20180430-WA0005\" style=\"width: 386px; height: 289px;\" \/> <\/a> <\/div> <\/div> <!-- close group --> <div class=\"gallery-group images-2\" style=\"width: 194px; height: 293px;\" data-original-width=\"194\" data-original-height=\"293\" > <div class=\"tiled-gallery-item tiled-gallery-item-small\" itemprop=\"associatedMedia\" itemscope itemtype=\"http:\/\/schema.org\/ImageObject\"> <a href=\"https:\/\/wp.ufpel.edu.br\/leppais\/2018\/05\/02\/memorias-ferroviarias-no-encontro-de-geracoes-na-escola-francisco-simoes\/img-20180430-wa0000\/\" border=\"0\" itemprop=\"url\"> <meta itemprop=\"width\" content=\"190\"> <meta itemprop=\"height\" content=\"143\"> <img decoding=\"async\" class=\"\" data-attachment-id=\"1468\" data-orig-file=\"https:\/\/wp.ufpel.edu.br\/leppais\/files\/2018\/05\/img-20180430-wa0000.jpg\" data-orig-size=\"1280,960\" data-comments-opened=\"\" data-image-meta=\"{&quot;aperture&quot;:&quot;0&quot;,&quot;credit&quot;:&quot;&quot;,&quot;camera&quot;:&quot;&quot;,&quot;caption&quot;:&quot;&quot;,&quot;created_timestamp&quot;:&quot;0&quot;,&quot;copyright&quot;:&quot;&quot;,&quot;focal_length&quot;:&quot;0&quot;,&quot;iso&quot;:&quot;0&quot;,&quot;shutter_speed&quot;:&quot;0&quot;,&quot;title&quot;:&quot;&quot;,&quot;orientation&quot;:&quot;0&quot;}\" data-image-title=\"IMG-20180430-WA0000\" data-image-description=\"\" data-medium-file=\"https:\/\/i0.wp.com\/wp.ufpel.edu.br\/leppais\/files\/2018\/05\/img-20180430-wa0000.jpg?fit=300%2C225&#038;ssl=1\" data-large-file=\"https:\/\/i0.wp.com\/wp.ufpel.edu.br\/leppais\/files\/2018\/05\/img-20180430-wa0000.jpg?fit=584%2C438&#038;ssl=1\" src=\"https:\/\/i0.wp.com\/wp.ufpel.edu.br\/leppais\/files\/2018\/05\/img-20180430-wa0000.jpg?w=190&#038;h=143&#038;ssl=1\" srcset=\"https:\/\/i0.wp.com\/wp.ufpel.edu.br\/leppais\/files\/2018\/05\/img-20180430-wa0000.jpg?w=1280&amp;ssl=1 1280w, https:\/\/i0.wp.com\/wp.ufpel.edu.br\/leppais\/files\/2018\/05\/img-20180430-wa0000.jpg?resize=300%2C225&amp;ssl=1 300w, https:\/\/i0.wp.com\/wp.ufpel.edu.br\/leppais\/files\/2018\/05\/img-20180430-wa0000.jpg?resize=768%2C576&amp;ssl=1 768w, https:\/\/i0.wp.com\/wp.ufpel.edu.br\/leppais\/files\/2018\/05\/img-20180430-wa0000.jpg?resize=1024%2C768&amp;ssl=1 1024w, https:\/\/i0.wp.com\/wp.ufpel.edu.br\/leppais\/files\/2018\/05\/img-20180430-wa0000.jpg?resize=400%2C300&amp;ssl=1 400w, https:\/\/i0.wp.com\/wp.ufpel.edu.br\/leppais\/files\/2018\/05\/img-20180430-wa0000.jpg?w=1168&amp;ssl=1 1168w\" width=\"190\" height=\"143\" loading=\"lazy\" data-original-width=\"190\" data-original-height=\"143\" itemprop=\"http:\/\/schema.org\/image\" title=\"IMG-20180430-WA0000\" alt=\"IMG-20180430-WA0000\" style=\"width: 190px; height: 143px;\" \/> <\/a> <\/div> <div class=\"tiled-gallery-item tiled-gallery-item-small\" itemprop=\"associatedMedia\" itemscope itemtype=\"http:\/\/schema.org\/ImageObject\"> <a href=\"https:\/\/wp.ufpel.edu.br\/leppais\/2018\/05\/02\/memorias-ferroviarias-no-encontro-de-geracoes-na-escola-francisco-simoes\/img-20180430-wa0002\/\" border=\"0\" itemprop=\"url\"> <meta itemprop=\"width\" content=\"190\"> <meta itemprop=\"height\" content=\"142\"> <img decoding=\"async\" class=\"\" data-attachment-id=\"1469\" data-orig-file=\"https:\/\/wp.ufpel.edu.br\/leppais\/files\/2018\/05\/img-20180430-wa0002.jpg\" data-orig-size=\"1280,960\" data-comments-opened=\"\" data-image-meta=\"{&quot;aperture&quot;:&quot;0&quot;,&quot;credit&quot;:&quot;&quot;,&quot;camera&quot;:&quot;&quot;,&quot;caption&quot;:&quot;&quot;,&quot;created_timestamp&quot;:&quot;0&quot;,&quot;copyright&quot;:&quot;&quot;,&quot;focal_length&quot;:&quot;0&quot;,&quot;iso&quot;:&quot;0&quot;,&quot;shutter_speed&quot;:&quot;0&quot;,&quot;title&quot;:&quot;&quot;,&quot;orientation&quot;:&quot;0&quot;}\" data-image-title=\"IMG-20180430-WA0002\" data-image-description=\"\" data-medium-file=\"https:\/\/i0.wp.com\/wp.ufpel.edu.br\/leppais\/files\/2018\/05\/img-20180430-wa0002.jpg?fit=300%2C225&#038;ssl=1\" data-large-file=\"https:\/\/i0.wp.com\/wp.ufpel.edu.br\/leppais\/files\/2018\/05\/img-20180430-wa0002.jpg?fit=584%2C438&#038;ssl=1\" src=\"https:\/\/i0.wp.com\/wp.ufpel.edu.br\/leppais\/files\/2018\/05\/img-20180430-wa0002.jpg?w=190&#038;h=142&#038;ssl=1\" srcset=\"https:\/\/i0.wp.com\/wp.ufpel.edu.br\/leppais\/files\/2018\/05\/img-20180430-wa0002.jpg?w=1280&amp;ssl=1 1280w, https:\/\/i0.wp.com\/wp.ufpel.edu.br\/leppais\/files\/2018\/05\/img-20180430-wa0002.jpg?resize=300%2C225&amp;ssl=1 300w, https:\/\/i0.wp.com\/wp.ufpel.edu.br\/leppais\/files\/2018\/05\/img-20180430-wa0002.jpg?resize=768%2C576&amp;ssl=1 768w, https:\/\/i0.wp.com\/wp.ufpel.edu.br\/leppais\/files\/2018\/05\/img-20180430-wa0002.jpg?resize=1024%2C768&amp;ssl=1 1024w, https:\/\/i0.wp.com\/wp.ufpel.edu.br\/leppais\/files\/2018\/05\/img-20180430-wa0002.jpg?resize=400%2C300&amp;ssl=1 400w, https:\/\/i0.wp.com\/wp.ufpel.edu.br\/leppais\/files\/2018\/05\/img-20180430-wa0002.jpg?w=1168&amp;ssl=1 1168w\" width=\"190\" height=\"142\" loading=\"lazy\" data-original-width=\"190\" data-original-height=\"142\" itemprop=\"http:\/\/schema.org\/image\" title=\"IMG-20180430-WA0002\" alt=\"IMG-20180430-WA0002\" style=\"width: 190px; height: 142px;\" \/> <\/a> <\/div> <\/div> <!-- close group --> <\/div> <!-- close row --> <div class=\"gallery-row\" style=\"width: 584px; height: 171px;\" data-original-width=\"584\" data-original-height=\"171\" > <div class=\"gallery-group images-1\" style=\"width: 227px; height: 171px;\" data-original-width=\"227\" data-original-height=\"171\" > <div class=\"tiled-gallery-item tiled-gallery-item-small\" itemprop=\"associatedMedia\" itemscope itemtype=\"http:\/\/schema.org\/ImageObject\"> <a href=\"https:\/\/wp.ufpel.edu.br\/leppais\/2018\/05\/02\/memorias-ferroviarias-no-encontro-de-geracoes-na-escola-francisco-simoes\/img-20180430-wa0003\/\" border=\"0\" itemprop=\"url\"> <meta itemprop=\"width\" content=\"223\"> <meta itemprop=\"height\" content=\"167\"> <img decoding=\"async\" class=\"\" data-attachment-id=\"1470\" data-orig-file=\"https:\/\/wp.ufpel.edu.br\/leppais\/files\/2018\/05\/img-20180430-wa0003.jpg\" data-orig-size=\"1040,780\" data-comments-opened=\"\" data-image-meta=\"{&quot;aperture&quot;:&quot;0&quot;,&quot;credit&quot;:&quot;&quot;,&quot;camera&quot;:&quot;&quot;,&quot;caption&quot;:&quot;&quot;,&quot;created_timestamp&quot;:&quot;0&quot;,&quot;copyright&quot;:&quot;&quot;,&quot;focal_length&quot;:&quot;0&quot;,&quot;iso&quot;:&quot;0&quot;,&quot;shutter_speed&quot;:&quot;0&quot;,&quot;title&quot;:&quot;&quot;,&quot;orientation&quot;:&quot;0&quot;}\" data-image-title=\"IMG-20180430-WA0003\" data-image-description=\"\" data-medium-file=\"https:\/\/i0.wp.com\/wp.ufpel.edu.br\/leppais\/files\/2018\/05\/img-20180430-wa0003.jpg?fit=300%2C225&#038;ssl=1\" data-large-file=\"https:\/\/i0.wp.com\/wp.ufpel.edu.br\/leppais\/files\/2018\/05\/img-20180430-wa0003.jpg?fit=584%2C438&#038;ssl=1\" src=\"https:\/\/i0.wp.com\/wp.ufpel.edu.br\/leppais\/files\/2018\/05\/img-20180430-wa0003.jpg?w=223&#038;h=167&#038;ssl=1\" srcset=\"https:\/\/i0.wp.com\/wp.ufpel.edu.br\/leppais\/files\/2018\/05\/img-20180430-wa0003.jpg?w=1040&amp;ssl=1 1040w, https:\/\/i0.wp.com\/wp.ufpel.edu.br\/leppais\/files\/2018\/05\/img-20180430-wa0003.jpg?resize=300%2C225&amp;ssl=1 300w, https:\/\/i0.wp.com\/wp.ufpel.edu.br\/leppais\/files\/2018\/05\/img-20180430-wa0003.jpg?resize=768%2C576&amp;ssl=1 768w, https:\/\/i0.wp.com\/wp.ufpel.edu.br\/leppais\/files\/2018\/05\/img-20180430-wa0003.jpg?resize=1024%2C768&amp;ssl=1 1024w, https:\/\/i0.wp.com\/wp.ufpel.edu.br\/leppais\/files\/2018\/05\/img-20180430-wa0003.jpg?resize=400%2C300&amp;ssl=1 400w\" width=\"223\" height=\"167\" loading=\"lazy\" data-original-width=\"223\" data-original-height=\"167\" itemprop=\"http:\/\/schema.org\/image\" title=\"IMG-20180430-WA0003\" alt=\"IMG-20180430-WA0003\" style=\"width: 223px; height: 167px;\" \/> <\/a> <\/div> <\/div> <!-- close group --> <div class=\"gallery-group images-1\" style=\"width: 130px; height: 171px;\" data-original-width=\"130\" data-original-height=\"171\" > <div class=\"tiled-gallery-item tiled-gallery-item-small\" itemprop=\"associatedMedia\" itemscope itemtype=\"http:\/\/schema.org\/ImageObject\"> <a href=\"https:\/\/wp.ufpel.edu.br\/leppais\/2018\/05\/02\/memorias-ferroviarias-no-encontro-de-geracoes-na-escola-francisco-simoes\/img-20180430-wa0004\/\" border=\"0\" itemprop=\"url\"> <meta itemprop=\"width\" content=\"126\"> <meta itemprop=\"height\" content=\"167\"> <img decoding=\"async\" class=\"\" data-attachment-id=\"1471\" data-orig-file=\"https:\/\/wp.ufpel.edu.br\/leppais\/files\/2018\/05\/img-20180430-wa0004.jpg\" data-orig-size=\"780,1040\" data-comments-opened=\"\" data-image-meta=\"{&quot;aperture&quot;:&quot;0&quot;,&quot;credit&quot;:&quot;&quot;,&quot;camera&quot;:&quot;&quot;,&quot;caption&quot;:&quot;&quot;,&quot;created_timestamp&quot;:&quot;0&quot;,&quot;copyright&quot;:&quot;&quot;,&quot;focal_length&quot;:&quot;0&quot;,&quot;iso&quot;:&quot;0&quot;,&quot;shutter_speed&quot;:&quot;0&quot;,&quot;title&quot;:&quot;&quot;,&quot;orientation&quot;:&quot;0&quot;}\" data-image-title=\"IMG-20180430-WA0004\" data-image-description=\"\" data-medium-file=\"https:\/\/i0.wp.com\/wp.ufpel.edu.br\/leppais\/files\/2018\/05\/img-20180430-wa0004.jpg?fit=225%2C300&#038;ssl=1\" data-large-file=\"https:\/\/i0.wp.com\/wp.ufpel.edu.br\/leppais\/files\/2018\/05\/img-20180430-wa0004.jpg?fit=584%2C779&#038;ssl=1\" src=\"https:\/\/i0.wp.com\/wp.ufpel.edu.br\/leppais\/files\/2018\/05\/img-20180430-wa0004.jpg?w=126&#038;h=167&#038;ssl=1\" srcset=\"https:\/\/i0.wp.com\/wp.ufpel.edu.br\/leppais\/files\/2018\/05\/img-20180430-wa0004.jpg?w=780&amp;ssl=1 780w, https:\/\/i0.wp.com\/wp.ufpel.edu.br\/leppais\/files\/2018\/05\/img-20180430-wa0004.jpg?resize=225%2C300&amp;ssl=1 225w, https:\/\/i0.wp.com\/wp.ufpel.edu.br\/leppais\/files\/2018\/05\/img-20180430-wa0004.jpg?resize=768%2C1024&amp;ssl=1 768w\" width=\"126\" height=\"167\" loading=\"lazy\" data-original-width=\"126\" data-original-height=\"167\" itemprop=\"http:\/\/schema.org\/image\" title=\"IMG-20180430-WA0004\" alt=\"IMG-20180430-WA0004\" style=\"width: 126px; height: 167px;\" \/> <\/a> <\/div> <\/div> <!-- close group --> <div class=\"gallery-group images-1\" style=\"width: 227px; height: 171px;\" data-original-width=\"227\" data-original-height=\"171\" > <div class=\"tiled-gallery-item tiled-gallery-item-small\" itemprop=\"associatedMedia\" itemscope itemtype=\"http:\/\/schema.org\/ImageObject\"> <a href=\"https:\/\/wp.ufpel.edu.br\/leppais\/2018\/05\/02\/memorias-ferroviarias-no-encontro-de-geracoes-na-escola-francisco-simoes\/img-20180430-wa0007\/\" border=\"0\" itemprop=\"url\"> <meta itemprop=\"width\" content=\"223\"> <meta itemprop=\"height\" content=\"167\"> <img decoding=\"async\" class=\"\" data-attachment-id=\"1473\" data-orig-file=\"https:\/\/wp.ufpel.edu.br\/leppais\/files\/2018\/05\/img-20180430-wa0007.jpg\" data-orig-size=\"1040,780\" data-comments-opened=\"\" data-image-meta=\"{&quot;aperture&quot;:&quot;0&quot;,&quot;credit&quot;:&quot;&quot;,&quot;camera&quot;:&quot;&quot;,&quot;caption&quot;:&quot;&quot;,&quot;created_timestamp&quot;:&quot;0&quot;,&quot;copyright&quot;:&quot;&quot;,&quot;focal_length&quot;:&quot;0&quot;,&quot;iso&quot;:&quot;0&quot;,&quot;shutter_speed&quot;:&quot;0&quot;,&quot;title&quot;:&quot;&quot;,&quot;orientation&quot;:&quot;0&quot;}\" data-image-title=\"IMG-20180430-WA0007\" data-image-description=\"\" data-medium-file=\"https:\/\/i0.wp.com\/wp.ufpel.edu.br\/leppais\/files\/2018\/05\/img-20180430-wa0007.jpg?fit=300%2C225&#038;ssl=1\" data-large-file=\"https:\/\/i0.wp.com\/wp.ufpel.edu.br\/leppais\/files\/2018\/05\/img-20180430-wa0007.jpg?fit=584%2C438&#038;ssl=1\" src=\"https:\/\/i0.wp.com\/wp.ufpel.edu.br\/leppais\/files\/2018\/05\/img-20180430-wa0007.jpg?w=223&#038;h=167&#038;ssl=1\" srcset=\"https:\/\/i0.wp.com\/wp.ufpel.edu.br\/leppais\/files\/2018\/05\/img-20180430-wa0007.jpg?w=1040&amp;ssl=1 1040w, https:\/\/i0.wp.com\/wp.ufpel.edu.br\/leppais\/files\/2018\/05\/img-20180430-wa0007.jpg?resize=300%2C225&amp;ssl=1 300w, https:\/\/i0.wp.com\/wp.ufpel.edu.br\/leppais\/files\/2018\/05\/img-20180430-wa0007.jpg?resize=768%2C576&amp;ssl=1 768w, https:\/\/i0.wp.com\/wp.ufpel.edu.br\/leppais\/files\/2018\/05\/img-20180430-wa0007.jpg?resize=1024%2C768&amp;ssl=1 1024w, https:\/\/i0.wp.com\/wp.ufpel.edu.br\/leppais\/files\/2018\/05\/img-20180430-wa0007.jpg?resize=400%2C300&amp;ssl=1 400w\" width=\"223\" height=\"167\" loading=\"lazy\" data-original-width=\"223\" data-original-height=\"167\" itemprop=\"http:\/\/schema.org\/image\" title=\"IMG-20180430-WA0007\" alt=\"IMG-20180430-WA0007\" style=\"width: 223px; height: 167px;\" \/> <\/a> <\/div> <\/div> <!-- close group --> <\/div> <!-- close row --> <div class=\"gallery-row\" style=\"width: 584px; height: 220px;\" data-original-width=\"584\" data-original-height=\"220\" > <div class=\"gallery-group images-1\" style=\"width: 292px; height: 220px;\" data-original-width=\"292\" data-original-height=\"220\" > <div class=\"tiled-gallery-item tiled-gallery-item-large\" itemprop=\"associatedMedia\" itemscope itemtype=\"http:\/\/schema.org\/ImageObject\"> <a href=\"https:\/\/wp.ufpel.edu.br\/leppais\/2018\/05\/02\/memorias-ferroviarias-no-encontro-de-geracoes-na-escola-francisco-simoes\/img-20180430-wa0008\/\" border=\"0\" itemprop=\"url\"> <meta itemprop=\"width\" content=\"288\"> <meta itemprop=\"height\" content=\"216\"> <img decoding=\"async\" class=\"\" data-attachment-id=\"1474\" data-orig-file=\"https:\/\/wp.ufpel.edu.br\/leppais\/files\/2018\/05\/img-20180430-wa0008.jpg\" data-orig-size=\"1040,780\" data-comments-opened=\"\" data-image-meta=\"{&quot;aperture&quot;:&quot;0&quot;,&quot;credit&quot;:&quot;&quot;,&quot;camera&quot;:&quot;&quot;,&quot;caption&quot;:&quot;&quot;,&quot;created_timestamp&quot;:&quot;0&quot;,&quot;copyright&quot;:&quot;&quot;,&quot;focal_length&quot;:&quot;0&quot;,&quot;iso&quot;:&quot;0&quot;,&quot;shutter_speed&quot;:&quot;0&quot;,&quot;title&quot;:&quot;&quot;,&quot;orientation&quot;:&quot;0&quot;}\" data-image-title=\"IMG-20180430-WA0008\" data-image-description=\"\" data-medium-file=\"https:\/\/i0.wp.com\/wp.ufpel.edu.br\/leppais\/files\/2018\/05\/img-20180430-wa0008.jpg?fit=300%2C225&#038;ssl=1\" data-large-file=\"https:\/\/i0.wp.com\/wp.ufpel.edu.br\/leppais\/files\/2018\/05\/img-20180430-wa0008.jpg?fit=584%2C438&#038;ssl=1\" src=\"https:\/\/i0.wp.com\/wp.ufpel.edu.br\/leppais\/files\/2018\/05\/img-20180430-wa0008.jpg?w=288&#038;h=216&#038;ssl=1\" srcset=\"https:\/\/i0.wp.com\/wp.ufpel.edu.br\/leppais\/files\/2018\/05\/img-20180430-wa0008.jpg?w=1040&amp;ssl=1 1040w, https:\/\/i0.wp.com\/wp.ufpel.edu.br\/leppais\/files\/2018\/05\/img-20180430-wa0008.jpg?resize=300%2C225&amp;ssl=1 300w, https:\/\/i0.wp.com\/wp.ufpel.edu.br\/leppais\/files\/2018\/05\/img-20180430-wa0008.jpg?resize=768%2C576&amp;ssl=1 768w, https:\/\/i0.wp.com\/wp.ufpel.edu.br\/leppais\/files\/2018\/05\/img-20180430-wa0008.jpg?resize=1024%2C768&amp;ssl=1 1024w, https:\/\/i0.wp.com\/wp.ufpel.edu.br\/leppais\/files\/2018\/05\/img-20180430-wa0008.jpg?resize=400%2C300&amp;ssl=1 400w\" width=\"288\" height=\"216\" loading=\"lazy\" data-original-width=\"288\" data-original-height=\"216\" itemprop=\"http:\/\/schema.org\/image\" title=\"IMG-20180430-WA0008\" alt=\"IMG-20180430-WA0008\" style=\"width: 288px; height: 216px;\" \/> <\/a> <\/div> <\/div> <!-- close group --> <div class=\"gallery-group images-1\" style=\"width: 292px; height: 220px;\" data-original-width=\"292\" data-original-height=\"220\" > <div class=\"tiled-gallery-item tiled-gallery-item-large\" itemprop=\"associatedMedia\" itemscope itemtype=\"http:\/\/schema.org\/ImageObject\"> <a href=\"https:\/\/wp.ufpel.edu.br\/leppais\/2018\/05\/02\/memorias-ferroviarias-no-encontro-de-geracoes-na-escola-francisco-simoes\/img-20180430-wa0010\/\" border=\"0\" itemprop=\"url\"> <meta itemprop=\"width\" content=\"288\"> <meta itemprop=\"height\" content=\"216\"> <img decoding=\"async\" class=\"\" data-attachment-id=\"1475\" data-orig-file=\"https:\/\/wp.ufpel.edu.br\/leppais\/files\/2018\/05\/img-20180430-wa0010.jpg\" data-orig-size=\"1280,960\" data-comments-opened=\"\" data-image-meta=\"{&quot;aperture&quot;:&quot;0&quot;,&quot;credit&quot;:&quot;&quot;,&quot;camera&quot;:&quot;&quot;,&quot;caption&quot;:&quot;&quot;,&quot;created_timestamp&quot;:&quot;0&quot;,&quot;copyright&quot;:&quot;&quot;,&quot;focal_length&quot;:&quot;0&quot;,&quot;iso&quot;:&quot;0&quot;,&quot;shutter_speed&quot;:&quot;0&quot;,&quot;title&quot;:&quot;&quot;,&quot;orientation&quot;:&quot;0&quot;}\" data-image-title=\"IMG-20180430-WA0010\" data-image-description=\"\" data-medium-file=\"https:\/\/i0.wp.com\/wp.ufpel.edu.br\/leppais\/files\/2018\/05\/img-20180430-wa0010.jpg?fit=300%2C225&#038;ssl=1\" data-large-file=\"https:\/\/i0.wp.com\/wp.ufpel.edu.br\/leppais\/files\/2018\/05\/img-20180430-wa0010.jpg?fit=584%2C438&#038;ssl=1\" src=\"https:\/\/i0.wp.com\/wp.ufpel.edu.br\/leppais\/files\/2018\/05\/img-20180430-wa0010.jpg?w=288&#038;h=216&#038;ssl=1\" srcset=\"https:\/\/i0.wp.com\/wp.ufpel.edu.br\/leppais\/files\/2018\/05\/img-20180430-wa0010.jpg?w=1280&amp;ssl=1 1280w, https:\/\/i0.wp.com\/wp.ufpel.edu.br\/leppais\/files\/2018\/05\/img-20180430-wa0010.jpg?resize=300%2C225&amp;ssl=1 300w, https:\/\/i0.wp.com\/wp.ufpel.edu.br\/leppais\/files\/2018\/05\/img-20180430-wa0010.jpg?resize=768%2C576&amp;ssl=1 768w, https:\/\/i0.wp.com\/wp.ufpel.edu.br\/leppais\/files\/2018\/05\/img-20180430-wa0010.jpg?resize=1024%2C768&amp;ssl=1 1024w, https:\/\/i0.wp.com\/wp.ufpel.edu.br\/leppais\/files\/2018\/05\/img-20180430-wa0010.jpg?resize=400%2C300&amp;ssl=1 400w, https:\/\/i0.wp.com\/wp.ufpel.edu.br\/leppais\/files\/2018\/05\/img-20180430-wa0010.jpg?w=1168&amp;ssl=1 1168w\" width=\"288\" height=\"216\" loading=\"lazy\" data-original-width=\"288\" data-original-height=\"216\" itemprop=\"http:\/\/schema.org\/image\" title=\"IMG-20180430-WA0010\" alt=\"IMG-20180430-WA0010\" style=\"width: 288px; height: 216px;\" \/> <\/a> <\/div> <\/div> <!-- close group --> <\/div> <!-- close row --> <\/div>\n<p>Mem\u00f3rias ferrovi\u00e1rias no encontro de gera\u00e7\u00f5es &#8211; dia 27\/05\/2018, na Escola Francisco Sim\u00f5es,\u00a0 promovido por Guillermo Gomez a partir de sua disserta\u00e7ao de mestrado na UFRGS &#8211; intitulada <em>Etnografia da Crise e da Dura\u00e7\u00e3o Ferrovi\u00e1ria em Pelotas\/RS: Um estudo de mem\u00f3ria coletiva<\/em> e do projeto coletivo desenvolvido no LEPPAIS para o Memorial da Esta\u00e7\u00e3o F\u00e9rrea de Pelotas.<\/p>\n<p>&nbsp;<\/p>\n","protected":false},"excerpt":{"rendered":"<p>Mem\u00f3rias ferrovi\u00e1rias no encontro de gera\u00e7\u00f5es &#8211; dia 27\/05\/2018, na Escola Francisco Sim\u00f5es,\u00a0 promovido por Guillermo Gomez a partir de sua disserta\u00e7ao de mestrado na UFRGS &#8211; intitulada Etnografia da Crise e da Dura\u00e7\u00e3o Ferrovi\u00e1ria em Pelotas\/RS: Um estudo de &hellip; <a href=\"https:\/\/wp.ufpel.edu.br\/leppais\/2018\/05\/02\/memorias-ferroviarias-no-encontro-de-geracoes-na-escola-francisco-simoes\/\">Continue lendo <span class=\"meta-nav\">&rarr;<\/span><\/a><\/p>\n","protected":false},"author":641,"featured_media":0,"comment_status":"open","ping_status":"open","sticky":false,"template":"","format":"standard","meta":{"advanced_seo_description":"","jetpack_seo_html_title":"","jetpack_seo_noindex":false,"jetpack_post_was_ever_published":false,"_jetpack_newsletter_access":"","_jetpack_dont_email_post_to_subs":false,"_jetpack_newsletter_tier_id":0,"_jetpack_memberships_contains_paywalled_content":false,"_jetpack_memberships_contains_paid_content":false,"footnotes":"","jetpack_publicize_message":"","jetpack_publicize_feature_enabled":true,"jetpack_social_post_already_shared":true,"jetpack_social_options":{"image_generator_settings":{"template":"highway","default_image_id":0,"font":"","enabled":false},"version":2}},"categories":[3,1],"tags":[],"class_list":["post-1467","post","type-post","status-publish","format-standard","hentry","category-atividades","category-noticias"],"jetpack_publicize_connections":[],"jetpack_featured_media_url":"","jetpack_sharing_enabled":true,"jetpack_shortlink":"https:\/\/wp.me\/payVYo-nF","jetpack-related-posts":[{"id":1452,"url":"https:\/\/wp.ufpel.edu.br\/leppais\/2018\/05\/02\/graffiti-tour-com-alunos-da-escola-francisco-simoes\/","url_meta":{"origin":1467,"position":0},"title":"Graffiti Tour com alunos da Escola Francisco Sim\u00f5es","author":"antropologia","date":"02\/05\/2018","format":false,"excerpt":"Graffiti Tour e oficina de atividades realizados no dia 24\/abr\/2018\u00a0com estudantes e professoras da Escola Francisco Sim\u00f5es, realizada por\u00a0Fabr\u00edcio Barreto, a partir de sua pesquisa de mestrado\u00a0A CIDADE E SEUS GRAFFITI.\u00a0UMA ETNOGRAFIA DE RUA NA REGI\u00c3O PORTU\u00c1RIA DA\u00a0CIDADE DE PELOTAS\/RS.","rel":"","context":"Em &quot;Eventos&quot;","block_context":{"text":"Eventos","link":"https:\/\/wp.ufpel.edu.br\/leppais\/category\/eventos\/"},"img":{"alt_text":"","src":"https:\/\/i0.wp.com\/wp.ufpel.edu.br\/leppais\/files\/2018\/05\/img_5701.jpeg?resize=350%2C200","width":350,"height":200,"srcset":"https:\/\/i0.wp.com\/wp.ufpel.edu.br\/leppais\/files\/2018\/05\/img_5701.jpeg?resize=350%2C200 1x, https:\/\/i0.wp.com\/wp.ufpel.edu.br\/leppais\/files\/2018\/05\/img_5701.jpeg?resize=525%2C300 1.5x, https:\/\/i0.wp.com\/wp.ufpel.edu.br\/leppais\/files\/2018\/05\/img_5701.jpeg?resize=700%2C400 2x, https:\/\/i0.wp.com\/wp.ufpel.edu.br\/leppais\/files\/2018\/05\/img_5701.jpeg?resize=1050%2C600 3x, https:\/\/i0.wp.com\/wp.ufpel.edu.br\/leppais\/files\/2018\/05\/img_5701.jpeg?resize=1400%2C800 4x"},"classes":[]},{"id":1599,"url":"https:\/\/wp.ufpel.edu.br\/leppais\/2018\/06\/26\/dissertacao-de-guillermo-gomez\/","url_meta":{"origin":1467,"position":1},"title":"Disserta\u00e7\u00e3o de Guillermo G\u00f3mez","author":"antropologia","date":"26\/06\/2018","format":false,"excerpt":"Mem\u00f3rias Ferrovi\u00e1rias: Di\u00e1logo aberto sobre a disserta\u00e7\u00e3o de Guillermo G\u00f3mez (PPGAS\/UFRGS), intitulada:Etnografia Da Crise e da Dura\u00e7\u00e3o Ferrovi\u00e1ria em Pelotas\/RS: Um Estudo Antropol\u00f3gico de Mem\u00f3ria Coletiva.","rel":"","context":"Em &quot;Antropo\u00e9ticas&quot;","block_context":{"text":"Antropo\u00e9ticas","link":"https:\/\/wp.ufpel.edu.br\/leppais\/category\/antropoeticas\/"},"img":{"alt_text":"","src":"https:\/\/i0.wp.com\/wp.ufpel.edu.br\/leppais\/files\/2018\/06\/img-20180626-wa0010.jpg?resize=350%2C200","width":350,"height":200,"srcset":"https:\/\/i0.wp.com\/wp.ufpel.edu.br\/leppais\/files\/2018\/06\/img-20180626-wa0010.jpg?resize=350%2C200 1x, https:\/\/i0.wp.com\/wp.ufpel.edu.br\/leppais\/files\/2018\/06\/img-20180626-wa0010.jpg?resize=525%2C300 1.5x, https:\/\/i0.wp.com\/wp.ufpel.edu.br\/leppais\/files\/2018\/06\/img-20180626-wa0010.jpg?resize=700%2C400 2x"},"classes":[]},{"id":2844,"url":"https:\/\/wp.ufpel.edu.br\/leppais\/2019\/08\/09\/convite-apresentacao-do-projeto-centro-cultural-estacao-ferroviaria-e-domingo-no-castelo\/","url_meta":{"origin":1467,"position":2},"title":"Convite: Apresenta\u00e7\u00e3o do projeto Centro Cultural Esta\u00e7\u00e3o Ferrovi\u00e1ria e Domingo no Castelo","author":"antropologia","date":"09\/08\/2019","format":false,"excerpt":"Temos o prazer em divulgar o encontro que ser\u00e1 realizado no dia 18\/08, as 10 horas da manh\u00e3, para apresentar a proposta inicial do projeto Centro Cultural Esta\u00e7\u00e3o Ferrovi\u00e1ria. O objetivo principal desse encontro, aberto para todos os interessados, \u00e9 debater a proposta da elabora\u00e7\u00e3o de um centro cultural e\u2026","rel":"","context":"Em &quot;Convite&quot;","block_context":{"text":"Convite","link":"https:\/\/wp.ufpel.edu.br\/leppais\/category\/convite\/"},"img":{"alt_text":"","src":"https:\/\/i0.wp.com\/wp.ufpel.edu.br\/leppais\/files\/2019\/08\/Centro-Cultural-Estacao-Ferrea-Pelotas_v2.jpg?resize=350%2C200&ssl=1","width":350,"height":200,"srcset":"https:\/\/i0.wp.com\/wp.ufpel.edu.br\/leppais\/files\/2019\/08\/Centro-Cultural-Estacao-Ferrea-Pelotas_v2.jpg?resize=350%2C200&ssl=1 1x, https:\/\/i0.wp.com\/wp.ufpel.edu.br\/leppais\/files\/2019\/08\/Centro-Cultural-Estacao-Ferrea-Pelotas_v2.jpg?resize=525%2C300&ssl=1 1.5x, https:\/\/i0.wp.com\/wp.ufpel.edu.br\/leppais\/files\/2019\/08\/Centro-Cultural-Estacao-Ferrea-Pelotas_v2.jpg?resize=700%2C400&ssl=1 2x, https:\/\/i0.wp.com\/wp.ufpel.edu.br\/leppais\/files\/2019\/08\/Centro-Cultural-Estacao-Ferrea-Pelotas_v2.jpg?resize=1050%2C600&ssl=1 3x"},"classes":[]},{"id":3840,"url":"https:\/\/wp.ufpel.edu.br\/leppais\/2023\/08\/09\/roda-de-conversa-e-jogo-de-memoria-sobre-o-bairro-simoes-lopes-e-a-estacao-ferrea-de-pelotas\/","url_meta":{"origin":1467,"position":3},"title":"Roda de conversa e jogo de mem\u00f3ria sobre o bairro Sim\u00f5es Lopes e a Esta\u00e7\u00e3o F\u00e9rrea de Pelotas","author":"antropologia","date":"09\/08\/2023","format":false,"excerpt":"ATIVIDADE SEMANA DO PATRIMONIO-2023 Sim\u00f5es Lopes, um augusto bairro: conversas a partir de imagens hist\u00f3ricas e jogos de mem\u00f3ria LOCAL: Casa da M\u00fasica (galp\u00e3o da antiga ferrovia, ao lado da esta\u00e7\u00e3o f\u00e9rrea de Pelotas, na Pra\u00e7a Rio Branco) DATA: 19\/08 HOR\u00c1RIO: 14h30m \u2013 18h Roda de conversa e jogo de\u2026","rel":"","context":"Em &quot;Convite&quot;","block_context":{"text":"Convite","link":"https:\/\/wp.ufpel.edu.br\/leppais\/category\/convite\/"},"img":{"alt_text":"","src":"https:\/\/i0.wp.com\/wp.ufpel.edu.br\/leppais\/files\/2023\/08\/MEF-Estacao-Ferrea-AGO2023_v2.jpg?resize=350%2C200&ssl=1","width":350,"height":200,"srcset":"https:\/\/i0.wp.com\/wp.ufpel.edu.br\/leppais\/files\/2023\/08\/MEF-Estacao-Ferrea-AGO2023_v2.jpg?resize=350%2C200&ssl=1 1x, https:\/\/i0.wp.com\/wp.ufpel.edu.br\/leppais\/files\/2023\/08\/MEF-Estacao-Ferrea-AGO2023_v2.jpg?resize=525%2C300&ssl=1 1.5x, https:\/\/i0.wp.com\/wp.ufpel.edu.br\/leppais\/files\/2023\/08\/MEF-Estacao-Ferrea-AGO2023_v2.jpg?resize=700%2C400&ssl=1 2x, https:\/\/i0.wp.com\/wp.ufpel.edu.br\/leppais\/files\/2023\/08\/MEF-Estacao-Ferrea-AGO2023_v2.jpg?resize=1050%2C600&ssl=1 3x"},"classes":[]},{"id":661,"url":"https:\/\/wp.ufpel.edu.br\/leppais\/2016\/11\/22\/museu-de-rua-vida-nos-trilhossegue-itinerancia\/","url_meta":{"origin":1467,"position":4},"title":"Museu de Rua &#8220;Vida nos Trilhos&#8221; segue itiner\u00e2ncia","author":"antropologia","date":"22\/11\/2016","format":false,"excerpt":"Depois de exposto na antiga Esta\u00e7\u00e3o F\u00e9rrea e no Mercado P\u00fablico de Pelotas, o Museu de Rua \"Vida nos Trilhos\", desenvolvido no LEPPAIS, segue sua itiner\u00e2ncia, por iniciativa dos ferrovi\u00e1rios. Tendo permanecido de 08 de abril a 21 de outubro de 2016 no Sindicato dos Trabalhadores em Empresas Ferrovi\u00e1rias do\u2026","rel":"","context":"Em &quot;Eventos&quot;","block_context":{"text":"Eventos","link":"https:\/\/wp.ufpel.edu.br\/leppais\/category\/eventos\/"},"img":{"alt_text":"","src":"https:\/\/i0.wp.com\/wp.ufpel.edu.br\/leppais\/files\/2016\/11\/img_20161104_153610757.jpg?resize=350%2C200","width":350,"height":200,"srcset":"https:\/\/i0.wp.com\/wp.ufpel.edu.br\/leppais\/files\/2016\/11\/img_20161104_153610757.jpg?resize=350%2C200 1x, https:\/\/i0.wp.com\/wp.ufpel.edu.br\/leppais\/files\/2016\/11\/img_20161104_153610757.jpg?resize=525%2C300 1.5x, https:\/\/i0.wp.com\/wp.ufpel.edu.br\/leppais\/files\/2016\/11\/img_20161104_153610757.jpg?resize=700%2C400 2x, https:\/\/i0.wp.com\/wp.ufpel.edu.br\/leppais\/files\/2016\/11\/img_20161104_153610757.jpg?resize=1050%2C600 3x, https:\/\/i0.wp.com\/wp.ufpel.edu.br\/leppais\/files\/2016\/11\/img_20161104_153610757.jpg?resize=1400%2C800 4x"},"classes":[]},{"id":1255,"url":"https:\/\/wp.ufpel.edu.br\/leppais\/2017\/10\/14\/exploracoes-urbanas-na-aula-de-quinta-feira-05102017-disciplina-cidades-fluxos-e-alteridades\/","url_meta":{"origin":1467,"position":5},"title":"Explora\u00e7\u00f5es urbanas na aula de quinta-feira, 05\/10\/2017 &#8211; Disciplina Cidades, Fluxos e Alteridades","author":"antropologia","date":"14\/10\/2017","format":false,"excerpt":"Explora\u00e7\u00f5es urbanas pelo Bairro Sim\u00f5es Lopes incrementaram o conte\u00fado da \u00faltima aula de Cidades, Fluxos e Alteridades do Curso de Antropologia (gradua\u00e7\u00e3o e p\u00f3s) da UFPel. A aula foi feita com a \"metodologia dos caf\u00e9s\", dentro do pr\u00e9dio da Esta\u00e7\u00e3o Ferrovi\u00e1ria de Pelotas. Foi realizado o trajeto da Esta\u00e7\u00e3o at\u00e9\u2026","rel":"","context":"Post similar","block_context":{"text":"Post similar","link":""},"img":{"alt_text":"","src":"https:\/\/i0.wp.com\/wp.ufpel.edu.br\/leppais\/files\/2017\/10\/ant-urb-05-10-2017-1.jpg?resize=350%2C200","width":350,"height":200,"srcset":"https:\/\/i0.wp.com\/wp.ufpel.edu.br\/leppais\/files\/2017\/10\/ant-urb-05-10-2017-1.jpg?resize=350%2C200 1x, https:\/\/i0.wp.com\/wp.ufpel.edu.br\/leppais\/files\/2017\/10\/ant-urb-05-10-2017-1.jpg?resize=525%2C300 1.5x, https:\/\/i0.wp.com\/wp.ufpel.edu.br\/leppais\/files\/2017\/10\/ant-urb-05-10-2017-1.jpg?resize=700%2C400 2x, https:\/\/i0.wp.com\/wp.ufpel.edu.br\/leppais\/files\/2017\/10\/ant-urb-05-10-2017-1.jpg?resize=1050%2C600 3x, https:\/\/i0.wp.com\/wp.ufpel.edu.br\/leppais\/files\/2017\/10\/ant-urb-05-10-2017-1.jpg?resize=1400%2C800 4x"},"classes":[]}],"jetpack_likes_enabled":true,"_links":{"self":[{"href":"https:\/\/wp.ufpel.edu.br\/leppais\/wp-json\/wp\/v2\/posts\/1467","targetHints":{"allow":["GET"]}}],"collection":[{"href":"https:\/\/wp.ufpel.edu.br\/leppais\/wp-json\/wp\/v2\/posts"}],"about":[{"href":"https:\/\/wp.ufpel.edu.br\/leppais\/wp-json\/wp\/v2\/types\/post"}],"author":[{"embeddable":true,"href":"https:\/\/wp.ufpel.edu.br\/leppais\/wp-json\/wp\/v2\/users\/641"}],"replies":[{"embeddable":true,"href":"https:\/\/wp.ufpel.edu.br\/leppais\/wp-json\/wp\/v2\/comments?post=1467"}],"version-history":[{"count":0,"href":"https:\/\/wp.ufpel.edu.br\/leppais\/wp-json\/wp\/v2\/posts\/1467\/revisions"}],"wp:attachment":[{"href":"https:\/\/wp.ufpel.edu.br\/leppais\/wp-json\/wp\/v2\/media?parent=1467"}],"wp:term":[{"taxonomy":"category","embeddable":true,"href":"https:\/\/wp.ufpel.edu.br\/leppais\/wp-json\/wp\/v2\/categories?post=1467"},{"taxonomy":"post_tag","embeddable":true,"href":"https:\/\/wp.ufpel.edu.br\/leppais\/wp-json\/wp\/v2\/tags?post=1467"}],"curies":[{"name":"wp","href":"https:\/\/api.w.org\/{rel}","templated":true}]}}