{"id":1452,"date":"2018-05-02T10:14:32","date_gmt":"2018-05-02T13:14:32","guid":{"rendered":"https:\/\/leppais.wordpress.com\/?p=1452"},"modified":"2018-05-02T10:14:32","modified_gmt":"2018-05-02T13:14:32","slug":"graffiti-tour-com-alunos-da-escola-francisco-simoes","status":"publish","type":"post","link":"https:\/\/wp.ufpel.edu.br\/leppais\/2018\/05\/02\/graffiti-tour-com-alunos-da-escola-francisco-simoes\/","title":{"rendered":"Graffiti Tour com alunos da Escola Francisco Sim\u00f5es"},"content":{"rendered":"<div class=\"tiled-gallery type-rectangular tiled-gallery-unresized\" data-original-width=\"584\" data-carousel-extra='{&quot;blog_id&quot;:939,&quot;permalink&quot;:&quot;https:\\\/\\\/wp.ufpel.edu.br\\\/leppais\\\/2018\\\/05\\\/02\\\/graffiti-tour-com-alunos-da-escola-francisco-simoes\\\/&quot;,&quot;likes_blog_id&quot;:156089364}' itemscope itemtype=\"http:\/\/schema.org\/ImageGallery\" > <div class=\"gallery-row\" style=\"width: 584px; height: 293px;\" data-original-width=\"584\" data-original-height=\"293\" > <div class=\"gallery-group images-1\" style=\"width: 390px; height: 293px;\" data-original-width=\"390\" data-original-height=\"293\" > <div class=\"tiled-gallery-item tiled-gallery-item-large\" itemprop=\"associatedMedia\" itemscope itemtype=\"http:\/\/schema.org\/ImageObject\"> <a href=\"https:\/\/wp.ufpel.edu.br\/leppais\/2018\/05\/02\/graffiti-tour-com-alunos-da-escola-francisco-simoes\/img_5701\/\" border=\"0\" itemprop=\"url\"> <meta itemprop=\"width\" content=\"386\"> <meta itemprop=\"height\" content=\"289\"> <img decoding=\"async\" class=\"\" data-attachment-id=\"1459\" data-orig-file=\"https:\/\/wp.ufpel.edu.br\/leppais\/files\/2018\/05\/img_5701.jpeg\" data-orig-size=\"2048,1536\" data-comments-opened=\"\" data-image-meta=\"{&quot;aperture&quot;:&quot;0&quot;,&quot;credit&quot;:&quot;&quot;,&quot;camera&quot;:&quot;&quot;,&quot;caption&quot;:&quot;&quot;,&quot;created_timestamp&quot;:&quot;0&quot;,&quot;copyright&quot;:&quot;&quot;,&quot;focal_length&quot;:&quot;0&quot;,&quot;iso&quot;:&quot;0&quot;,&quot;shutter_speed&quot;:&quot;0&quot;,&quot;title&quot;:&quot;&quot;,&quot;orientation&quot;:&quot;1&quot;}\" data-image-title=\"IMG_5701\" data-image-description=\"\" data-medium-file=\"https:\/\/i0.wp.com\/wp.ufpel.edu.br\/leppais\/files\/2018\/05\/img_5701.jpeg?fit=300%2C225&#038;ssl=1\" data-large-file=\"https:\/\/i0.wp.com\/wp.ufpel.edu.br\/leppais\/files\/2018\/05\/img_5701.jpeg?fit=584%2C438&#038;ssl=1\" src=\"https:\/\/i0.wp.com\/wp.ufpel.edu.br\/leppais\/files\/2018\/05\/img_5701.jpeg?w=386&#038;h=289&#038;ssl=1\" srcset=\"https:\/\/i0.wp.com\/wp.ufpel.edu.br\/leppais\/files\/2018\/05\/img_5701.jpeg?w=2048&amp;ssl=1 2048w, https:\/\/i0.wp.com\/wp.ufpel.edu.br\/leppais\/files\/2018\/05\/img_5701.jpeg?resize=300%2C225&amp;ssl=1 300w, https:\/\/i0.wp.com\/wp.ufpel.edu.br\/leppais\/files\/2018\/05\/img_5701.jpeg?resize=768%2C576&amp;ssl=1 768w, https:\/\/i0.wp.com\/wp.ufpel.edu.br\/leppais\/files\/2018\/05\/img_5701.jpeg?resize=1024%2C768&amp;ssl=1 1024w, https:\/\/i0.wp.com\/wp.ufpel.edu.br\/leppais\/files\/2018\/05\/img_5701.jpeg?resize=400%2C300&amp;ssl=1 400w, https:\/\/i0.wp.com\/wp.ufpel.edu.br\/leppais\/files\/2018\/05\/img_5701.jpeg?w=1168&amp;ssl=1 1168w, https:\/\/i0.wp.com\/wp.ufpel.edu.br\/leppais\/files\/2018\/05\/img_5701.jpeg?w=1752&amp;ssl=1 1752w\" width=\"386\" height=\"289\" loading=\"lazy\" data-original-width=\"386\" data-original-height=\"289\" itemprop=\"http:\/\/schema.org\/image\" title=\"IMG_5701\" alt=\"IMG_5701\" style=\"width: 386px; height: 289px;\" \/> <\/a> <\/div> <\/div> <!-- close group --> <div class=\"gallery-group images-2\" style=\"width: 194px; height: 293px;\" data-original-width=\"194\" data-original-height=\"293\" > <div class=\"tiled-gallery-item tiled-gallery-item-small\" itemprop=\"associatedMedia\" itemscope itemtype=\"http:\/\/schema.org\/ImageObject\"> <a href=\"https:\/\/wp.ufpel.edu.br\/leppais\/2018\/05\/02\/graffiti-tour-com-alunos-da-escola-francisco-simoes\/img_5705\/\" border=\"0\" itemprop=\"url\"> <meta itemprop=\"width\" content=\"190\"> <meta itemprop=\"height\" content=\"143\"> <img decoding=\"async\" class=\"\" data-attachment-id=\"1460\" data-orig-file=\"https:\/\/wp.ufpel.edu.br\/leppais\/files\/2018\/05\/img_5705.jpeg\" data-orig-size=\"1200,900\" data-comments-opened=\"\" data-image-meta=\"{&quot;aperture&quot;:&quot;0&quot;,&quot;credit&quot;:&quot;&quot;,&quot;camera&quot;:&quot;&quot;,&quot;caption&quot;:&quot;&quot;,&quot;created_timestamp&quot;:&quot;0&quot;,&quot;copyright&quot;:&quot;&quot;,&quot;focal_length&quot;:&quot;0&quot;,&quot;iso&quot;:&quot;0&quot;,&quot;shutter_speed&quot;:&quot;0&quot;,&quot;title&quot;:&quot;&quot;,&quot;orientation&quot;:&quot;1&quot;}\" data-image-title=\"IMG_5705\" data-image-description=\"\" data-medium-file=\"https:\/\/i0.wp.com\/wp.ufpel.edu.br\/leppais\/files\/2018\/05\/img_5705.jpeg?fit=300%2C225&#038;ssl=1\" data-large-file=\"https:\/\/i0.wp.com\/wp.ufpel.edu.br\/leppais\/files\/2018\/05\/img_5705.jpeg?fit=584%2C438&#038;ssl=1\" src=\"https:\/\/i0.wp.com\/wp.ufpel.edu.br\/leppais\/files\/2018\/05\/img_5705.jpeg?w=190&#038;h=143&#038;ssl=1\" srcset=\"https:\/\/i0.wp.com\/wp.ufpel.edu.br\/leppais\/files\/2018\/05\/img_5705.jpeg?w=1200&amp;ssl=1 1200w, https:\/\/i0.wp.com\/wp.ufpel.edu.br\/leppais\/files\/2018\/05\/img_5705.jpeg?resize=300%2C225&amp;ssl=1 300w, https:\/\/i0.wp.com\/wp.ufpel.edu.br\/leppais\/files\/2018\/05\/img_5705.jpeg?resize=768%2C576&amp;ssl=1 768w, https:\/\/i0.wp.com\/wp.ufpel.edu.br\/leppais\/files\/2018\/05\/img_5705.jpeg?resize=1024%2C768&amp;ssl=1 1024w, https:\/\/i0.wp.com\/wp.ufpel.edu.br\/leppais\/files\/2018\/05\/img_5705.jpeg?resize=400%2C300&amp;ssl=1 400w\" width=\"190\" height=\"143\" loading=\"lazy\" data-original-width=\"190\" data-original-height=\"143\" itemprop=\"http:\/\/schema.org\/image\" title=\"IMG_5705\" alt=\"IMG_5705\" style=\"width: 190px; height: 143px;\" \/> <\/a> <\/div> <div class=\"tiled-gallery-item tiled-gallery-item-small\" itemprop=\"associatedMedia\" itemscope itemtype=\"http:\/\/schema.org\/ImageObject\"> <a href=\"https:\/\/wp.ufpel.edu.br\/leppais\/2018\/05\/02\/graffiti-tour-com-alunos-da-escola-francisco-simoes\/img_5710\/\" border=\"0\" itemprop=\"url\"> <meta itemprop=\"width\" content=\"190\"> <meta itemprop=\"height\" content=\"142\"> <img decoding=\"async\" class=\"\" data-attachment-id=\"1461\" data-orig-file=\"https:\/\/wp.ufpel.edu.br\/leppais\/files\/2018\/05\/img_5710.jpeg\" data-orig-size=\"1200,900\" data-comments-opened=\"\" data-image-meta=\"{&quot;aperture&quot;:&quot;0&quot;,&quot;credit&quot;:&quot;&quot;,&quot;camera&quot;:&quot;&quot;,&quot;caption&quot;:&quot;&quot;,&quot;created_timestamp&quot;:&quot;0&quot;,&quot;copyright&quot;:&quot;&quot;,&quot;focal_length&quot;:&quot;0&quot;,&quot;iso&quot;:&quot;0&quot;,&quot;shutter_speed&quot;:&quot;0&quot;,&quot;title&quot;:&quot;&quot;,&quot;orientation&quot;:&quot;1&quot;}\" data-image-title=\"IMG_5710\" data-image-description=\"\" data-medium-file=\"https:\/\/i0.wp.com\/wp.ufpel.edu.br\/leppais\/files\/2018\/05\/img_5710.jpeg?fit=300%2C225&#038;ssl=1\" data-large-file=\"https:\/\/i0.wp.com\/wp.ufpel.edu.br\/leppais\/files\/2018\/05\/img_5710.jpeg?fit=584%2C438&#038;ssl=1\" src=\"https:\/\/i0.wp.com\/wp.ufpel.edu.br\/leppais\/files\/2018\/05\/img_5710.jpeg?w=190&#038;h=142&#038;ssl=1\" srcset=\"https:\/\/i0.wp.com\/wp.ufpel.edu.br\/leppais\/files\/2018\/05\/img_5710.jpeg?w=1200&amp;ssl=1 1200w, https:\/\/i0.wp.com\/wp.ufpel.edu.br\/leppais\/files\/2018\/05\/img_5710.jpeg?resize=300%2C225&amp;ssl=1 300w, https:\/\/i0.wp.com\/wp.ufpel.edu.br\/leppais\/files\/2018\/05\/img_5710.jpeg?resize=768%2C576&amp;ssl=1 768w, https:\/\/i0.wp.com\/wp.ufpel.edu.br\/leppais\/files\/2018\/05\/img_5710.jpeg?resize=1024%2C768&amp;ssl=1 1024w, https:\/\/i0.wp.com\/wp.ufpel.edu.br\/leppais\/files\/2018\/05\/img_5710.jpeg?resize=400%2C300&amp;ssl=1 400w\" width=\"190\" height=\"142\" loading=\"lazy\" data-original-width=\"190\" data-original-height=\"142\" itemprop=\"http:\/\/schema.org\/image\" title=\"IMG_5710\" alt=\"IMG_5710\" style=\"width: 190px; height: 142px;\" \/> <\/a> <\/div> <\/div> <!-- close group --> <\/div> <!-- close row --> <div class=\"gallery-row\" style=\"width: 584px; height: 271px;\" data-original-width=\"584\" data-original-height=\"271\" > <div class=\"gallery-group images-2\" style=\"width: 179px; height: 271px;\" data-original-width=\"179\" data-original-height=\"271\" > <div class=\"tiled-gallery-item tiled-gallery-item-small\" itemprop=\"associatedMedia\" itemscope itemtype=\"http:\/\/schema.org\/ImageObject\"> <a href=\"https:\/\/wp.ufpel.edu.br\/leppais\/2018\/05\/02\/graffiti-tour-com-alunos-da-escola-francisco-simoes\/img_5742\/\" border=\"0\" itemprop=\"url\"> <meta itemprop=\"width\" content=\"175\"> <meta itemprop=\"height\" content=\"132\"> <img decoding=\"async\" class=\"\" data-attachment-id=\"1463\" data-orig-file=\"https:\/\/wp.ufpel.edu.br\/leppais\/files\/2018\/05\/img_5742.jpeg\" data-orig-size=\"1200,900\" data-comments-opened=\"\" data-image-meta=\"{&quot;aperture&quot;:&quot;0&quot;,&quot;credit&quot;:&quot;&quot;,&quot;camera&quot;:&quot;&quot;,&quot;caption&quot;:&quot;&quot;,&quot;created_timestamp&quot;:&quot;0&quot;,&quot;copyright&quot;:&quot;&quot;,&quot;focal_length&quot;:&quot;0&quot;,&quot;iso&quot;:&quot;0&quot;,&quot;shutter_speed&quot;:&quot;0&quot;,&quot;title&quot;:&quot;&quot;,&quot;orientation&quot;:&quot;1&quot;}\" data-image-title=\"IMG_5742\" data-image-description=\"\" data-medium-file=\"https:\/\/i0.wp.com\/wp.ufpel.edu.br\/leppais\/files\/2018\/05\/img_5742.jpeg?fit=300%2C225&#038;ssl=1\" data-large-file=\"https:\/\/i0.wp.com\/wp.ufpel.edu.br\/leppais\/files\/2018\/05\/img_5742.jpeg?fit=584%2C438&#038;ssl=1\" src=\"https:\/\/i0.wp.com\/wp.ufpel.edu.br\/leppais\/files\/2018\/05\/img_5742.jpeg?w=175&#038;h=132&#038;ssl=1\" srcset=\"https:\/\/i0.wp.com\/wp.ufpel.edu.br\/leppais\/files\/2018\/05\/img_5742.jpeg?w=1200&amp;ssl=1 1200w, https:\/\/i0.wp.com\/wp.ufpel.edu.br\/leppais\/files\/2018\/05\/img_5742.jpeg?resize=300%2C225&amp;ssl=1 300w, https:\/\/i0.wp.com\/wp.ufpel.edu.br\/leppais\/files\/2018\/05\/img_5742.jpeg?resize=768%2C576&amp;ssl=1 768w, https:\/\/i0.wp.com\/wp.ufpel.edu.br\/leppais\/files\/2018\/05\/img_5742.jpeg?resize=1024%2C768&amp;ssl=1 1024w, https:\/\/i0.wp.com\/wp.ufpel.edu.br\/leppais\/files\/2018\/05\/img_5742.jpeg?resize=400%2C300&amp;ssl=1 400w\" width=\"175\" height=\"132\" loading=\"lazy\" data-original-width=\"175\" data-original-height=\"132\" itemprop=\"http:\/\/schema.org\/image\" title=\"IMG_5742\" alt=\"IMG_5742\" style=\"width: 175px; height: 132px;\" \/> <\/a> <\/div> <div class=\"tiled-gallery-item tiled-gallery-item-small\" itemprop=\"associatedMedia\" itemscope itemtype=\"http:\/\/schema.org\/ImageObject\"> <a href=\"https:\/\/wp.ufpel.edu.br\/leppais\/2018\/05\/02\/graffiti-tour-com-alunos-da-escola-francisco-simoes\/img_5736\/\" border=\"0\" itemprop=\"url\"> <meta itemprop=\"width\" content=\"175\"> <meta itemprop=\"height\" content=\"131\"> <img decoding=\"async\" class=\"\" data-attachment-id=\"1462\" data-orig-file=\"https:\/\/wp.ufpel.edu.br\/leppais\/files\/2018\/05\/img_5736.jpeg\" data-orig-size=\"1200,900\" data-comments-opened=\"\" data-image-meta=\"{&quot;aperture&quot;:&quot;0&quot;,&quot;credit&quot;:&quot;&quot;,&quot;camera&quot;:&quot;&quot;,&quot;caption&quot;:&quot;&quot;,&quot;created_timestamp&quot;:&quot;0&quot;,&quot;copyright&quot;:&quot;&quot;,&quot;focal_length&quot;:&quot;0&quot;,&quot;iso&quot;:&quot;0&quot;,&quot;shutter_speed&quot;:&quot;0&quot;,&quot;title&quot;:&quot;&quot;,&quot;orientation&quot;:&quot;1&quot;}\" data-image-title=\"IMG_5736\" data-image-description=\"\" data-medium-file=\"https:\/\/i0.wp.com\/wp.ufpel.edu.br\/leppais\/files\/2018\/05\/img_5736.jpeg?fit=300%2C225&#038;ssl=1\" data-large-file=\"https:\/\/i0.wp.com\/wp.ufpel.edu.br\/leppais\/files\/2018\/05\/img_5736.jpeg?fit=584%2C438&#038;ssl=1\" src=\"https:\/\/i0.wp.com\/wp.ufpel.edu.br\/leppais\/files\/2018\/05\/img_5736.jpeg?w=175&#038;h=131&#038;ssl=1\" srcset=\"https:\/\/i0.wp.com\/wp.ufpel.edu.br\/leppais\/files\/2018\/05\/img_5736.jpeg?w=1200&amp;ssl=1 1200w, https:\/\/i0.wp.com\/wp.ufpel.edu.br\/leppais\/files\/2018\/05\/img_5736.jpeg?resize=300%2C225&amp;ssl=1 300w, https:\/\/i0.wp.com\/wp.ufpel.edu.br\/leppais\/files\/2018\/05\/img_5736.jpeg?resize=768%2C576&amp;ssl=1 768w, https:\/\/i0.wp.com\/wp.ufpel.edu.br\/leppais\/files\/2018\/05\/img_5736.jpeg?resize=1024%2C768&amp;ssl=1 1024w, https:\/\/i0.wp.com\/wp.ufpel.edu.br\/leppais\/files\/2018\/05\/img_5736.jpeg?resize=400%2C300&amp;ssl=1 400w\" width=\"175\" height=\"131\" loading=\"lazy\" data-original-width=\"175\" data-original-height=\"131\" itemprop=\"http:\/\/schema.org\/image\" title=\"IMG_5736\" alt=\"IMG_5736\" style=\"width: 175px; height: 131px;\" \/> <\/a> <\/div> <\/div> <!-- close group --> <div class=\"gallery-group images-1\" style=\"width: 405px; height: 271px;\" data-original-width=\"405\" data-original-height=\"271\" > <div class=\"tiled-gallery-item tiled-gallery-item-large\" itemprop=\"associatedMedia\" itemscope itemtype=\"http:\/\/schema.org\/ImageObject\"> <a href=\"https:\/\/wp.ufpel.edu.br\/leppais\/2018\/05\/02\/graffiti-tour-com-alunos-da-escola-francisco-simoes\/graffititour01\/\" border=\"0\" itemprop=\"url\"> <meta itemprop=\"width\" content=\"401\"> <meta itemprop=\"height\" content=\"267\"> <img decoding=\"async\" class=\"\" data-attachment-id=\"1453\" data-orig-file=\"https:\/\/wp.ufpel.edu.br\/leppais\/files\/2018\/05\/graffititour01.jpg\" data-orig-size=\"2000,1333\" data-comments-opened=\"\" data-image-meta=\"{&quot;aperture&quot;:&quot;4&quot;,&quot;credit&quot;:&quot;FabricioBarreto&quot;,&quot;camera&quot;:&quot;Canon EOS 6D&quot;,&quot;caption&quot;:&quot;Atividade realizada com alunos da Escola de Ensino Fundamental Dr. Francisco Sim\\u00f5es. Graffiti Tour. Pelotas\\\/RS - Brasil. 24\\\/abr\\\/2018. Foto: Fabricio Barreto&quot;,&quot;created_timestamp&quot;:&quot;1524573519&quot;,&quot;copyright&quot;:&quot;\\u00a9FabricioBarreto&quot;,&quot;focal_length&quot;:&quot;40&quot;,&quot;iso&quot;:&quot;1250&quot;,&quot;shutter_speed&quot;:&quot;0.008&quot;,&quot;title&quot;:&quot;&quot;,&quot;orientation&quot;:&quot;0&quot;}\" data-image-title=\"graffititour01\" data-image-description=\"\" data-medium-file=\"https:\/\/i0.wp.com\/wp.ufpel.edu.br\/leppais\/files\/2018\/05\/graffititour01.jpg?fit=300%2C200&#038;ssl=1\" data-large-file=\"https:\/\/i0.wp.com\/wp.ufpel.edu.br\/leppais\/files\/2018\/05\/graffititour01.jpg?fit=584%2C389&#038;ssl=1\" src=\"https:\/\/i0.wp.com\/wp.ufpel.edu.br\/leppais\/files\/2018\/05\/graffititour01.jpg?w=401&#038;h=267&#038;ssl=1\" srcset=\"https:\/\/i0.wp.com\/wp.ufpel.edu.br\/leppais\/files\/2018\/05\/graffititour01.jpg?w=2000&amp;ssl=1 2000w, https:\/\/i0.wp.com\/wp.ufpel.edu.br\/leppais\/files\/2018\/05\/graffititour01.jpg?resize=300%2C200&amp;ssl=1 300w, https:\/\/i0.wp.com\/wp.ufpel.edu.br\/leppais\/files\/2018\/05\/graffititour01.jpg?resize=768%2C512&amp;ssl=1 768w, https:\/\/i0.wp.com\/wp.ufpel.edu.br\/leppais\/files\/2018\/05\/graffititour01.jpg?resize=1024%2C682&amp;ssl=1 1024w, https:\/\/i0.wp.com\/wp.ufpel.edu.br\/leppais\/files\/2018\/05\/graffititour01.jpg?resize=450%2C300&amp;ssl=1 450w, https:\/\/i0.wp.com\/wp.ufpel.edu.br\/leppais\/files\/2018\/05\/graffititour01.jpg?w=1168&amp;ssl=1 1168w, https:\/\/i0.wp.com\/wp.ufpel.edu.br\/leppais\/files\/2018\/05\/graffititour01.jpg?w=1752&amp;ssl=1 1752w\" width=\"401\" height=\"267\" loading=\"lazy\" data-original-width=\"401\" data-original-height=\"267\" itemprop=\"http:\/\/schema.org\/image\" title=\"graffititour01\" alt=\"Atividade realizada com alunos da Escola de Ensino Fundamental Dr. Francisco Sim\u00f5es. Graffiti Tour. Pelotas\/RS - Brasil. 24\/abr\/2018. Foto: Fabricio Barreto\" style=\"width: 401px; height: 267px;\" \/> <\/a> <div class=\"tiled-gallery-caption\" itemprop=\"caption description\"> Atividade realizada com alunos da Escola de Ensino Fundamental Dr. Francisco Sim\u00f5es. Graffiti Tour. Pelotas\/RS &#8211; Brasil. 24\/abr\/2018. Foto: Fabricio Barreto <\/div> <\/div> <\/div> <!-- close group --> <\/div> <!-- close row --> <div class=\"gallery-row\" style=\"width: 584px; height: 196px;\" data-original-width=\"584\" data-original-height=\"196\" > <div class=\"gallery-group images-1\" style=\"width: 292px; height: 196px;\" data-original-width=\"292\" data-original-height=\"196\" > <div class=\"tiled-gallery-item tiled-gallery-item-large\" itemprop=\"associatedMedia\" itemscope itemtype=\"http:\/\/schema.org\/ImageObject\"> <a href=\"https:\/\/wp.ufpel.edu.br\/leppais\/2018\/05\/02\/graffiti-tour-com-alunos-da-escola-francisco-simoes\/graffititour02\/\" border=\"0\" itemprop=\"url\"> <meta itemprop=\"width\" content=\"288\"> <meta itemprop=\"height\" content=\"192\"> <img decoding=\"async\" class=\"\" data-attachment-id=\"1454\" data-orig-file=\"https:\/\/wp.ufpel.edu.br\/leppais\/files\/2018\/05\/graffititour02.jpg\" data-orig-size=\"2000,1333\" data-comments-opened=\"\" data-image-meta=\"{&quot;aperture&quot;:&quot;4&quot;,&quot;credit&quot;:&quot;FabricioBarreto&quot;,&quot;camera&quot;:&quot;Canon EOS 6D&quot;,&quot;caption&quot;:&quot;Atividade realizada com alunos da Escola de Ensino Fundamental Dr. Francisco Sim\\u00f5es. Graffiti Tour. Pelotas\\\/RS - Brasil. 24\\\/abr\\\/2018. Foto: Fabricio Barreto&quot;,&quot;created_timestamp&quot;:&quot;1524573583&quot;,&quot;copyright&quot;:&quot;\\u00a9FabricioBarreto&quot;,&quot;focal_length&quot;:&quot;40&quot;,&quot;iso&quot;:&quot;1250&quot;,&quot;shutter_speed&quot;:&quot;0.008&quot;,&quot;title&quot;:&quot;&quot;,&quot;orientation&quot;:&quot;0&quot;}\" data-image-title=\"graffititour02\" data-image-description=\"\" data-medium-file=\"https:\/\/i0.wp.com\/wp.ufpel.edu.br\/leppais\/files\/2018\/05\/graffititour02.jpg?fit=300%2C200&#038;ssl=1\" data-large-file=\"https:\/\/i0.wp.com\/wp.ufpel.edu.br\/leppais\/files\/2018\/05\/graffititour02.jpg?fit=584%2C389&#038;ssl=1\" src=\"https:\/\/i0.wp.com\/wp.ufpel.edu.br\/leppais\/files\/2018\/05\/graffititour02.jpg?w=288&#038;h=192&#038;ssl=1\" srcset=\"https:\/\/i0.wp.com\/wp.ufpel.edu.br\/leppais\/files\/2018\/05\/graffititour02.jpg?w=2000&amp;ssl=1 2000w, https:\/\/i0.wp.com\/wp.ufpel.edu.br\/leppais\/files\/2018\/05\/graffititour02.jpg?resize=300%2C200&amp;ssl=1 300w, https:\/\/i0.wp.com\/wp.ufpel.edu.br\/leppais\/files\/2018\/05\/graffititour02.jpg?resize=768%2C512&amp;ssl=1 768w, https:\/\/i0.wp.com\/wp.ufpel.edu.br\/leppais\/files\/2018\/05\/graffititour02.jpg?resize=1024%2C682&amp;ssl=1 1024w, https:\/\/i0.wp.com\/wp.ufpel.edu.br\/leppais\/files\/2018\/05\/graffititour02.jpg?resize=450%2C300&amp;ssl=1 450w, https:\/\/i0.wp.com\/wp.ufpel.edu.br\/leppais\/files\/2018\/05\/graffititour02.jpg?w=1168&amp;ssl=1 1168w, https:\/\/i0.wp.com\/wp.ufpel.edu.br\/leppais\/files\/2018\/05\/graffititour02.jpg?w=1752&amp;ssl=1 1752w\" width=\"288\" height=\"192\" loading=\"lazy\" data-original-width=\"288\" data-original-height=\"192\" itemprop=\"http:\/\/schema.org\/image\" title=\"graffititour02\" alt=\"Atividade realizada com alunos da Escola de Ensino Fundamental Dr. Francisco Sim\u00f5es. Graffiti Tour. Pelotas\/RS - Brasil. 24\/abr\/2018. Foto: Fabricio Barreto\" style=\"width: 288px; height: 192px;\" \/> <\/a> <div class=\"tiled-gallery-caption\" itemprop=\"caption description\"> Atividade realizada com alunos da Escola de Ensino Fundamental Dr. Francisco Sim\u00f5es. Graffiti Tour. Pelotas\/RS &#8211; Brasil. 24\/abr\/2018. Foto: Fabricio Barreto <\/div> <\/div> <\/div> <!-- close group --> <div class=\"gallery-group images-1\" style=\"width: 292px; height: 196px;\" data-original-width=\"292\" data-original-height=\"196\" > <div class=\"tiled-gallery-item tiled-gallery-item-large\" itemprop=\"associatedMedia\" itemscope itemtype=\"http:\/\/schema.org\/ImageObject\"> <a href=\"https:\/\/wp.ufpel.edu.br\/leppais\/2018\/05\/02\/graffiti-tour-com-alunos-da-escola-francisco-simoes\/graffititour07\/\" border=\"0\" itemprop=\"url\"> <meta itemprop=\"width\" content=\"288\"> <meta itemprop=\"height\" content=\"192\"> <img decoding=\"async\" class=\"\" data-attachment-id=\"1455\" data-orig-file=\"https:\/\/wp.ufpel.edu.br\/leppais\/files\/2018\/05\/graffititour07.jpg\" data-orig-size=\"2000,1333\" data-comments-opened=\"\" data-image-meta=\"{&quot;aperture&quot;:&quot;4&quot;,&quot;credit&quot;:&quot;FabricioBarreto&quot;,&quot;camera&quot;:&quot;Canon EOS 6D&quot;,&quot;caption&quot;:&quot;Atividade realizada com alunos da Escola de Ensino Fundamental Dr. Francisco Sim\\u00f5es. Graffiti Tour. Pelotas\\\/RS - Brasil. 24\\\/abr\\\/2018. Foto: Fabricio Barreto&quot;,&quot;created_timestamp&quot;:&quot;1524574051&quot;,&quot;copyright&quot;:&quot;\\u00a9FabricioBarreto&quot;,&quot;focal_length&quot;:&quot;40&quot;,&quot;iso&quot;:&quot;1250&quot;,&quot;shutter_speed&quot;:&quot;0.008&quot;,&quot;title&quot;:&quot;&quot;,&quot;orientation&quot;:&quot;0&quot;}\" data-image-title=\"graffititour07\" data-image-description=\"\" data-medium-file=\"https:\/\/i0.wp.com\/wp.ufpel.edu.br\/leppais\/files\/2018\/05\/graffititour07.jpg?fit=300%2C200&#038;ssl=1\" data-large-file=\"https:\/\/i0.wp.com\/wp.ufpel.edu.br\/leppais\/files\/2018\/05\/graffititour07.jpg?fit=584%2C389&#038;ssl=1\" src=\"https:\/\/i0.wp.com\/wp.ufpel.edu.br\/leppais\/files\/2018\/05\/graffititour07.jpg?w=288&#038;h=192&#038;ssl=1\" srcset=\"https:\/\/i0.wp.com\/wp.ufpel.edu.br\/leppais\/files\/2018\/05\/graffititour07.jpg?w=2000&amp;ssl=1 2000w, https:\/\/i0.wp.com\/wp.ufpel.edu.br\/leppais\/files\/2018\/05\/graffititour07.jpg?resize=300%2C200&amp;ssl=1 300w, https:\/\/i0.wp.com\/wp.ufpel.edu.br\/leppais\/files\/2018\/05\/graffititour07.jpg?resize=768%2C512&amp;ssl=1 768w, https:\/\/i0.wp.com\/wp.ufpel.edu.br\/leppais\/files\/2018\/05\/graffititour07.jpg?resize=1024%2C682&amp;ssl=1 1024w, https:\/\/i0.wp.com\/wp.ufpel.edu.br\/leppais\/files\/2018\/05\/graffititour07.jpg?resize=450%2C300&amp;ssl=1 450w, https:\/\/i0.wp.com\/wp.ufpel.edu.br\/leppais\/files\/2018\/05\/graffititour07.jpg?w=1168&amp;ssl=1 1168w, https:\/\/i0.wp.com\/wp.ufpel.edu.br\/leppais\/files\/2018\/05\/graffititour07.jpg?w=1752&amp;ssl=1 1752w\" width=\"288\" height=\"192\" loading=\"lazy\" data-original-width=\"288\" data-original-height=\"192\" itemprop=\"http:\/\/schema.org\/image\" title=\"graffititour07\" alt=\"Atividade realizada com alunos da Escola de Ensino Fundamental Dr. Francisco Sim\u00f5es. Graffiti Tour. Pelotas\/RS - Brasil. 24\/abr\/2018. Foto: Fabricio Barreto\" style=\"width: 288px; height: 192px;\" \/> <\/a> <div class=\"tiled-gallery-caption\" itemprop=\"caption description\"> Atividade realizada com alunos da Escola de Ensino Fundamental Dr. Francisco Sim\u00f5es. Graffiti Tour. Pelotas\/RS &#8211; Brasil. 24\/abr\/2018. Foto: Fabricio Barreto <\/div> <\/div> <\/div> <!-- close group --> <\/div> <!-- close row --> <div class=\"gallery-row\" style=\"width: 584px; height: 510px;\" data-original-width=\"584\" data-original-height=\"510\" > <div class=\"gallery-group images-1\" style=\"width: 341px; height: 510px;\" data-original-width=\"341\" data-original-height=\"510\" > <div class=\"tiled-gallery-item tiled-gallery-item-large\" itemprop=\"associatedMedia\" itemscope itemtype=\"http:\/\/schema.org\/ImageObject\"> <a href=\"https:\/\/wp.ufpel.edu.br\/leppais\/2018\/05\/02\/graffiti-tour-com-alunos-da-escola-francisco-simoes\/graffititour08\/\" border=\"0\" itemprop=\"url\"> <meta itemprop=\"width\" content=\"337\"> <meta itemprop=\"height\" content=\"506\"> <img decoding=\"async\" class=\"\" data-attachment-id=\"1456\" data-orig-file=\"https:\/\/wp.ufpel.edu.br\/leppais\/files\/2018\/05\/graffititour08.jpg\" data-orig-size=\"1333,2000\" data-comments-opened=\"\" data-image-meta=\"{&quot;aperture&quot;:&quot;4&quot;,&quot;credit&quot;:&quot;FabricioBarreto&quot;,&quot;camera&quot;:&quot;Canon EOS 6D&quot;,&quot;caption&quot;:&quot;Atividade realizada com alunos da Escola de Ensino Fundamental Dr. Francisco Sim\\u00f5es. Graffiti Tour. Pelotas\\\/RS - Brasil. 24\\\/abr\\\/2018. Foto: Fabricio Barreto&quot;,&quot;created_timestamp&quot;:&quot;1524574510&quot;,&quot;copyright&quot;:&quot;\\u00a9FabricioBarreto&quot;,&quot;focal_length&quot;:&quot;40&quot;,&quot;iso&quot;:&quot;1250&quot;,&quot;shutter_speed&quot;:&quot;0.008&quot;,&quot;title&quot;:&quot;&quot;,&quot;orientation&quot;:&quot;0&quot;}\" data-image-title=\"graffititour08\" data-image-description=\"\" data-medium-file=\"https:\/\/i0.wp.com\/wp.ufpel.edu.br\/leppais\/files\/2018\/05\/graffititour08.jpg?fit=200%2C300&#038;ssl=1\" data-large-file=\"https:\/\/i0.wp.com\/wp.ufpel.edu.br\/leppais\/files\/2018\/05\/graffititour08.jpg?fit=584%2C877&#038;ssl=1\" src=\"https:\/\/i0.wp.com\/wp.ufpel.edu.br\/leppais\/files\/2018\/05\/graffititour08.jpg?w=337&#038;h=506&#038;ssl=1\" srcset=\"https:\/\/i0.wp.com\/wp.ufpel.edu.br\/leppais\/files\/2018\/05\/graffititour08.jpg?w=1333&amp;ssl=1 1333w, https:\/\/i0.wp.com\/wp.ufpel.edu.br\/leppais\/files\/2018\/05\/graffititour08.jpg?resize=200%2C300&amp;ssl=1 200w, https:\/\/i0.wp.com\/wp.ufpel.edu.br\/leppais\/files\/2018\/05\/graffititour08.jpg?resize=768%2C1152&amp;ssl=1 768w, https:\/\/i0.wp.com\/wp.ufpel.edu.br\/leppais\/files\/2018\/05\/graffititour08.jpg?resize=682%2C1024&amp;ssl=1 682w, https:\/\/i0.wp.com\/wp.ufpel.edu.br\/leppais\/files\/2018\/05\/graffititour08.jpg?w=1168&amp;ssl=1 1168w\" width=\"337\" height=\"506\" loading=\"lazy\" data-original-width=\"337\" data-original-height=\"506\" itemprop=\"http:\/\/schema.org\/image\" title=\"graffititour08\" alt=\"Atividade realizada com alunos da Escola de Ensino Fundamental Dr. Francisco Sim\u00f5es. Graffiti Tour. Pelotas\/RS - Brasil. 24\/abr\/2018. Foto: Fabricio Barreto\" style=\"width: 337px; height: 506px;\" \/> <\/a> <div class=\"tiled-gallery-caption\" itemprop=\"caption description\"> Atividade realizada com alunos da Escola de Ensino Fundamental Dr. Francisco Sim\u00f5es. Graffiti Tour. Pelotas\/RS &#8211; Brasil. 24\/abr\/2018. Foto: Fabricio Barreto <\/div> <\/div> <\/div> <!-- close group --> <div class=\"gallery-group images-3\" style=\"width: 243px; height: 510px;\" data-original-width=\"243\" data-original-height=\"510\" > <div class=\"tiled-gallery-item tiled-gallery-item-small\" itemprop=\"associatedMedia\" itemscope itemtype=\"http:\/\/schema.org\/ImageObject\"> <a href=\"https:\/\/wp.ufpel.edu.br\/leppais\/2018\/05\/02\/graffiti-tour-com-alunos-da-escola-francisco-simoes\/graffititour09\/\" border=\"0\" itemprop=\"url\"> <meta itemprop=\"width\" content=\"239\"> <meta itemprop=\"height\" content=\"160\"> <img decoding=\"async\" class=\"\" data-attachment-id=\"1457\" data-orig-file=\"https:\/\/wp.ufpel.edu.br\/leppais\/files\/2018\/05\/graffititour09.jpg\" data-orig-size=\"2000,1333\" data-comments-opened=\"\" data-image-meta=\"{&quot;aperture&quot;:&quot;4&quot;,&quot;credit&quot;:&quot;FabricioBarreto&quot;,&quot;camera&quot;:&quot;Canon EOS 6D&quot;,&quot;caption&quot;:&quot;Atividade realizada com alunos da Escola de Ensino Fundamental Dr. Francisco Sim\\u00f5es. Graffiti Tour. Pelotas\\\/RS - Brasil. 24\\\/abr\\\/2018. Foto: Fabricio Barreto&quot;,&quot;created_timestamp&quot;:&quot;1524574661&quot;,&quot;copyright&quot;:&quot;\\u00a9FabricioBarreto&quot;,&quot;focal_length&quot;:&quot;40&quot;,&quot;iso&quot;:&quot;1250&quot;,&quot;shutter_speed&quot;:&quot;0.008&quot;,&quot;title&quot;:&quot;&quot;,&quot;orientation&quot;:&quot;0&quot;}\" data-image-title=\"graffititour09\" data-image-description=\"\" data-medium-file=\"https:\/\/i0.wp.com\/wp.ufpel.edu.br\/leppais\/files\/2018\/05\/graffititour09.jpg?fit=300%2C200&#038;ssl=1\" data-large-file=\"https:\/\/i0.wp.com\/wp.ufpel.edu.br\/leppais\/files\/2018\/05\/graffititour09.jpg?fit=584%2C389&#038;ssl=1\" src=\"https:\/\/i0.wp.com\/wp.ufpel.edu.br\/leppais\/files\/2018\/05\/graffititour09.jpg?w=239&#038;h=160&#038;ssl=1\" srcset=\"https:\/\/i0.wp.com\/wp.ufpel.edu.br\/leppais\/files\/2018\/05\/graffititour09.jpg?w=2000&amp;ssl=1 2000w, https:\/\/i0.wp.com\/wp.ufpel.edu.br\/leppais\/files\/2018\/05\/graffititour09.jpg?resize=300%2C200&amp;ssl=1 300w, https:\/\/i0.wp.com\/wp.ufpel.edu.br\/leppais\/files\/2018\/05\/graffititour09.jpg?resize=768%2C512&amp;ssl=1 768w, https:\/\/i0.wp.com\/wp.ufpel.edu.br\/leppais\/files\/2018\/05\/graffititour09.jpg?resize=1024%2C682&amp;ssl=1 1024w, https:\/\/i0.wp.com\/wp.ufpel.edu.br\/leppais\/files\/2018\/05\/graffititour09.jpg?resize=450%2C300&amp;ssl=1 450w, https:\/\/i0.wp.com\/wp.ufpel.edu.br\/leppais\/files\/2018\/05\/graffititour09.jpg?w=1168&amp;ssl=1 1168w, https:\/\/i0.wp.com\/wp.ufpel.edu.br\/leppais\/files\/2018\/05\/graffititour09.jpg?w=1752&amp;ssl=1 1752w\" width=\"239\" height=\"160\" loading=\"lazy\" data-original-width=\"239\" data-original-height=\"160\" itemprop=\"http:\/\/schema.org\/image\" title=\"graffititour09\" alt=\"Atividade realizada com alunos da Escola de Ensino Fundamental Dr. Francisco Sim\u00f5es. Graffiti Tour. Pelotas\/RS - Brasil. 24\/abr\/2018. Foto: Fabricio Barreto\" style=\"width: 239px; height: 160px;\" \/> <\/a> <div class=\"tiled-gallery-caption\" itemprop=\"caption description\"> Atividade realizada com alunos da Escola de Ensino Fundamental Dr. Francisco Sim\u00f5es. Graffiti Tour. Pelotas\/RS &#8211; Brasil. 24\/abr\/2018. Foto: Fabricio Barreto <\/div> <\/div> <div class=\"tiled-gallery-item tiled-gallery-item-small\" itemprop=\"associatedMedia\" itemscope itemtype=\"http:\/\/schema.org\/ImageObject\"> <a href=\"https:\/\/wp.ufpel.edu.br\/leppais\/2018\/05\/02\/graffiti-tour-com-alunos-da-escola-francisco-simoes\/img_5747\/\" border=\"0\" itemprop=\"url\"> <meta itemprop=\"width\" content=\"239\"> <meta itemprop=\"height\" content=\"179\"> <img decoding=\"async\" class=\"\" data-attachment-id=\"1464\" data-orig-file=\"https:\/\/wp.ufpel.edu.br\/leppais\/files\/2018\/05\/img_5747.jpeg\" data-orig-size=\"2048,1536\" data-comments-opened=\"\" data-image-meta=\"{&quot;aperture&quot;:&quot;0&quot;,&quot;credit&quot;:&quot;&quot;,&quot;camera&quot;:&quot;&quot;,&quot;caption&quot;:&quot;&quot;,&quot;created_timestamp&quot;:&quot;0&quot;,&quot;copyright&quot;:&quot;&quot;,&quot;focal_length&quot;:&quot;0&quot;,&quot;iso&quot;:&quot;0&quot;,&quot;shutter_speed&quot;:&quot;0&quot;,&quot;title&quot;:&quot;&quot;,&quot;orientation&quot;:&quot;1&quot;}\" data-image-title=\"IMG_5747\" data-image-description=\"\" data-medium-file=\"https:\/\/i0.wp.com\/wp.ufpel.edu.br\/leppais\/files\/2018\/05\/img_5747.jpeg?fit=300%2C225&#038;ssl=1\" data-large-file=\"https:\/\/i0.wp.com\/wp.ufpel.edu.br\/leppais\/files\/2018\/05\/img_5747.jpeg?fit=584%2C438&#038;ssl=1\" src=\"https:\/\/i0.wp.com\/wp.ufpel.edu.br\/leppais\/files\/2018\/05\/img_5747.jpeg?w=239&#038;h=179&#038;ssl=1\" srcset=\"https:\/\/i0.wp.com\/wp.ufpel.edu.br\/leppais\/files\/2018\/05\/img_5747.jpeg?w=2048&amp;ssl=1 2048w, https:\/\/i0.wp.com\/wp.ufpel.edu.br\/leppais\/files\/2018\/05\/img_5747.jpeg?resize=300%2C225&amp;ssl=1 300w, https:\/\/i0.wp.com\/wp.ufpel.edu.br\/leppais\/files\/2018\/05\/img_5747.jpeg?resize=768%2C576&amp;ssl=1 768w, https:\/\/i0.wp.com\/wp.ufpel.edu.br\/leppais\/files\/2018\/05\/img_5747.jpeg?resize=1024%2C768&amp;ssl=1 1024w, https:\/\/i0.wp.com\/wp.ufpel.edu.br\/leppais\/files\/2018\/05\/img_5747.jpeg?resize=400%2C300&amp;ssl=1 400w, https:\/\/i0.wp.com\/wp.ufpel.edu.br\/leppais\/files\/2018\/05\/img_5747.jpeg?w=1168&amp;ssl=1 1168w, https:\/\/i0.wp.com\/wp.ufpel.edu.br\/leppais\/files\/2018\/05\/img_5747.jpeg?w=1752&amp;ssl=1 1752w\" width=\"239\" height=\"179\" loading=\"lazy\" data-original-width=\"239\" data-original-height=\"179\" itemprop=\"http:\/\/schema.org\/image\" title=\"IMG_5747\" alt=\"IMG_5747\" style=\"width: 239px; height: 179px;\" \/> <\/a> <\/div> <div class=\"tiled-gallery-item tiled-gallery-item-small\" itemprop=\"associatedMedia\" itemscope itemtype=\"http:\/\/schema.org\/ImageObject\"> <a href=\"https:\/\/wp.ufpel.edu.br\/leppais\/2018\/05\/02\/graffiti-tour-com-alunos-da-escola-francisco-simoes\/graffititour11\/\" border=\"0\" itemprop=\"url\"> <meta itemprop=\"width\" content=\"239\"> <meta itemprop=\"height\" content=\"159\"> <img decoding=\"async\" class=\"\" data-attachment-id=\"1458\" data-orig-file=\"https:\/\/wp.ufpel.edu.br\/leppais\/files\/2018\/05\/graffititour11.jpg\" data-orig-size=\"2000,1333\" data-comments-opened=\"\" data-image-meta=\"{&quot;aperture&quot;:&quot;5.6&quot;,&quot;credit&quot;:&quot;FabricioBarreto&quot;,&quot;camera&quot;:&quot;Canon EOS 6D&quot;,&quot;caption&quot;:&quot;Atividade realizada com alunos da Escola de Ensino Fundamental Dr. Francisco Sim\\u00f5es. Graffiti Tour. Pelotas\\\/RS - Brasil. 24\\\/abr\\\/2018. Foto: Fabricio Barreto&quot;,&quot;created_timestamp&quot;:&quot;1524575242&quot;,&quot;copyright&quot;:&quot;\\u00a9FabricioBarreto&quot;,&quot;focal_length&quot;:&quot;40&quot;,&quot;iso&quot;:&quot;100&quot;,&quot;shutter_speed&quot;:&quot;0.016666666666667&quot;,&quot;title&quot;:&quot;&quot;,&quot;orientation&quot;:&quot;0&quot;}\" data-image-title=\"graffititour11\" data-image-description=\"\" data-medium-file=\"https:\/\/i0.wp.com\/wp.ufpel.edu.br\/leppais\/files\/2018\/05\/graffititour11.jpg?fit=300%2C200&#038;ssl=1\" data-large-file=\"https:\/\/i0.wp.com\/wp.ufpel.edu.br\/leppais\/files\/2018\/05\/graffititour11.jpg?fit=584%2C389&#038;ssl=1\" src=\"https:\/\/i0.wp.com\/wp.ufpel.edu.br\/leppais\/files\/2018\/05\/graffititour11.jpg?w=239&#038;h=159&#038;ssl=1\" srcset=\"https:\/\/i0.wp.com\/wp.ufpel.edu.br\/leppais\/files\/2018\/05\/graffititour11.jpg?w=2000&amp;ssl=1 2000w, https:\/\/i0.wp.com\/wp.ufpel.edu.br\/leppais\/files\/2018\/05\/graffititour11.jpg?resize=300%2C200&amp;ssl=1 300w, https:\/\/i0.wp.com\/wp.ufpel.edu.br\/leppais\/files\/2018\/05\/graffititour11.jpg?resize=768%2C512&amp;ssl=1 768w, https:\/\/i0.wp.com\/wp.ufpel.edu.br\/leppais\/files\/2018\/05\/graffititour11.jpg?resize=1024%2C682&amp;ssl=1 1024w, https:\/\/i0.wp.com\/wp.ufpel.edu.br\/leppais\/files\/2018\/05\/graffititour11.jpg?resize=450%2C300&amp;ssl=1 450w, https:\/\/i0.wp.com\/wp.ufpel.edu.br\/leppais\/files\/2018\/05\/graffititour11.jpg?w=1168&amp;ssl=1 1168w, https:\/\/i0.wp.com\/wp.ufpel.edu.br\/leppais\/files\/2018\/05\/graffititour11.jpg?w=1752&amp;ssl=1 1752w\" width=\"239\" height=\"159\" loading=\"lazy\" data-original-width=\"239\" data-original-height=\"159\" itemprop=\"http:\/\/schema.org\/image\" title=\"graffititour11\" alt=\"Atividade realizada com alunos da Escola de Ensino Fundamental Dr. Francisco Sim\u00f5es. Graffiti Tour. Pelotas\/RS - Brasil. 24\/abr\/2018. Foto: Fabricio Barreto\" style=\"width: 239px; height: 159px;\" \/> <\/a> <div class=\"tiled-gallery-caption\" itemprop=\"caption description\"> Atividade realizada com alunos da Escola de Ensino Fundamental Dr. Francisco Sim\u00f5es. Graffiti Tour. Pelotas\/RS &#8211; Brasil. 24\/abr\/2018. Foto: Fabricio Barreto <\/div> <\/div> <\/div> <!-- close group --> <\/div> <!-- close row --> <\/div>\n<p>Graffiti Tour e oficina de atividades realizados no dia 24\/abr\/2018\u00a0com estudantes e professoras da Escola Francisco Sim\u00f5es, realizada por\u00a0Fabr\u00edcio Barreto, a partir de sua pesquisa de mestrado\u00a0A CIDADE E SEUS <em>GRAFFITI.<\/em>\u00a0UMA ETNOGRAFIA DE RUA NA REGI\u00c3O PORTU\u00c1RIA DA\u00a0CIDADE DE PELOTAS\/RS.<\/p>\n","protected":false},"excerpt":{"rendered":"<p>Graffiti Tour e oficina de atividades realizados no dia 24\/abr\/2018\u00a0com estudantes e professoras da Escola Francisco Sim\u00f5es, realizada por\u00a0Fabr\u00edcio Barreto, a partir de sua pesquisa de mestrado\u00a0A CIDADE E SEUS GRAFFITI.\u00a0UMA ETNOGRAFIA DE RUA NA REGI\u00c3O PORTU\u00c1RIA DA\u00a0CIDADE DE PELOTAS\/RS.<\/p>\n","protected":false},"author":641,"featured_media":0,"comment_status":"open","ping_status":"open","sticky":false,"template":"","format":"standard","meta":{"advanced_seo_description":"","jetpack_seo_html_title":"","jetpack_seo_noindex":false,"jetpack_post_was_ever_published":false,"_jetpack_newsletter_access":"","_jetpack_dont_email_post_to_subs":false,"_jetpack_newsletter_tier_id":0,"_jetpack_memberships_contains_paywalled_content":false,"_jetpack_memberships_contains_paid_content":false,"footnotes":"","jetpack_publicize_message":"","jetpack_publicize_feature_enabled":true,"jetpack_social_post_already_shared":true,"jetpack_social_options":{"image_generator_settings":{"template":"highway","default_image_id":0,"font":"","enabled":false},"version":2}},"categories":[9,1],"tags":[],"class_list":["post-1452","post","type-post","status-publish","format-standard","hentry","category-eventos","category-noticias"],"jetpack_publicize_connections":[],"jetpack_featured_media_url":"","jetpack_sharing_enabled":true,"jetpack_shortlink":"https:\/\/wp.me\/payVYo-nq","jetpack-related-posts":[{"id":1467,"url":"https:\/\/wp.ufpel.edu.br\/leppais\/2018\/05\/02\/memorias-ferroviarias-no-encontro-de-geracoes-na-escola-francisco-simoes\/","url_meta":{"origin":1452,"position":0},"title":"Mem\u00f3rias ferrovi\u00e1rias no encontro de gera\u00e7\u00f5es na Escola Francisco Sim\u00f5es","author":"antropologia","date":"02\/05\/2018","format":false,"excerpt":"Mem\u00f3rias ferrovi\u00e1rias no encontro de gera\u00e7\u00f5es - dia 27\/05\/2018, na Escola Francisco Sim\u00f5es,\u00a0 promovido por Guillermo Gomez a partir de sua disserta\u00e7ao de mestrado na UFRGS - intitulada Etnografia da Crise e da Dura\u00e7\u00e3o Ferrovi\u00e1ria em Pelotas\/RS: Um estudo de mem\u00f3ria coletiva e do projeto coletivo desenvolvido no LEPPAIS para\u2026","rel":"","context":"Em &quot;Atividades&quot;","block_context":{"text":"Atividades","link":"https:\/\/wp.ufpel.edu.br\/leppais\/category\/atividades\/"},"img":{"alt_text":"","src":"https:\/\/i0.wp.com\/wp.ufpel.edu.br\/leppais\/files\/2018\/05\/img-20180430-wa0005.jpg?resize=350%2C200","width":350,"height":200,"srcset":"https:\/\/i0.wp.com\/wp.ufpel.edu.br\/leppais\/files\/2018\/05\/img-20180430-wa0005.jpg?resize=350%2C200 1x, https:\/\/i0.wp.com\/wp.ufpel.edu.br\/leppais\/files\/2018\/05\/img-20180430-wa0005.jpg?resize=525%2C300 1.5x, https:\/\/i0.wp.com\/wp.ufpel.edu.br\/leppais\/files\/2018\/05\/img-20180430-wa0005.jpg?resize=700%2C400 2x"},"classes":[]},{"id":2719,"url":"https:\/\/wp.ufpel.edu.br\/leppais\/2019\/07\/01\/a-cidade-e-seus-graffiti-arte-urbana-em-pelotas-fabricio-barreto\/","url_meta":{"origin":1452,"position":1},"title":"A cidade e seus graffiti: Arte urbana em Pelotas &#8211; Fabr\u00edcio Barreto","author":"antropologia","date":"01\/07\/2019","format":false,"excerpt":"","rel":"","context":"Em &quot;Convite&quot;","block_context":{"text":"Convite","link":"https:\/\/wp.ufpel.edu.br\/leppais\/category\/convite\/"},"img":{"alt_text":"","src":"https:\/\/i0.wp.com\/wp.ufpel.edu.br\/leppais\/files\/2019\/07\/unnamed.jpg?resize=350%2C200&ssl=1","width":350,"height":200,"srcset":"https:\/\/i0.wp.com\/wp.ufpel.edu.br\/leppais\/files\/2019\/07\/unnamed.jpg?resize=350%2C200&ssl=1 1x, https:\/\/i0.wp.com\/wp.ufpel.edu.br\/leppais\/files\/2019\/07\/unnamed.jpg?resize=525%2C300&ssl=1 1.5x"},"classes":[]},{"id":2915,"url":"https:\/\/wp.ufpel.edu.br\/leppais\/2019\/10\/10\/convite-exposicao-cidade-graffiti-retrato-3x4-fabricio-barreto\/","url_meta":{"origin":1452,"position":2},"title":"Convite exposi\u00e7\u00e3o &#8211; Cidade Graffiti: Retrato 3&#215;4 &#8211; Fabr\u00edcio Barreto","author":"antropologia","date":"10\/10\/2019","format":false,"excerpt":"Abertura: 11 de outubro 19h Espa\u00e7o de Arte Daniel Bellora Rua: Tr\u00eas de Maio, 1005 De 11 outubro - 09 novembro","rel":"","context":"Em &quot;Convite&quot;","block_context":{"text":"Convite","link":"https:\/\/wp.ufpel.edu.br\/leppais\/category\/convite\/"},"img":{"alt_text":"","src":"https:\/\/i0.wp.com\/wp.ufpel.edu.br\/leppais\/files\/2019\/10\/P_20191009_151645_vHDR_On-01.jpeg?resize=350%2C200&ssl=1","width":350,"height":200,"srcset":"https:\/\/i0.wp.com\/wp.ufpel.edu.br\/leppais\/files\/2019\/10\/P_20191009_151645_vHDR_On-01.jpeg?resize=350%2C200&ssl=1 1x, https:\/\/i0.wp.com\/wp.ufpel.edu.br\/leppais\/files\/2019\/10\/P_20191009_151645_vHDR_On-01.jpeg?resize=525%2C300&ssl=1 1.5x, https:\/\/i0.wp.com\/wp.ufpel.edu.br\/leppais\/files\/2019\/10\/P_20191009_151645_vHDR_On-01.jpeg?resize=700%2C400&ssl=1 2x, https:\/\/i0.wp.com\/wp.ufpel.edu.br\/leppais\/files\/2019\/10\/P_20191009_151645_vHDR_On-01.jpeg?resize=1050%2C600&ssl=1 3x, https:\/\/i0.wp.com\/wp.ufpel.edu.br\/leppais\/files\/2019\/10\/P_20191009_151645_vHDR_On-01.jpeg?resize=1400%2C800&ssl=1 4x"},"classes":[]},{"id":3840,"url":"https:\/\/wp.ufpel.edu.br\/leppais\/2023\/08\/09\/roda-de-conversa-e-jogo-de-memoria-sobre-o-bairro-simoes-lopes-e-a-estacao-ferrea-de-pelotas\/","url_meta":{"origin":1452,"position":3},"title":"Roda de conversa e jogo de mem\u00f3ria sobre o bairro Sim\u00f5es Lopes e a Esta\u00e7\u00e3o F\u00e9rrea de Pelotas","author":"antropologia","date":"09\/08\/2023","format":false,"excerpt":"ATIVIDADE SEMANA DO PATRIMONIO-2023 Sim\u00f5es Lopes, um augusto bairro: conversas a partir de imagens hist\u00f3ricas e jogos de mem\u00f3ria LOCAL: Casa da M\u00fasica (galp\u00e3o da antiga ferrovia, ao lado da esta\u00e7\u00e3o f\u00e9rrea de Pelotas, na Pra\u00e7a Rio Branco) DATA: 19\/08 HOR\u00c1RIO: 14h30m \u2013 18h Roda de conversa e jogo de\u2026","rel":"","context":"Em &quot;Convite&quot;","block_context":{"text":"Convite","link":"https:\/\/wp.ufpel.edu.br\/leppais\/category\/convite\/"},"img":{"alt_text":"","src":"https:\/\/i0.wp.com\/wp.ufpel.edu.br\/leppais\/files\/2023\/08\/MEF-Estacao-Ferrea-AGO2023_v2.jpg?resize=350%2C200&ssl=1","width":350,"height":200,"srcset":"https:\/\/i0.wp.com\/wp.ufpel.edu.br\/leppais\/files\/2023\/08\/MEF-Estacao-Ferrea-AGO2023_v2.jpg?resize=350%2C200&ssl=1 1x, https:\/\/i0.wp.com\/wp.ufpel.edu.br\/leppais\/files\/2023\/08\/MEF-Estacao-Ferrea-AGO2023_v2.jpg?resize=525%2C300&ssl=1 1.5x, https:\/\/i0.wp.com\/wp.ufpel.edu.br\/leppais\/files\/2023\/08\/MEF-Estacao-Ferrea-AGO2023_v2.jpg?resize=700%2C400&ssl=1 2x, https:\/\/i0.wp.com\/wp.ufpel.edu.br\/leppais\/files\/2023\/08\/MEF-Estacao-Ferrea-AGO2023_v2.jpg?resize=1050%2C600&ssl=1 3x"},"classes":[]},{"id":1255,"url":"https:\/\/wp.ufpel.edu.br\/leppais\/2017\/10\/14\/exploracoes-urbanas-na-aula-de-quinta-feira-05102017-disciplina-cidades-fluxos-e-alteridades\/","url_meta":{"origin":1452,"position":4},"title":"Explora\u00e7\u00f5es urbanas na aula de quinta-feira, 05\/10\/2017 &#8211; Disciplina Cidades, Fluxos e Alteridades","author":"antropologia","date":"14\/10\/2017","format":false,"excerpt":"Explora\u00e7\u00f5es urbanas pelo Bairro Sim\u00f5es Lopes incrementaram o conte\u00fado da \u00faltima aula de Cidades, Fluxos e Alteridades do Curso de Antropologia (gradua\u00e7\u00e3o e p\u00f3s) da UFPel. A aula foi feita com a \"metodologia dos caf\u00e9s\", dentro do pr\u00e9dio da Esta\u00e7\u00e3o Ferrovi\u00e1ria de Pelotas. Foi realizado o trajeto da Esta\u00e7\u00e3o at\u00e9\u2026","rel":"","context":"Post similar","block_context":{"text":"Post similar","link":""},"img":{"alt_text":"","src":"https:\/\/i0.wp.com\/wp.ufpel.edu.br\/leppais\/files\/2017\/10\/ant-urb-05-10-2017-1.jpg?resize=350%2C200","width":350,"height":200,"srcset":"https:\/\/i0.wp.com\/wp.ufpel.edu.br\/leppais\/files\/2017\/10\/ant-urb-05-10-2017-1.jpg?resize=350%2C200 1x, https:\/\/i0.wp.com\/wp.ufpel.edu.br\/leppais\/files\/2017\/10\/ant-urb-05-10-2017-1.jpg?resize=525%2C300 1.5x, https:\/\/i0.wp.com\/wp.ufpel.edu.br\/leppais\/files\/2017\/10\/ant-urb-05-10-2017-1.jpg?resize=700%2C400 2x, https:\/\/i0.wp.com\/wp.ufpel.edu.br\/leppais\/files\/2017\/10\/ant-urb-05-10-2017-1.jpg?resize=1050%2C600 3x, https:\/\/i0.wp.com\/wp.ufpel.edu.br\/leppais\/files\/2017\/10\/ant-urb-05-10-2017-1.jpg?resize=1400%2C800 4x"},"classes":[]},{"id":2844,"url":"https:\/\/wp.ufpel.edu.br\/leppais\/2019\/08\/09\/convite-apresentacao-do-projeto-centro-cultural-estacao-ferroviaria-e-domingo-no-castelo\/","url_meta":{"origin":1452,"position":5},"title":"Convite: Apresenta\u00e7\u00e3o do projeto Centro Cultural Esta\u00e7\u00e3o Ferrovi\u00e1ria e Domingo no Castelo","author":"antropologia","date":"09\/08\/2019","format":false,"excerpt":"Temos o prazer em divulgar o encontro que ser\u00e1 realizado no dia 18\/08, as 10 horas da manh\u00e3, para apresentar a proposta inicial do projeto Centro Cultural Esta\u00e7\u00e3o Ferrovi\u00e1ria. O objetivo principal desse encontro, aberto para todos os interessados, \u00e9 debater a proposta da elabora\u00e7\u00e3o de um centro cultural e\u2026","rel":"","context":"Em &quot;Convite&quot;","block_context":{"text":"Convite","link":"https:\/\/wp.ufpel.edu.br\/leppais\/category\/convite\/"},"img":{"alt_text":"","src":"https:\/\/i0.wp.com\/wp.ufpel.edu.br\/leppais\/files\/2019\/08\/Centro-Cultural-Estacao-Ferrea-Pelotas_v2.jpg?resize=350%2C200&ssl=1","width":350,"height":200,"srcset":"https:\/\/i0.wp.com\/wp.ufpel.edu.br\/leppais\/files\/2019\/08\/Centro-Cultural-Estacao-Ferrea-Pelotas_v2.jpg?resize=350%2C200&ssl=1 1x, https:\/\/i0.wp.com\/wp.ufpel.edu.br\/leppais\/files\/2019\/08\/Centro-Cultural-Estacao-Ferrea-Pelotas_v2.jpg?resize=525%2C300&ssl=1 1.5x, https:\/\/i0.wp.com\/wp.ufpel.edu.br\/leppais\/files\/2019\/08\/Centro-Cultural-Estacao-Ferrea-Pelotas_v2.jpg?resize=700%2C400&ssl=1 2x, https:\/\/i0.wp.com\/wp.ufpel.edu.br\/leppais\/files\/2019\/08\/Centro-Cultural-Estacao-Ferrea-Pelotas_v2.jpg?resize=1050%2C600&ssl=1 3x"},"classes":[]}],"jetpack_likes_enabled":true,"_links":{"self":[{"href":"https:\/\/wp.ufpel.edu.br\/leppais\/wp-json\/wp\/v2\/posts\/1452","targetHints":{"allow":["GET"]}}],"collection":[{"href":"https:\/\/wp.ufpel.edu.br\/leppais\/wp-json\/wp\/v2\/posts"}],"about":[{"href":"https:\/\/wp.ufpel.edu.br\/leppais\/wp-json\/wp\/v2\/types\/post"}],"author":[{"embeddable":true,"href":"https:\/\/wp.ufpel.edu.br\/leppais\/wp-json\/wp\/v2\/users\/641"}],"replies":[{"embeddable":true,"href":"https:\/\/wp.ufpel.edu.br\/leppais\/wp-json\/wp\/v2\/comments?post=1452"}],"version-history":[{"count":0,"href":"https:\/\/wp.ufpel.edu.br\/leppais\/wp-json\/wp\/v2\/posts\/1452\/revisions"}],"wp:attachment":[{"href":"https:\/\/wp.ufpel.edu.br\/leppais\/wp-json\/wp\/v2\/media?parent=1452"}],"wp:term":[{"taxonomy":"category","embeddable":true,"href":"https:\/\/wp.ufpel.edu.br\/leppais\/wp-json\/wp\/v2\/categories?post=1452"},{"taxonomy":"post_tag","embeddable":true,"href":"https:\/\/wp.ufpel.edu.br\/leppais\/wp-json\/wp\/v2\/tags?post=1452"}],"curies":[{"name":"wp","href":"https:\/\/api.w.org\/{rel}","templated":true}]}}