{"id":1308,"date":"2017-11-07T09:08:19","date_gmt":"2017-11-07T12:08:19","guid":{"rendered":"https:\/\/leppais.wordpress.com\/?p=1308"},"modified":"2017-11-07T09:08:19","modified_gmt":"2017-11-07T12:08:19","slug":"convite-exposicao-fotografica-oficios-em-extincao-vinicius-kusma","status":"publish","type":"post","link":"https:\/\/wp.ufpel.edu.br\/leppais\/2017\/11\/07\/convite-exposicao-fotografica-oficios-em-extincao-vinicius-kusma\/","title":{"rendered":"Convite: Exposi\u00e7\u00e3o Fotogr\u00e1fica &#8220;Of\u00edcios em Extin\u00e7\u00e3o&#8221; Vin\u00edcius Kusma"},"content":{"rendered":"<p><a href=\"https:\/\/i0.wp.com\/wp.ufpel.edu.br\/leppais\/files\/2017\/11\/foto-expo2.jpg?ssl=1\"><img data-recalc-dims=\"1\" loading=\"lazy\" decoding=\"async\" data-attachment-id=\"1309\" data-permalink=\"https:\/\/wp.ufpel.edu.br\/leppais\/2017\/11\/07\/convite-exposicao-fotografica-oficios-em-extincao-vinicius-kusma\/foto-expo2\/\" data-orig-file=\"https:\/\/i0.wp.com\/wp.ufpel.edu.br\/leppais\/files\/2017\/11\/foto-expo2.jpg?fit=2848%2C4288&amp;ssl=1\" data-orig-size=\"2848,4288\" data-comments-opened=\"0\" data-image-meta=\"{&quot;aperture&quot;:&quot;5.6&quot;,&quot;credit&quot;:&quot;&quot;,&quot;camera&quot;:&quot;NIKON D5000&quot;,&quot;caption&quot;:&quot;&quot;,&quot;created_timestamp&quot;:&quot;1351786008&quot;,&quot;copyright&quot;:&quot;&quot;,&quot;focal_length&quot;:&quot;55&quot;,&quot;iso&quot;:&quot;200&quot;,&quot;shutter_speed&quot;:&quot;0.0125&quot;,&quot;title&quot;:&quot;&quot;,&quot;orientation&quot;:&quot;1&quot;}\" data-image-title=\"Foto Expo2\" data-image-description=\"\" data-image-caption=\"\" data-medium-file=\"https:\/\/i0.wp.com\/wp.ufpel.edu.br\/leppais\/files\/2017\/11\/foto-expo2.jpg?fit=199%2C300&amp;ssl=1\" data-large-file=\"https:\/\/i0.wp.com\/wp.ufpel.edu.br\/leppais\/files\/2017\/11\/foto-expo2.jpg?fit=584%2C879&amp;ssl=1\" class=\"alignnone size-large wp-image-1309\" src=\"https:\/\/i0.wp.com\/wp.ufpel.edu.br\/leppais\/files\/2017\/11\/foto-expo2.jpg?resize=584%2C879&#038;ssl=1\" alt=\"\" width=\"584\" height=\"879\" srcset=\"https:\/\/i0.wp.com\/wp.ufpel.edu.br\/leppais\/files\/2017\/11\/foto-expo2.jpg?w=2848&amp;ssl=1 2848w, https:\/\/i0.wp.com\/wp.ufpel.edu.br\/leppais\/files\/2017\/11\/foto-expo2.jpg?resize=199%2C300&amp;ssl=1 199w, https:\/\/i0.wp.com\/wp.ufpel.edu.br\/leppais\/files\/2017\/11\/foto-expo2.jpg?resize=768%2C1156&amp;ssl=1 768w, https:\/\/i0.wp.com\/wp.ufpel.edu.br\/leppais\/files\/2017\/11\/foto-expo2.jpg?resize=680%2C1024&amp;ssl=1 680w, https:\/\/i0.wp.com\/wp.ufpel.edu.br\/leppais\/files\/2017\/11\/foto-expo2.jpg?w=1168&amp;ssl=1 1168w, https:\/\/i0.wp.com\/wp.ufpel.edu.br\/leppais\/files\/2017\/11\/foto-expo2.jpg?w=1752&amp;ssl=1 1752w\" sizes=\"auto, (max-width: 584px) 100vw, 584px\" \/><\/a><\/p>\n","protected":false},"excerpt":{"rendered":"","protected":false},"author":641,"featured_media":0,"comment_status":"open","ping_status":"open","sticky":false,"template":"","format":"image","meta":{"advanced_seo_description":"","jetpack_seo_html_title":"","jetpack_seo_noindex":false,"jetpack_post_was_ever_published":false,"_jetpack_newsletter_access":"","_jetpack_dont_email_post_to_subs":false,"_jetpack_newsletter_tier_id":0,"_jetpack_memberships_contains_paywalled_content":false,"_jetpack_memberships_contains_paid_content":false,"footnotes":"","jetpack_publicize_message":"","jetpack_publicize_feature_enabled":true,"jetpack_social_post_already_shared":true,"jetpack_social_options":{"image_generator_settings":{"template":"highway","default_image_id":0,"font":"","enabled":false},"version":2}},"categories":[7,9,1],"tags":[],"class_list":["post-1308","post","type-post","status-publish","format-image","hentry","category-convite","category-eventos","category-noticias","post_format-post-format-image"],"jetpack_publicize_connections":[],"jetpack_featured_media_url":"","jetpack_sharing_enabled":true,"jetpack_shortlink":"https:\/\/wp.me\/payVYo-l6","jetpack-related-posts":[{"id":1311,"url":"https:\/\/wp.ufpel.edu.br\/leppais\/2017\/11\/08\/exposicao-fotografica-jaguarao-en-blanco-y-negro-de-juliana-flor\/","url_meta":{"origin":1308,"position":0},"title":"Exposi\u00e7\u00e3o Fotogr\u00e1fica: Jaguar\u00e3o en blanco y negro de Juliana Flor","author":"antropologia","date":"08\/11\/2017","format":false,"excerpt":"","rel":"","context":"Em &quot;Convite&quot;","block_context":{"text":"Convite","link":"https:\/\/wp.ufpel.edu.br\/leppais\/category\/convite\/"},"img":{"alt_text":"","src":"https:\/\/i0.wp.com\/wp.ufpel.edu.br\/leppais\/files\/2017\/11\/afiche-face-e-zap.jpg?resize=350%2C200&ssl=1","width":350,"height":200,"srcset":"https:\/\/i0.wp.com\/wp.ufpel.edu.br\/leppais\/files\/2017\/11\/afiche-face-e-zap.jpg?resize=350%2C200&ssl=1 1x, https:\/\/i0.wp.com\/wp.ufpel.edu.br\/leppais\/files\/2017\/11\/afiche-face-e-zap.jpg?resize=525%2C300&ssl=1 1.5x, https:\/\/i0.wp.com\/wp.ufpel.edu.br\/leppais\/files\/2017\/11\/afiche-face-e-zap.jpg?resize=700%2C400&ssl=1 2x"},"classes":[]},{"id":1768,"url":"https:\/\/wp.ufpel.edu.br\/leppais\/2018\/09\/28\/exposicao-fotografica-os-guarani-mbya\/","url_meta":{"origin":1308,"position":1},"title":"Exposi\u00e7\u00e3o Fotogr\u00e1fica: OS GUARANI MBY\u00c1","author":"antropologia","date":"28\/09\/2018","format":false,"excerpt":"Ocorre nos dias 30 e 31 de outubro e 1\u00ba de novembro, na Biblioteca P\u00fablica Pelotense, o Semin\u00e1rio\u00a0Guarani Mby\u00e1: a\u00e7\u00f5es e experi\u00eancias contempor\u00e2neas, que dar\u00e1 in\u00edcio \u00e0 exposi\u00e7\u00e3o fotogr\u00e1fica Os Guarani Mby\u00e1. O evento contar\u00e1 com mesas com temas sobre Est\u00e9tica, Canto e M\u00fasica Guarani e A tem\u00e1tica ind\u00edgena na\u2026","rel":"","context":"Em &quot;Atividades&quot;","block_context":{"text":"Atividades","link":"https:\/\/wp.ufpel.edu.br\/leppais\/category\/atividades\/"},"img":{"alt_text":"","src":"https:\/\/i0.wp.com\/wp.ufpel.edu.br\/leppais\/files\/2018\/09\/divulgaccca7acc83o-evento-versacc83o-web.jpg?resize=350%2C200&ssl=1","width":350,"height":200,"srcset":"https:\/\/i0.wp.com\/wp.ufpel.edu.br\/leppais\/files\/2018\/09\/divulgaccca7acc83o-evento-versacc83o-web.jpg?resize=350%2C200&ssl=1 1x, https:\/\/i0.wp.com\/wp.ufpel.edu.br\/leppais\/files\/2018\/09\/divulgaccca7acc83o-evento-versacc83o-web.jpg?resize=525%2C300&ssl=1 1.5x, https:\/\/i0.wp.com\/wp.ufpel.edu.br\/leppais\/files\/2018\/09\/divulgaccca7acc83o-evento-versacc83o-web.jpg?resize=700%2C400&ssl=1 2x, https:\/\/i0.wp.com\/wp.ufpel.edu.br\/leppais\/files\/2018\/09\/divulgaccca7acc83o-evento-versacc83o-web.jpg?resize=1050%2C600&ssl=1 3x, https:\/\/i0.wp.com\/wp.ufpel.edu.br\/leppais\/files\/2018\/09\/divulgaccca7acc83o-evento-versacc83o-web.jpg?resize=1400%2C800&ssl=1 4x"},"classes":[]},{"id":2693,"url":"https:\/\/wp.ufpel.edu.br\/leppais\/2019\/05\/14\/convite-abertura-exposicao\/","url_meta":{"origin":1308,"position":2},"title":"Exposi\u00e7\u00e3o Maratona Fotogr\u00e1fica de Pelotas","author":"antropologia","date":"14\/05\/2019","format":false,"excerpt":"Mat\u00e9ria no caderno de cultura do DP","rel":"","context":"Em &quot;Convite&quot;","block_context":{"text":"Convite","link":"https:\/\/wp.ufpel.edu.br\/leppais\/category\/convite\/"},"img":{"alt_text":"","src":"https:\/\/i0.wp.com\/wp.ufpel.edu.br\/leppais\/files\/2019\/05\/cartaz-A3-web.jpg?resize=350%2C200&ssl=1","width":350,"height":200,"srcset":"https:\/\/i0.wp.com\/wp.ufpel.edu.br\/leppais\/files\/2019\/05\/cartaz-A3-web.jpg?resize=350%2C200&ssl=1 1x, https:\/\/i0.wp.com\/wp.ufpel.edu.br\/leppais\/files\/2019\/05\/cartaz-A3-web.jpg?resize=525%2C300&ssl=1 1.5x, https:\/\/i0.wp.com\/wp.ufpel.edu.br\/leppais\/files\/2019\/05\/cartaz-A3-web.jpg?resize=700%2C400&ssl=1 2x"},"classes":[]},{"id":1439,"url":"https:\/\/wp.ufpel.edu.br\/leppais\/2018\/04\/18\/el-candombe-mostra-fotografica-de-lisandro-moura\/","url_meta":{"origin":1308,"position":3},"title":"El Candombe &#8211; Mostra Fotogr\u00e1fica de Lisandro Moura","author":"antropologia","date":"18\/04\/2018","format":false,"excerpt":"A mostra fotogr\u00e1fica visa aproximar a popula\u00e7\u00e3o bageense de uma importante manifesta\u00e7\u00e3o cultural e art\u00edstica do Uruguai: o Candombe.\u00a0As fotografias, de autoria de Lisandro Moura, foram produzidas no contexto dos desfiles dellamadas\u00a0do carnaval uruguaio de 2018, em Montevideo e Melo, e est\u00e3o organizadas de acordo com elementos fundamentais da cultura\u2026","rel":"","context":"Em &quot;Convite&quot;","block_context":{"text":"Convite","link":"https:\/\/wp.ufpel.edu.br\/leppais\/category\/convite\/"},"img":{"alt_text":"","src":"https:\/\/i0.wp.com\/wp.ufpel.edu.br\/leppais\/files\/2018\/04\/mostra-cartaz-3.jpg?resize=350%2C200","width":350,"height":200,"srcset":"https:\/\/i0.wp.com\/wp.ufpel.edu.br\/leppais\/files\/2018\/04\/mostra-cartaz-3.jpg?resize=350%2C200 1x, https:\/\/i0.wp.com\/wp.ufpel.edu.br\/leppais\/files\/2018\/04\/mostra-cartaz-3.jpg?resize=525%2C300 1.5x, https:\/\/i0.wp.com\/wp.ufpel.edu.br\/leppais\/files\/2018\/04\/mostra-cartaz-3.jpg?resize=700%2C400 2x"},"classes":[]},{"id":1365,"url":"https:\/\/wp.ufpel.edu.br\/leppais\/2018\/02\/18\/errata-horarios-exposicao\/","url_meta":{"origin":1308,"position":4},"title":"Errata hor\u00e1rios exposi\u00e7\u00e3o","author":"antropologia","date":"18\/02\/2018","format":false,"excerpt":"Durante fevereiro somente no hor\u00e1rio da manh\u00e3.","rel":"","context":"Em &quot;Convite&quot;","block_context":{"text":"Convite","link":"https:\/\/wp.ufpel.edu.br\/leppais\/category\/convite\/"},"img":{"alt_text":"","src":"https:\/\/i0.wp.com\/wp.ufpel.edu.br\/leppais\/files\/2018\/02\/mrc-convite_museuderua-fev2018.jpg?resize=350%2C200&ssl=1","width":350,"height":200,"srcset":"https:\/\/i0.wp.com\/wp.ufpel.edu.br\/leppais\/files\/2018\/02\/mrc-convite_museuderua-fev2018.jpg?resize=350%2C200&ssl=1 1x, https:\/\/i0.wp.com\/wp.ufpel.edu.br\/leppais\/files\/2018\/02\/mrc-convite_museuderua-fev2018.jpg?resize=525%2C300&ssl=1 1.5x, https:\/\/i0.wp.com\/wp.ufpel.edu.br\/leppais\/files\/2018\/02\/mrc-convite_museuderua-fev2018.jpg?resize=700%2C400&ssl=1 2x, https:\/\/i0.wp.com\/wp.ufpel.edu.br\/leppais\/files\/2018\/02\/mrc-convite_museuderua-fev2018.jpg?resize=1050%2C600&ssl=1 3x"},"classes":[]},{"id":1615,"url":"https:\/\/wp.ufpel.edu.br\/leppais\/2018\/07\/02\/convite-cidades-em-transe-margens-em-transformacao\/","url_meta":{"origin":1308,"position":5},"title":"Convite: Cidades em transe &#8211; margens em transforma\u00e7\u00e3o","author":"antropologia","date":"02\/07\/2018","format":false,"excerpt":"","rel":"","context":"Em &quot;Atividades&quot;","block_context":{"text":"Atividades","link":"https:\/\/wp.ufpel.edu.br\/leppais\/category\/atividades\/"},"img":{"alt_text":"","src":"https:\/\/i0.wp.com\/wp.ufpel.edu.br\/leppais\/files\/2018\/07\/img-20180701-wa0034.jpg?resize=350%2C200&ssl=1","width":350,"height":200,"srcset":"https:\/\/i0.wp.com\/wp.ufpel.edu.br\/leppais\/files\/2018\/07\/img-20180701-wa0034.jpg?resize=350%2C200&ssl=1 1x, https:\/\/i0.wp.com\/wp.ufpel.edu.br\/leppais\/files\/2018\/07\/img-20180701-wa0034.jpg?resize=525%2C300&ssl=1 1.5x, https:\/\/i0.wp.com\/wp.ufpel.edu.br\/leppais\/files\/2018\/07\/img-20180701-wa0034.jpg?resize=700%2C400&ssl=1 2x, https:\/\/i0.wp.com\/wp.ufpel.edu.br\/leppais\/files\/2018\/07\/img-20180701-wa0034.jpg?resize=1050%2C600&ssl=1 3x"},"classes":[]}],"jetpack_likes_enabled":true,"_links":{"self":[{"href":"https:\/\/wp.ufpel.edu.br\/leppais\/wp-json\/wp\/v2\/posts\/1308","targetHints":{"allow":["GET"]}}],"collection":[{"href":"https:\/\/wp.ufpel.edu.br\/leppais\/wp-json\/wp\/v2\/posts"}],"about":[{"href":"https:\/\/wp.ufpel.edu.br\/leppais\/wp-json\/wp\/v2\/types\/post"}],"author":[{"embeddable":true,"href":"https:\/\/wp.ufpel.edu.br\/leppais\/wp-json\/wp\/v2\/users\/641"}],"replies":[{"embeddable":true,"href":"https:\/\/wp.ufpel.edu.br\/leppais\/wp-json\/wp\/v2\/comments?post=1308"}],"version-history":[{"count":0,"href":"https:\/\/wp.ufpel.edu.br\/leppais\/wp-json\/wp\/v2\/posts\/1308\/revisions"}],"wp:attachment":[{"href":"https:\/\/wp.ufpel.edu.br\/leppais\/wp-json\/wp\/v2\/media?parent=1308"}],"wp:term":[{"taxonomy":"category","embeddable":true,"href":"https:\/\/wp.ufpel.edu.br\/leppais\/wp-json\/wp\/v2\/categories?post=1308"},{"taxonomy":"post_tag","embeddable":true,"href":"https:\/\/wp.ufpel.edu.br\/leppais\/wp-json\/wp\/v2\/tags?post=1308"}],"curies":[{"name":"wp","href":"https:\/\/api.w.org\/{rel}","templated":true}]}}