{"id":1305,"date":"2017-11-07T09:06:05","date_gmt":"2017-11-07T12:06:05","guid":{"rendered":"https:\/\/leppais.wordpress.com\/?p=1305"},"modified":"2017-11-07T09:06:05","modified_gmt":"2017-11-07T12:06:05","slug":"divulgacao-mostra-bravas-mulheres","status":"publish","type":"post","link":"https:\/\/wp.ufpel.edu.br\/leppais\/2017\/11\/07\/divulgacao-mostra-bravas-mulheres\/","title":{"rendered":"Divulga\u00e7\u00e3o Mostra Bravas Mulheres"},"content":{"rendered":"<p><a href=\"https:\/\/i0.wp.com\/wp.ufpel.edu.br\/leppais\/files\/2017\/11\/bravas-webultimo.png?ssl=1\"><img data-recalc-dims=\"1\" loading=\"lazy\" decoding=\"async\" data-attachment-id=\"1306\" data-permalink=\"https:\/\/wp.ufpel.edu.br\/leppais\/2017\/11\/07\/divulgacao-mostra-bravas-mulheres\/bravas-webultimo\/\" data-orig-file=\"https:\/\/i0.wp.com\/wp.ufpel.edu.br\/leppais\/files\/2017\/11\/bravas-webultimo.png?fit=2704%2C2180&amp;ssl=1\" data-orig-size=\"2704,2180\" data-comments-opened=\"0\" data-image-meta=\"{&quot;aperture&quot;:&quot;0&quot;,&quot;credit&quot;:&quot;&quot;,&quot;camera&quot;:&quot;&quot;,&quot;caption&quot;:&quot;&quot;,&quot;created_timestamp&quot;:&quot;0&quot;,&quot;copyright&quot;:&quot;&quot;,&quot;focal_length&quot;:&quot;0&quot;,&quot;iso&quot;:&quot;0&quot;,&quot;shutter_speed&quot;:&quot;0&quot;,&quot;title&quot;:&quot;&quot;,&quot;orientation&quot;:&quot;0&quot;}\" data-image-title=\"BRAVAS webultimo\" data-image-description=\"\" data-image-caption=\"\" data-medium-file=\"https:\/\/i0.wp.com\/wp.ufpel.edu.br\/leppais\/files\/2017\/11\/bravas-webultimo.png?fit=300%2C242&amp;ssl=1\" data-large-file=\"https:\/\/i0.wp.com\/wp.ufpel.edu.br\/leppais\/files\/2017\/11\/bravas-webultimo.png?fit=584%2C471&amp;ssl=1\" class=\"alignnone size-large wp-image-1306\" src=\"https:\/\/i0.wp.com\/wp.ufpel.edu.br\/leppais\/files\/2017\/11\/bravas-webultimo.png?resize=584%2C471&#038;ssl=1\" alt=\"\" width=\"584\" height=\"471\" srcset=\"https:\/\/i0.wp.com\/wp.ufpel.edu.br\/leppais\/files\/2017\/11\/bravas-webultimo.png?w=2704&amp;ssl=1 2704w, https:\/\/i0.wp.com\/wp.ufpel.edu.br\/leppais\/files\/2017\/11\/bravas-webultimo.png?resize=300%2C242&amp;ssl=1 300w, https:\/\/i0.wp.com\/wp.ufpel.edu.br\/leppais\/files\/2017\/11\/bravas-webultimo.png?resize=768%2C619&amp;ssl=1 768w, https:\/\/i0.wp.com\/wp.ufpel.edu.br\/leppais\/files\/2017\/11\/bravas-webultimo.png?resize=1024%2C826&amp;ssl=1 1024w, https:\/\/i0.wp.com\/wp.ufpel.edu.br\/leppais\/files\/2017\/11\/bravas-webultimo.png?resize=372%2C300&amp;ssl=1 372w, https:\/\/i0.wp.com\/wp.ufpel.edu.br\/leppais\/files\/2017\/11\/bravas-webultimo.png?w=1168&amp;ssl=1 1168w, https:\/\/i0.wp.com\/wp.ufpel.edu.br\/leppais\/files\/2017\/11\/bravas-webultimo.png?w=1752&amp;ssl=1 1752w\" sizes=\"auto, (max-width: 584px) 100vw, 584px\" \/><\/a><\/p>\n","protected":false},"excerpt":{"rendered":"","protected":false},"author":641,"featured_media":0,"comment_status":"open","ping_status":"open","sticky":false,"template":"","format":"standard","meta":{"advanced_seo_description":"","jetpack_seo_html_title":"","jetpack_seo_noindex":false,"jetpack_post_was_ever_published":false,"_jetpack_newsletter_access":"","_jetpack_dont_email_post_to_subs":false,"_jetpack_newsletter_tier_id":0,"_jetpack_memberships_contains_paywalled_content":false,"_jetpack_memberships_contains_paid_content":false,"footnotes":"","jetpack_publicize_message":"","jetpack_publicize_feature_enabled":true,"jetpack_social_post_already_shared":true,"jetpack_social_options":{"image_generator_settings":{"template":"highway","default_image_id":0,"font":"","enabled":false},"version":2}},"categories":[7,9],"tags":[],"class_list":["post-1305","post","type-post","status-publish","format-standard","hentry","category-convite","category-eventos"],"jetpack_publicize_connections":[],"jetpack_featured_media_url":"","jetpack_sharing_enabled":true,"jetpack_shortlink":"https:\/\/wp.me\/payVYo-l3","jetpack-related-posts":[{"id":1849,"url":"https:\/\/wp.ufpel.edu.br\/leppais\/2018\/11\/21\/convite-mostra-de-filmes-etnograficos-com-o-filme-voz-das-mulheres-indigenas\/","url_meta":{"origin":1305,"position":0},"title":"Convite: Mostra de Filmes Etnogr\u00e1ficos com o filme &#8220;Voz das Mulheres Ind\u00edgenas&#8221;","author":"antropologia","date":"21\/11\/2018","format":false,"excerpt":"","rel":"","context":"Em &quot;Convite&quot;","block_context":{"text":"Convite","link":"https:\/\/wp.ufpel.edu.br\/leppais\/category\/convite\/"},"img":{"alt_text":"","src":"https:\/\/i0.wp.com\/wp.ufpel.edu.br\/leppais\/files\/2018\/11\/2018-10-23-mostra-de-filmes-etnograficos-01.jpg?resize=350%2C200&ssl=1","width":350,"height":200,"srcset":"https:\/\/i0.wp.com\/wp.ufpel.edu.br\/leppais\/files\/2018\/11\/2018-10-23-mostra-de-filmes-etnograficos-01.jpg?resize=350%2C200&ssl=1 1x, https:\/\/i0.wp.com\/wp.ufpel.edu.br\/leppais\/files\/2018\/11\/2018-10-23-mostra-de-filmes-etnograficos-01.jpg?resize=525%2C300&ssl=1 1.5x, https:\/\/i0.wp.com\/wp.ufpel.edu.br\/leppais\/files\/2018\/11\/2018-10-23-mostra-de-filmes-etnograficos-01.jpg?resize=700%2C400&ssl=1 2x, https:\/\/i0.wp.com\/wp.ufpel.edu.br\/leppais\/files\/2018\/11\/2018-10-23-mostra-de-filmes-etnograficos-01.jpg?resize=1050%2C600&ssl=1 3x, https:\/\/i0.wp.com\/wp.ufpel.edu.br\/leppais\/files\/2018\/11\/2018-10-23-mostra-de-filmes-etnograficos-01.jpg?resize=1400%2C800&ssl=1 4x"},"classes":[]},{"id":3825,"url":"https:\/\/wp.ufpel.edu.br\/leppais\/2023\/08\/01\/1a-sessao-mostra-itinerante-premio-pierre-verger\/","url_meta":{"origin":1305,"position":1},"title":"1\u00aa Sess\u00e3o Mostra Itinerante Pr\u00eamio Pierre Verger","author":"antropologia","date":"01\/08\/2023","format":false,"excerpt":"Lembrando que come\u00e7a na pr\u00f3xima semana a Mostra Itinerante PPV (edi\u00e7\u00e3o 2022), organizada pelo LEPPAIS, em parceria com o LABOME. Para participar preencher o formul\u00e1rio: https:\/\/forms.gle\/HnxgUTByvnWYDgMw8 Evento h\u00edbrido (online e na sala de Cinema da UFPel), com certificado de participa\u00e7\u00e3o. Esperamos voc\u00ea!!!","rel":"","context":"Em &quot;Convite&quot;","block_context":{"text":"Convite","link":"https:\/\/wp.ufpel.edu.br\/leppais\/category\/convite\/"},"img":{"alt_text":"","src":"https:\/\/i0.wp.com\/wp.ufpel.edu.br\/leppais\/files\/2023\/07\/Cartaz-PPV2023-cineufpel-SESSAO-03AGO_v2.jpg?resize=350%2C200&ssl=1","width":350,"height":200,"srcset":"https:\/\/i0.wp.com\/wp.ufpel.edu.br\/leppais\/files\/2023\/07\/Cartaz-PPV2023-cineufpel-SESSAO-03AGO_v2.jpg?resize=350%2C200&ssl=1 1x, https:\/\/i0.wp.com\/wp.ufpel.edu.br\/leppais\/files\/2023\/07\/Cartaz-PPV2023-cineufpel-SESSAO-03AGO_v2.jpg?resize=525%2C300&ssl=1 1.5x, https:\/\/i0.wp.com\/wp.ufpel.edu.br\/leppais\/files\/2023\/07\/Cartaz-PPV2023-cineufpel-SESSAO-03AGO_v2.jpg?resize=700%2C400&ssl=1 2x"},"classes":[]},{"id":3822,"url":"https:\/\/wp.ufpel.edu.br\/leppais\/2023\/07\/28\/mostra-itinerante-premio-pierre-verger-edicao-de-2022-no-cineufpel\/","url_meta":{"origin":1305,"position":2},"title":"Mostra Itinerante Pr\u00eamio Pierre Verger [Edi\u00e7\u00e3o de 2022] no Cineufpel","author":"antropologia","date":"28\/07\/2023","format":false,"excerpt":"Come\u00e7a na pr\u00f3xima semana a Mostra Itinerante PPV (edi\u00e7\u00e3o 2022), organizada pelo LEPPAIS, em parceria com o LABOME. Para participar preencher o formul\u00e1rio: https:\/\/forms.gle\/HnxgUTByvnWYDgMw8 Evento h\u00edbrido (online e na sala de Cinema da UFPel), com certificado de participa\u00e7\u00e3o. Esperamos voc\u00ea!!!","rel":"","context":"Em &quot;Convite&quot;","block_context":{"text":"Convite","link":"https:\/\/wp.ufpel.edu.br\/leppais\/category\/convite\/"},"img":{"alt_text":"","src":"https:\/\/i0.wp.com\/wp.ufpel.edu.br\/leppais\/files\/2023\/07\/Cartaz-PPV2023-cineufpel_v3.jpg?resize=350%2C200&ssl=1","width":350,"height":200,"srcset":"https:\/\/i0.wp.com\/wp.ufpel.edu.br\/leppais\/files\/2023\/07\/Cartaz-PPV2023-cineufpel_v3.jpg?resize=350%2C200&ssl=1 1x, https:\/\/i0.wp.com\/wp.ufpel.edu.br\/leppais\/files\/2023\/07\/Cartaz-PPV2023-cineufpel_v3.jpg?resize=525%2C300&ssl=1 1.5x, https:\/\/i0.wp.com\/wp.ufpel.edu.br\/leppais\/files\/2023\/07\/Cartaz-PPV2023-cineufpel_v3.jpg?resize=700%2C400&ssl=1 2x"},"classes":[]},{"id":3835,"url":"https:\/\/wp.ufpel.edu.br\/leppais\/2023\/08\/09\/10-ago-2023-2a-sessao-mostra-premio-pierre-verger\/","url_meta":{"origin":1305,"position":3},"title":"10 AGO 2023 \u2013 2\u00aa Sess\u00e3o Mostra Pr\u00eamio Pierre Verger","author":"antropologia","date":"09\/08\/2023","format":false,"excerpt":"Segue abaixo os respectivos links para Mostra Itinerante de Filmes Etnogr\u00e1ficos Pr\u00eamio Pierre Verger \/ edi\u00e7\u00e3o 2022. Link para inscri\u00e7\u00e3o: https:\/\/forms.gle\/HnxgUTByvnWYDgMw8 Link do canal do LABOME e do LEPPAIS onde ser\u00e1 transmitido: https:\/\/youtube.com\/@LabomeVisualidades https:\/\/www.youtube.com\/@leppais\/streams Vamos todos participar \ud83e\udd70 Afro-Sampas (ano de produ\u00e7\u00e3o: 2020) - A presen\u00e7a africana na m\u00fasica brasileira\u2026","rel":"","context":"Em &quot;Convite&quot;","block_context":{"text":"Convite","link":"https:\/\/wp.ufpel.edu.br\/leppais\/category\/convite\/"},"img":{"alt_text":"","src":"https:\/\/i0.wp.com\/wp.ufpel.edu.br\/leppais\/files\/2023\/08\/Cartaz-PPV2023-cineufpel-SESSAO-10AGO.jpg?resize=350%2C200&ssl=1","width":350,"height":200,"srcset":"https:\/\/i0.wp.com\/wp.ufpel.edu.br\/leppais\/files\/2023\/08\/Cartaz-PPV2023-cineufpel-SESSAO-10AGO.jpg?resize=350%2C200&ssl=1 1x, https:\/\/i0.wp.com\/wp.ufpel.edu.br\/leppais\/files\/2023\/08\/Cartaz-PPV2023-cineufpel-SESSAO-10AGO.jpg?resize=525%2C300&ssl=1 1.5x, https:\/\/i0.wp.com\/wp.ufpel.edu.br\/leppais\/files\/2023\/08\/Cartaz-PPV2023-cineufpel-SESSAO-10AGO.jpg?resize=700%2C400&ssl=1 2x, https:\/\/i0.wp.com\/wp.ufpel.edu.br\/leppais\/files\/2023\/08\/Cartaz-PPV2023-cineufpel-SESSAO-10AGO.jpg?resize=1050%2C600&ssl=1 3x"},"classes":[]},{"id":2563,"url":"https:\/\/wp.ufpel.edu.br\/leppais\/2019\/03\/15\/convite-mostra-a-ressonancia-afetiva-das-memorias\/","url_meta":{"origin":1305,"position":4},"title":"Convite: Mostra &#8220;A resson\u00e2ncia afetiva das mem\u00f3rias&#8221;","author":"antropologia","date":"15\/03\/2019","format":false,"excerpt":"P\u00e1gina do evento no Facebook","rel":"","context":"Em &quot;Convite&quot;","block_context":{"text":"Convite","link":"https:\/\/wp.ufpel.edu.br\/leppais\/category\/convite\/"},"img":{"alt_text":"","src":"https:\/\/i0.wp.com\/wp.ufpel.edu.br\/leppais\/files\/2019\/03\/Cartaz-abertura.jpg?resize=350%2C200&ssl=1","width":350,"height":200,"srcset":"https:\/\/i0.wp.com\/wp.ufpel.edu.br\/leppais\/files\/2019\/03\/Cartaz-abertura.jpg?resize=350%2C200&ssl=1 1x, https:\/\/i0.wp.com\/wp.ufpel.edu.br\/leppais\/files\/2019\/03\/Cartaz-abertura.jpg?resize=525%2C300&ssl=1 1.5x"},"classes":[]},{"id":3831,"url":"https:\/\/wp.ufpel.edu.br\/leppais\/2023\/08\/03\/e-hoje-03-ago-2023-1a-sessao-mostra-premio-pierre-verger\/","url_meta":{"origin":1305,"position":5},"title":"\u00c9 hoje 03 AGO 2023 &#8211; 1\u00aa Sess\u00e3o Mostra Pr\u00eamio Pierre Verger","author":"antropologia","date":"03\/08\/2023","format":false,"excerpt":"Confer\u00eancia online no Google Meet para inscritos no formul\u00e1rio: https:\/\/forms.gle\/HnxgUTByvnWYDgMw8 Transmiss\u00e3o da introdu\u00e7\u00e3o e debate ao vivo para p\u00fablico geral: https:\/\/www.youtube.com\/@leppais\/streams Lembrando que a prefer\u00eancia \u00e9 pela participa\u00e7\u00e3o presencial na sala do Cine UFPEL - Rua Lobo da Costa 447, uma vez que a experi\u00eancia visual de assistir o filme\u2026","rel":"","context":"Em &quot;Convite&quot;","block_context":{"text":"Convite","link":"https:\/\/wp.ufpel.edu.br\/leppais\/category\/convite\/"},"img":{"alt_text":"","src":"https:\/\/i0.wp.com\/wp.ufpel.edu.br\/leppais\/files\/2023\/08\/mostra-1a-sessao.jpg?resize=350%2C200&ssl=1","width":350,"height":200,"srcset":"https:\/\/i0.wp.com\/wp.ufpel.edu.br\/leppais\/files\/2023\/08\/mostra-1a-sessao.jpg?resize=350%2C200&ssl=1 1x, https:\/\/i0.wp.com\/wp.ufpel.edu.br\/leppais\/files\/2023\/08\/mostra-1a-sessao.jpg?resize=525%2C300&ssl=1 1.5x, https:\/\/i0.wp.com\/wp.ufpel.edu.br\/leppais\/files\/2023\/08\/mostra-1a-sessao.jpg?resize=700%2C400&ssl=1 2x"},"classes":[]}],"jetpack_likes_enabled":true,"_links":{"self":[{"href":"https:\/\/wp.ufpel.edu.br\/leppais\/wp-json\/wp\/v2\/posts\/1305","targetHints":{"allow":["GET"]}}],"collection":[{"href":"https:\/\/wp.ufpel.edu.br\/leppais\/wp-json\/wp\/v2\/posts"}],"about":[{"href":"https:\/\/wp.ufpel.edu.br\/leppais\/wp-json\/wp\/v2\/types\/post"}],"author":[{"embeddable":true,"href":"https:\/\/wp.ufpel.edu.br\/leppais\/wp-json\/wp\/v2\/users\/641"}],"replies":[{"embeddable":true,"href":"https:\/\/wp.ufpel.edu.br\/leppais\/wp-json\/wp\/v2\/comments?post=1305"}],"version-history":[{"count":0,"href":"https:\/\/wp.ufpel.edu.br\/leppais\/wp-json\/wp\/v2\/posts\/1305\/revisions"}],"wp:attachment":[{"href":"https:\/\/wp.ufpel.edu.br\/leppais\/wp-json\/wp\/v2\/media?parent=1305"}],"wp:term":[{"taxonomy":"category","embeddable":true,"href":"https:\/\/wp.ufpel.edu.br\/leppais\/wp-json\/wp\/v2\/categories?post=1305"},{"taxonomy":"post_tag","embeddable":true,"href":"https:\/\/wp.ufpel.edu.br\/leppais\/wp-json\/wp\/v2\/tags?post=1305"}],"curies":[{"name":"wp","href":"https:\/\/api.w.org\/{rel}","templated":true}]}}