{"id":278,"date":"2017-08-16T18:48:03","date_gmt":"2017-08-16T21:48:03","guid":{"rendered":"https:\/\/wp.ufpel.edu.br\/lencibio\/?p=278"},"modified":"2017-08-17T12:32:34","modified_gmt":"2017-08-17T15:32:34","slug":"educacao-e-construcao-do-conhecimento","status":"publish","type":"post","link":"https:\/\/wp.ufpel.edu.br\/lencibio\/2017\/08\/16\/educacao-e-construcao-do-conhecimento\/","title":{"rendered":"Educa\u00e7\u00e3o e constru\u00e7\u00e3o do conhecimento"},"content":{"rendered":"<p style=\"text-align: justify\"><img data-recalc-dims=\"1\" data-attachment-id=\"272\" data-permalink=\"https:\/\/wp.ufpel.edu.br\/lencibio\/download-1\/\" data-orig-file=\"https:\/\/i0.wp.com\/wp.ufpel.edu.br\/lencibio\/files\/2017\/08\/download-1.jpg?fit=225%2C225&amp;ssl=1\" data-orig-size=\"225,225\" data-comments-opened=\"0\" data-image-meta=\"{&quot;aperture&quot;:&quot;0&quot;,&quot;credit&quot;:&quot;&quot;,&quot;camera&quot;:&quot;&quot;,&quot;caption&quot;:&quot;&quot;,&quot;created_timestamp&quot;:&quot;0&quot;,&quot;copyright&quot;:&quot;&quot;,&quot;focal_length&quot;:&quot;0&quot;,&quot;iso&quot;:&quot;0&quot;,&quot;shutter_speed&quot;:&quot;0&quot;,&quot;title&quot;:&quot;&quot;,&quot;orientation&quot;:&quot;0&quot;}\" data-image-title=\"download (1)\" data-image-description=\"\" data-image-caption=\"\" data-medium-file=\"https:\/\/i0.wp.com\/wp.ufpel.edu.br\/lencibio\/files\/2017\/08\/download-1.jpg?fit=225%2C225&amp;ssl=1\" data-large-file=\"https:\/\/i0.wp.com\/wp.ufpel.edu.br\/lencibio\/files\/2017\/08\/download-1.jpg?fit=225%2C225&amp;ssl=1\" class=\"size-full wp-image-272 alignleft\" src=\"https:\/\/i0.wp.com\/wp.ufpel.edu.br\/lencibio\/files\/2017\/08\/download-1.jpg?resize=225%2C225&#038;ssl=1\" alt=\"\" width=\"225\" height=\"225\" srcset=\"https:\/\/i0.wp.com\/wp.ufpel.edu.br\/lencibio\/files\/2017\/08\/download-1.jpg?w=225&amp;ssl=1 225w, https:\/\/i0.wp.com\/wp.ufpel.edu.br\/lencibio\/files\/2017\/08\/download-1.jpg?resize=200%2C200&amp;ssl=1 200w\" sizes=\"(max-width: 225px) 100vw, 225px\" \/>\u00a0O autor promove um debate entre os modelos empirista, apriorista e construtivista do conhecimento e analisa seus reflexos na sala de aula, apresentando argumentos favor\u00e1veis a este \u00faltimo. A perspectiva construtivista valoriza alunos ativos, respons\u00e1veis, que podem fazer perguntas, construir conhecimentos, argumentar.Esta obra constitui-se em uma contribui\u00e7\u00e3o importante para a educa\u00e7\u00e3o ao passo que possibilita an\u00e1lises e discuss\u00f5es sobre as formas de atua\u00e7\u00e3o pedag\u00f3gica do professor e defende um ensino menos passivo e resignado.<\/p>\n","protected":false},"excerpt":{"rendered":"<p>\u00a0O autor promove um debate entre os modelos empirista, apriorista e construtivista do conhecimento e analisa seus reflexos na sala de aula, apresentando argumentos favor\u00e1veis a este \u00faltimo. A perspectiva construtivista valoriza alunos ativos, respons\u00e1veis, que podem fazer perguntas, construir conhecimentos, argumentar.Esta obra constitui-se em uma contribui\u00e7\u00e3o importante para a educa\u00e7\u00e3o ao passo que possibilita [&hellip;]<\/p>\n","protected":false},"author":780,"featured_media":0,"comment_status":"closed","ping_status":"closed","sticky":false,"template":"","format":"standard","meta":{"jetpack_post_was_ever_published":false,"_jetpack_newsletter_access":"","_jetpack_dont_email_post_to_subs":false,"_jetpack_newsletter_tier_id":0,"_jetpack_memberships_contains_paywalled_content":false,"_jetpack_memberships_contains_paid_content":false,"footnotes":"","jetpack_publicize_message":"","jetpack_publicize_feature_enabled":true,"jetpack_social_post_already_shared":true,"jetpack_social_options":{"image_generator_settings":{"template":"highway","default_image_id":0,"font":"","enabled":false},"version":2}},"categories":[11],"tags":[],"class_list":["post-278","post","type-post","status-publish","format-standard","hentry","category-leitura-indicada"],"jetpack_publicize_connections":[],"jetpack_featured_media_url":"","jetpack_sharing_enabled":true,"jetpack_shortlink":"https:\/\/wp.me\/p90WYW-4u","jetpack-related-posts":[],"_links":{"self":[{"href":"https:\/\/wp.ufpel.edu.br\/lencibio\/wp-json\/wp\/v2\/posts\/278","targetHints":{"allow":["GET"]}}],"collection":[{"href":"https:\/\/wp.ufpel.edu.br\/lencibio\/wp-json\/wp\/v2\/posts"}],"about":[{"href":"https:\/\/wp.ufpel.edu.br\/lencibio\/wp-json\/wp\/v2\/types\/post"}],"author":[{"embeddable":true,"href":"https:\/\/wp.ufpel.edu.br\/lencibio\/wp-json\/wp\/v2\/users\/780"}],"replies":[{"embeddable":true,"href":"https:\/\/wp.ufpel.edu.br\/lencibio\/wp-json\/wp\/v2\/comments?post=278"}],"version-history":[{"count":1,"href":"https:\/\/wp.ufpel.edu.br\/lencibio\/wp-json\/wp\/v2\/posts\/278\/revisions"}],"predecessor-version":[{"id":280,"href":"https:\/\/wp.ufpel.edu.br\/lencibio\/wp-json\/wp\/v2\/posts\/278\/revisions\/280"}],"wp:attachment":[{"href":"https:\/\/wp.ufpel.edu.br\/lencibio\/wp-json\/wp\/v2\/media?parent=278"}],"wp:term":[{"taxonomy":"category","embeddable":true,"href":"https:\/\/wp.ufpel.edu.br\/lencibio\/wp-json\/wp\/v2\/categories?post=278"},{"taxonomy":"post_tag","embeddable":true,"href":"https:\/\/wp.ufpel.edu.br\/lencibio\/wp-json\/wp\/v2\/tags?post=278"}],"curies":[{"name":"wp","href":"https:\/\/api.w.org\/{rel}","templated":true}]}}