{"id":592,"date":"2024-09-23T17:32:43","date_gmt":"2024-09-23T20:32:43","guid":{"rendered":"https:\/\/wp.ufpel.edu.br\/leiaa\/?p=592"},"modified":"2024-09-24T07:45:55","modified_gmt":"2024-09-24T10:45:55","slug":"leiaa-e-gama-oferecem-revisao-em-matematica-elementar-durante-o-mes-de-outubro","status":"publish","type":"post","link":"https:\/\/wp.ufpel.edu.br\/leiaa\/2024\/09\/23\/leiaa-e-gama-oferecem-revisao-em-matematica-elementar-durante-o-mes-de-outubro\/","title":{"rendered":"LEIAA e GAMA oferecem revis\u00e3o em matem\u00e1tica elementar durante o m\u00eas de outubro"},"content":{"rendered":"<div>\n<p><span style=\"color: #000000;\">Os projetos LEIAA e GAMA &#8211; Grupo de Apoio em Matem\u00e1tica oferecer\u00e3o, ao longo do m\u00eas de outubro, uma atividade integrada de revis\u00e3o em Matem\u00e1tica Elementar para estudantes do IFM &#8211; Instituto e F\u00edsica e Matem\u00e1tica. <\/span><\/p>\n<p><span style=\"color: #000000;\">A atividade ser\u00e1 desenvolvida na abordagem Sala de Aula Invertida. <\/span><span style=\"color: #000000;\">Participe!<\/span><\/p>\n<p><span style=\"color: #000000;\"><strong>Abordagem: <\/strong>Sala de Aula Invertida.<\/span><\/p>\n<p><span style=\"color: #000000;\"><strong>Datas: <\/strong>03\/10, 04\/10, 10\/10, 11\/10, 17\/10 e 18\/10.<\/span><\/p>\n<p><span style=\"color: #000000;\"><strong>Hor\u00e1rios:<\/strong> das 14:00 \u00e0s 16:00<\/span><\/p>\n<p><span style=\"color: #000000;\"><strong>Local:<\/strong> Sala 221 do pr\u00e9dio 5 (Sala do Projeto GAMA no Campus Cap\u00e3o do Le\u00e3o).<\/span><\/p>\n<p><span style=\"color: #000000;\"><strong>Vagas:<\/strong> 25 (preenchimento por ordem de inscri\u00e7\u00e3o).<\/span><\/p>\n<p><span style=\"color: #000000;\"><strong>Per\u00edodo de inscri\u00e7\u00f5es:<\/strong> de 23\/09 a 30\/09.<\/span><\/p>\n<p><span style=\"color: #000000;\"><strong>Divulga\u00e7\u00e3o da turma: <\/strong>01\/10.<\/span><\/p>\n<p><span style=\"color: #000000;\"><strong>Conte\u00fados de matem\u00e1tica contemplados:<\/strong> Teoria b\u00e1sica dos conjuntos. Conjuntos num\u00e9ricos e intervalos. Opera\u00e7\u00f5es com fra\u00e7\u00f5es. Potencia\u00e7\u00e3o. Radicia\u00e7\u00e3o. Racionaliza\u00e7\u00e3o de denominadores. Fatora\u00e7\u00e3o e produtos not\u00e1veis. Opera\u00e7\u00f5es e simplifica\u00e7\u00e3o de fra\u00e7\u00f5es alg\u00e9bricas. Opera\u00e7\u00f5es com polin\u00f4mios.<\/span><\/p>\n<p><span style=\"color: #000000;\"><strong>Din\u00e2mica da atividade:<\/strong> Os conte\u00fados de Matem\u00e1tica Elementar ser\u00e3o disponibilizados na forma de apostila e em v\u00eddeo. Os participantes dever\u00e3o acessar o material disponibilizado de forma antecipada a cada encontro, elaborar um resumo do conte\u00fado e aplicar o conhecimento resolvendo a lista de exerc\u00edcios sugerida. As d\u00favidas ser\u00e3o elucidadas nos encontros presenciais.<\/span><\/p>\n<\/div>\n<div>\n<p><span style=\"color: #000000;\">Observa\u00e7\u00f5es:<\/span><\/p>\n<p><span style=\"color: #000000;\">1) Os estudantes que participarem dos encontros e desenvolverem as atividades ter\u00e3o direito a um comprovante de participa\u00e7\u00e3o num total de 20 horas.<\/span><\/p>\n<p><span style=\"color: #000000;\">2) Havendo mais inscritos do que vagas, as mesmas ser\u00e3o preenchidas por ondem de inscri\u00e7\u00e3o.<\/span><\/p>\n<p><span style=\"color: #000000;\">Clique <a href=\"https:\/\/docs.google.com\/forms\/d\/1XSeoKPkH802CeBp5P3-s1t7wDCUiwuqXc6sW3dyLFuE\/\"><strong><span style=\"color: #0000ff;\">AQUI<\/span><\/strong><\/a>\u00a0para realizar sua inscri\u00e7\u00e3o.<\/span><\/p>\n<\/div>\n","protected":false},"excerpt":{"rendered":"<p>Os projetos LEIAA e GAMA &#8211; Grupo de Apoio em Matem\u00e1tica oferecer\u00e3o, ao longo do m\u00eas de outubro, uma atividade integrada de revis\u00e3o em Matem\u00e1tica Elementar para estudantes do IFM &#8211; Instituto e F\u00edsica e Matem\u00e1tica. A atividade ser\u00e1 desenvolvida na abordagem Sala de Aula Invertida. Participe! Abordagem: Sala de Aula Invertida. Datas: 03\/10, 04\/10, [&hellip;]<\/p>\n","protected":false},"author":1127,"featured_media":0,"comment_status":"closed","ping_status":"closed","sticky":false,"template":"","format":"standard","meta":{"footnotes":""},"categories":[1],"tags":[],"class_list":["post-592","post","type-post","status-publish","format-standard","hentry","category-noticias"],"jetpack_featured_media_url":"","_links":{"self":[{"href":"https:\/\/wp.ufpel.edu.br\/leiaa\/wp-json\/wp\/v2\/posts\/592","targetHints":{"allow":["GET"]}}],"collection":[{"href":"https:\/\/wp.ufpel.edu.br\/leiaa\/wp-json\/wp\/v2\/posts"}],"about":[{"href":"https:\/\/wp.ufpel.edu.br\/leiaa\/wp-json\/wp\/v2\/types\/post"}],"author":[{"embeddable":true,"href":"https:\/\/wp.ufpel.edu.br\/leiaa\/wp-json\/wp\/v2\/users\/1127"}],"replies":[{"embeddable":true,"href":"https:\/\/wp.ufpel.edu.br\/leiaa\/wp-json\/wp\/v2\/comments?post=592"}],"version-history":[{"count":7,"href":"https:\/\/wp.ufpel.edu.br\/leiaa\/wp-json\/wp\/v2\/posts\/592\/revisions"}],"predecessor-version":[{"id":600,"href":"https:\/\/wp.ufpel.edu.br\/leiaa\/wp-json\/wp\/v2\/posts\/592\/revisions\/600"}],"wp:attachment":[{"href":"https:\/\/wp.ufpel.edu.br\/leiaa\/wp-json\/wp\/v2\/media?parent=592"}],"wp:term":[{"taxonomy":"category","embeddable":true,"href":"https:\/\/wp.ufpel.edu.br\/leiaa\/wp-json\/wp\/v2\/categories?post=592"},{"taxonomy":"post_tag","embeddable":true,"href":"https:\/\/wp.ufpel.edu.br\/leiaa\/wp-json\/wp\/v2\/tags?post=592"}],"curies":[{"name":"wp","href":"https:\/\/api.w.org\/{rel}","templated":true}]}}