{"id":308,"date":"2023-05-27T23:09:17","date_gmt":"2023-05-28T02:09:17","guid":{"rendered":"https:\/\/wp.ufpel.edu.br\/leiaa\/?p=308"},"modified":"2023-05-29T01:05:14","modified_gmt":"2023-05-29T04:05:14","slug":"projeto-leiaa-visita-o-cafe-com-ideias-estudantes-discutem-estrategias-de-aprendizagem-e-autorregulacao","status":"publish","type":"post","link":"https:\/\/wp.ufpel.edu.br\/leiaa\/2023\/05\/27\/projeto-leiaa-visita-o-cafe-com-ideias-estudantes-discutem-estrategias-de-aprendizagem-e-autorregulacao\/","title":{"rendered":"Projeto LEIAA visita o caf\u00e9 com ideias: Estudantes discutem estrat\u00e9gias de aprendizagem e autorregula\u00e7\u00e3o"},"content":{"rendered":"<p>No dia 27 de mar\u00e7o, o projeto LEIAA realizou uma visita ao caf\u00e9 com ideias, como parte do projeto &#8220;A Matem\u00e1tica na perspectiva da Educa\u00e7\u00e3o 5.0: acolher, construir conhecimento e transformar&#8221;, coordenado pela Professora Dra. Carla Denize Ott Felcher. Durante a visita, os acad\u00eamicos Matheus Nogueira Lopes, Karen Klug Kruger, Nelitiane Soares dos Santos e Let\u00edcia Barros Dias Soares iniciaram uma conversa com os participantes, abordando o andamento do semestre e as estrat\u00e9gias e planos de aprendizagem adotados. Foram feitas as seguintes perguntas: &#8220;Como voc\u00ea avalia seu desempenho nos estudos?&#8221; e &#8220;Voc\u00ea j\u00e1 ouviu falar sobre autorregula\u00e7\u00e3o da aprendizagem?&#8221;. Ap\u00f3s uma discuss\u00e3o entre os participantes, os acad\u00eamicos propuseram uma atividade chamada &#8220;Meus Objetivos para a Disciplina&#8221;. A atividade consistia em quatro etapas: no primeiro passo, os participantes escreveram quais eram seus objetivos para a disciplina; no segundo passo, definiram o planejamento necess\u00e1rio para alcan\u00e7ar esses objetivos; no terceiro passo, identificaram as poss\u00edveis dificuldades encontradas na execu\u00e7\u00e3o do planejamento; por fim, no quarto passo, discutiram as estrat\u00e9gias que poderiam adotar para superar essas dificuldades. Ao final da atividade, que visava refletir sobre como estabelecer um plano de metas, houve uma breve discuss\u00e3o em que alguns participantes destacaram o efeito positivo e reflexivo da atividade, auxiliando no planejamento dos estudos e na melhoria da aprendizagem. O projeto LEIAA se colocou \u00e0 disposi\u00e7\u00e3o para uma segunda visita, com o objetivo de aprofundar ainda mais o tema junto aos participantes.<\/p>\n<p><img class=\"alignnone size-medium wp-image-314\" src=\"https:\/\/wp.ufpel.edu.br\/leiaa\/files\/2023\/05\/WhatsApp-Image-2023-05-27-at-23.03.53-400x225.jpeg\" alt=\"\" width=\"400\" height=\"225\" srcset=\"https:\/\/wp.ufpel.edu.br\/leiaa\/files\/2023\/05\/WhatsApp-Image-2023-05-27-at-23.03.53-400x225.jpeg 400w, https:\/\/wp.ufpel.edu.br\/leiaa\/files\/2023\/05\/WhatsApp-Image-2023-05-27-at-23.03.53-1024x576.jpeg 1024w, https:\/\/wp.ufpel.edu.br\/leiaa\/files\/2023\/05\/WhatsApp-Image-2023-05-27-at-23.03.53-768x432.jpeg 768w, https:\/\/wp.ufpel.edu.br\/leiaa\/files\/2023\/05\/WhatsApp-Image-2023-05-27-at-23.03.53-1536x864.jpeg 1536w, https:\/\/wp.ufpel.edu.br\/leiaa\/files\/2023\/05\/WhatsApp-Image-2023-05-27-at-23.03.53.jpeg 1600w\" sizes=\"(max-width: 400px) 100vw, 400px\" \/> <img class=\"alignnone size-medium wp-image-313\" src=\"https:\/\/wp.ufpel.edu.br\/leiaa\/files\/2023\/05\/40a0b65a-d938-48d7-90a7-07b710ad8e11-400x225.jpg\" alt=\"\" width=\"400\" height=\"225\" srcset=\"https:\/\/wp.ufpel.edu.br\/leiaa\/files\/2023\/05\/40a0b65a-d938-48d7-90a7-07b710ad8e11-400x225.jpg 400w, https:\/\/wp.ufpel.edu.br\/leiaa\/files\/2023\/05\/40a0b65a-d938-48d7-90a7-07b710ad8e11-1024x576.jpg 1024w, https:\/\/wp.ufpel.edu.br\/leiaa\/files\/2023\/05\/40a0b65a-d938-48d7-90a7-07b710ad8e11-768x432.jpg 768w, https:\/\/wp.ufpel.edu.br\/leiaa\/files\/2023\/05\/40a0b65a-d938-48d7-90a7-07b710ad8e11-1536x864.jpg 1536w, https:\/\/wp.ufpel.edu.br\/leiaa\/files\/2023\/05\/40a0b65a-d938-48d7-90a7-07b710ad8e11.jpg 1600w\" sizes=\"(max-width: 400px) 100vw, 400px\" \/><\/p>\n","protected":false},"excerpt":{"rendered":"<p>No dia 27 de mar\u00e7o, o projeto LEIAA realizou uma visita ao caf\u00e9 com ideias, como parte do projeto &#8220;A Matem\u00e1tica na perspectiva da Educa\u00e7\u00e3o 5.0: acolher, construir conhecimento e transformar&#8221;, coordenado pela Professora Dra. Carla Denize Ott Felcher. Durante a visita, os acad\u00eamicos Matheus Nogueira Lopes, Karen Klug Kruger, Nelitiane Soares dos Santos e [&hellip;]<\/p>\n","protected":false},"author":1127,"featured_media":0,"comment_status":"closed","ping_status":"closed","sticky":false,"template":"","format":"standard","meta":{"footnotes":""},"categories":[1],"tags":[],"class_list":["post-308","post","type-post","status-publish","format-standard","hentry","category-noticias"],"jetpack_featured_media_url":"","_links":{"self":[{"href":"https:\/\/wp.ufpel.edu.br\/leiaa\/wp-json\/wp\/v2\/posts\/308","targetHints":{"allow":["GET"]}}],"collection":[{"href":"https:\/\/wp.ufpel.edu.br\/leiaa\/wp-json\/wp\/v2\/posts"}],"about":[{"href":"https:\/\/wp.ufpel.edu.br\/leiaa\/wp-json\/wp\/v2\/types\/post"}],"author":[{"embeddable":true,"href":"https:\/\/wp.ufpel.edu.br\/leiaa\/wp-json\/wp\/v2\/users\/1127"}],"replies":[{"embeddable":true,"href":"https:\/\/wp.ufpel.edu.br\/leiaa\/wp-json\/wp\/v2\/comments?post=308"}],"version-history":[{"count":3,"href":"https:\/\/wp.ufpel.edu.br\/leiaa\/wp-json\/wp\/v2\/posts\/308\/revisions"}],"predecessor-version":[{"id":317,"href":"https:\/\/wp.ufpel.edu.br\/leiaa\/wp-json\/wp\/v2\/posts\/308\/revisions\/317"}],"wp:attachment":[{"href":"https:\/\/wp.ufpel.edu.br\/leiaa\/wp-json\/wp\/v2\/media?parent=308"}],"wp:term":[{"taxonomy":"category","embeddable":true,"href":"https:\/\/wp.ufpel.edu.br\/leiaa\/wp-json\/wp\/v2\/categories?post=308"},{"taxonomy":"post_tag","embeddable":true,"href":"https:\/\/wp.ufpel.edu.br\/leiaa\/wp-json\/wp\/v2\/tags?post=308"}],"curies":[{"name":"wp","href":"https:\/\/api.w.org\/{rel}","templated":true}]}}