{"id":271,"date":"2023-02-22T14:25:18","date_gmt":"2023-02-22T17:25:18","guid":{"rendered":"https:\/\/wp.ufpel.edu.br\/leiaa\/?p=271"},"modified":"2023-02-22T14:25:18","modified_gmt":"2023-02-22T17:25:18","slug":"roda-de-conversa-sobre-autorregulacao-da-aprendizagem-segundo-encontro","status":"publish","type":"post","link":"https:\/\/wp.ufpel.edu.br\/leiaa\/2023\/02\/22\/roda-de-conversa-sobre-autorregulacao-da-aprendizagem-segundo-encontro\/","title":{"rendered":"Roda de conversa sobre Autorregula\u00e7\u00e3o da Aprendizagem &#8211; Segundo Encontro"},"content":{"rendered":"<p style=\"text-align: justify;\">Ol\u00e1!!<\/p>\n<div style=\"text-align: justify;\">Se voc\u00ea \u00e9 estudante da dos cursos de Licenciatura em Matem\u00e1tica ou Licenciatura em Matem\u00e1tica &#8211; Noturno da UFPel, venha participar Roda de conversa sobre autorregula\u00e7\u00e3o da aprendizagem: Integra\u00e7\u00e3o \u00e0 universidade que ser\u00e1 oferecida pelo projeto LEIAA (Laborat\u00f3rio de Estudos e Investiga\u00e7\u00f5es sobre Aprendizagem Autorregulada), ministrada pelo estudante Matheus Nogueira Lopes (Licenciatura em Matem\u00e1tica).<\/div>\n<div style=\"text-align: justify;\"><\/div>\n<div style=\"text-align: justify;\">\n<p>Ser\u00e3o abordados alguns temas centrais da Aprendizagem Autorregulada, tais como o estabelecimento de objetivos de aprendizagem, estrat\u00e9gias de aprendizagem e procrastina\u00e7\u00e3o.<\/p>\n<p>Estudantes de todos os semestres podem participar!<\/p>\n<p><strong>Inscri\u00e7\u00f5es:<\/strong> de 22\/02\/23 a 26\/02\/23.<\/p>\n<p><strong>Divulga\u00e7\u00e3o da turma:<\/strong> 26\/02\/23.<\/p>\n<p><strong>Quantidade de vagas:<\/strong> 30.<\/p>\n<p><strong>Data e hor\u00e1rio do encontro:<\/strong> 27\/02 das 18:00 \u00e0s 19:00 &#8211; Campus ANGLO.<\/p>\n<p><strong>P\u00fablico priorit\u00e1rio:<\/strong> Estudantes de licenciatura em matem\u00e1tica, mas quaisquer estudantes da UFPel podem participar.<\/p>\n<p><strong>Observa\u00e7\u00f5es:<\/strong><\/p>\n<p><strong>1)<\/strong> Ter\u00e3o direito ao comprovante de participa\u00e7\u00e3o os participantes que participarem das atividades propostas.<\/p>\n<p><strong>2)<\/strong> Havendo mais inscritos do que vagas, as mesmas ser\u00e3o preenchidas por ondem de inscri\u00e7\u00e3o.<\/p>\n<\/div>\n<div><\/div>\n<div><a href=\"https:\/\/docs.google.com\/forms\/d\/1_1J5wa_MAYkyol4SFn3Zzuu0Z5XX8andbbgTB84FtrY\/\"><strong>Clique aqui para realizar sua inscri\u00e7\u00e3o.<\/strong><\/a><\/div>\n","protected":false},"excerpt":{"rendered":"<p>Ol\u00e1!! Se voc\u00ea \u00e9 estudante da dos cursos de Licenciatura em Matem\u00e1tica ou Licenciatura em Matem\u00e1tica &#8211; Noturno da UFPel, venha participar Roda de conversa sobre autorregula\u00e7\u00e3o da aprendizagem: Integra\u00e7\u00e3o \u00e0 universidade que ser\u00e1 oferecida pelo projeto LEIAA (Laborat\u00f3rio de Estudos e Investiga\u00e7\u00f5es sobre Aprendizagem Autorregulada), ministrada pelo estudante Matheus Nogueira Lopes (Licenciatura em Matem\u00e1tica). [&hellip;]<\/p>\n","protected":false},"author":1127,"featured_media":0,"comment_status":"closed","ping_status":"closed","sticky":false,"template":"","format":"standard","meta":{"footnotes":""},"categories":[1],"tags":[],"class_list":["post-271","post","type-post","status-publish","format-standard","hentry","category-noticias"],"jetpack_featured_media_url":"","_links":{"self":[{"href":"https:\/\/wp.ufpel.edu.br\/leiaa\/wp-json\/wp\/v2\/posts\/271","targetHints":{"allow":["GET"]}}],"collection":[{"href":"https:\/\/wp.ufpel.edu.br\/leiaa\/wp-json\/wp\/v2\/posts"}],"about":[{"href":"https:\/\/wp.ufpel.edu.br\/leiaa\/wp-json\/wp\/v2\/types\/post"}],"author":[{"embeddable":true,"href":"https:\/\/wp.ufpel.edu.br\/leiaa\/wp-json\/wp\/v2\/users\/1127"}],"replies":[{"embeddable":true,"href":"https:\/\/wp.ufpel.edu.br\/leiaa\/wp-json\/wp\/v2\/comments?post=271"}],"version-history":[{"count":2,"href":"https:\/\/wp.ufpel.edu.br\/leiaa\/wp-json\/wp\/v2\/posts\/271\/revisions"}],"predecessor-version":[{"id":274,"href":"https:\/\/wp.ufpel.edu.br\/leiaa\/wp-json\/wp\/v2\/posts\/271\/revisions\/274"}],"wp:attachment":[{"href":"https:\/\/wp.ufpel.edu.br\/leiaa\/wp-json\/wp\/v2\/media?parent=271"}],"wp:term":[{"taxonomy":"category","embeddable":true,"href":"https:\/\/wp.ufpel.edu.br\/leiaa\/wp-json\/wp\/v2\/categories?post=271"},{"taxonomy":"post_tag","embeddable":true,"href":"https:\/\/wp.ufpel.edu.br\/leiaa\/wp-json\/wp\/v2\/tags?post=271"}],"curies":[{"name":"wp","href":"https:\/\/api.w.org\/{rel}","templated":true}]}}