{"id":261,"date":"2023-01-17T23:14:25","date_gmt":"2023-01-18T02:14:25","guid":{"rendered":"https:\/\/wp.ufpel.edu.br\/leiaa\/?p=261"},"modified":"2023-01-17T23:14:25","modified_gmt":"2023-01-18T02:14:25","slug":"roda-de-conversa-sobre-autorregulacao-da-aprendizagem-integracao-a-universidade-3","status":"publish","type":"post","link":"https:\/\/wp.ufpel.edu.br\/leiaa\/2023\/01\/17\/roda-de-conversa-sobre-autorregulacao-da-aprendizagem-integracao-a-universidade-3\/","title":{"rendered":"Roda de conversa sobre autorregula\u00e7\u00e3o da aprendizagem: Integra\u00e7\u00e3o \u00e0 universidade."},"content":{"rendered":"<p style=\"text-align: justify;\">Ol\u00e1!!<\/p>\n<div style=\"text-align: justify;\">Se voc\u00ea \u00e9 estudante da dos cursos de Licenciatura em Matem\u00e1tica ou Licenciatura em Matem\u00e1tica &#8211; Noturno da UFPel, venha participar Roda de conversa sobre autorregula\u00e7\u00e3o da aprendizagem: Integra\u00e7\u00e3o \u00e0 universidade que ser\u00e1 oferecida pelo projeto LEIAA (Laborat\u00f3rio de Estudos e Investiga\u00e7\u00f5es sobre Aprendizagem Autorregulada).<\/div>\n<div style=\"text-align: justify;\"><\/div>\n<div style=\"text-align: justify;\">Ser\u00e3o abordados alguns temas centrais da Aprendizagem Autorregulada, tais como o estabelecimento de objetivos de aprendizagem, estrat\u00e9gias de aprendizagem e procrastina\u00e7\u00e3o.<\/p>\n<p>Estudantes de todos os semestres podem participar!<\/p>\n<p><strong>Inscri\u00e7\u00f5es:<\/strong> de 20\/01\/23 a 25\/01\/23.<\/p>\n<p><strong>Divulga\u00e7\u00e3o da turma:<\/strong> 26\/01\/23.<\/p>\n<p><strong>Quantidade de vagas:<\/strong> 30.<\/p>\n<p><strong>Data e hor\u00e1rio do encontro virtual s\u00edncrono:<\/strong> 27\/01 das 19:00 \u00e0s 21:00.<\/p>\n<p><strong>P\u00fablico priorit\u00e1rio:<\/strong> Estudantes de licenciatura em matem\u00e1tica, mas quaisquer estudantes da UFPel podem participar.<\/p>\n<p><strong>Observa\u00e7\u00f5es:<\/strong><\/p>\n<p><strong>1)<\/strong> Ter\u00e3o direito ao comprovante de participa\u00e7\u00e3o os participantes que participarem das atividades propostas.<\/p>\n<p><strong>2)<\/strong> Havendo mais inscritos do que vagas, as mesmas ser\u00e3o preenchidas por ondem de inscri\u00e7\u00e3o.<\/div>\n<div><\/div>\n<div><strong><a href=\"https:\/\/docs.google.com\/forms\/d\/18Di6D03REcWN__cCtT9OxmRkfffMYTv3gYfYX5XbFGU\/\">Clique aqui para realizar sua inscri\u00e7\u00e3o.<\/a><\/strong><\/div>\n","protected":false},"excerpt":{"rendered":"<p>Ol\u00e1!! Se voc\u00ea \u00e9 estudante da dos cursos de Licenciatura em Matem\u00e1tica ou Licenciatura em Matem\u00e1tica &#8211; Noturno da UFPel, venha participar Roda de conversa sobre autorregula\u00e7\u00e3o da aprendizagem: Integra\u00e7\u00e3o \u00e0 universidade que ser\u00e1 oferecida pelo projeto LEIAA (Laborat\u00f3rio de Estudos e Investiga\u00e7\u00f5es sobre Aprendizagem Autorregulada). Ser\u00e3o abordados alguns temas centrais da Aprendizagem Autorregulada, tais [&hellip;]<\/p>\n","protected":false},"author":1127,"featured_media":0,"comment_status":"closed","ping_status":"closed","sticky":false,"template":"","format":"standard","meta":{"footnotes":""},"categories":[1],"tags":[],"class_list":["post-261","post","type-post","status-publish","format-standard","hentry","category-noticias"],"jetpack_featured_media_url":"","_links":{"self":[{"href":"https:\/\/wp.ufpel.edu.br\/leiaa\/wp-json\/wp\/v2\/posts\/261","targetHints":{"allow":["GET"]}}],"collection":[{"href":"https:\/\/wp.ufpel.edu.br\/leiaa\/wp-json\/wp\/v2\/posts"}],"about":[{"href":"https:\/\/wp.ufpel.edu.br\/leiaa\/wp-json\/wp\/v2\/types\/post"}],"author":[{"embeddable":true,"href":"https:\/\/wp.ufpel.edu.br\/leiaa\/wp-json\/wp\/v2\/users\/1127"}],"replies":[{"embeddable":true,"href":"https:\/\/wp.ufpel.edu.br\/leiaa\/wp-json\/wp\/v2\/comments?post=261"}],"version-history":[{"count":1,"href":"https:\/\/wp.ufpel.edu.br\/leiaa\/wp-json\/wp\/v2\/posts\/261\/revisions"}],"predecessor-version":[{"id":263,"href":"https:\/\/wp.ufpel.edu.br\/leiaa\/wp-json\/wp\/v2\/posts\/261\/revisions\/263"}],"wp:attachment":[{"href":"https:\/\/wp.ufpel.edu.br\/leiaa\/wp-json\/wp\/v2\/media?parent=261"}],"wp:term":[{"taxonomy":"category","embeddable":true,"href":"https:\/\/wp.ufpel.edu.br\/leiaa\/wp-json\/wp\/v2\/categories?post=261"},{"taxonomy":"post_tag","embeddable":true,"href":"https:\/\/wp.ufpel.edu.br\/leiaa\/wp-json\/wp\/v2\/tags?post=261"}],"curies":[{"name":"wp","href":"https:\/\/api.w.org\/{rel}","templated":true}]}}