{"id":205,"date":"2022-08-07T20:56:24","date_gmt":"2022-08-07T23:56:24","guid":{"rendered":"https:\/\/wp.ufpel.edu.br\/leiaa\/?p=205"},"modified":"2022-08-07T20:56:24","modified_gmt":"2022-08-07T23:56:24","slug":"projeto-leiaa-nas-acolhidas-dos-cursos-de-licenciatura-em-matematica","status":"publish","type":"post","link":"https:\/\/wp.ufpel.edu.br\/leiaa\/2022\/08\/07\/projeto-leiaa-nas-acolhidas-dos-cursos-de-licenciatura-em-matematica\/","title":{"rendered":"Projeto LEIAA nas acolhidas dos cursos de Licenciatura em Matem\u00e1tica"},"content":{"rendered":"<p style=\"text-align: justify;\">O Projeto LEIAA participou das duas acolhidas do curso de licenciatura em matem\u00e1tica, tanto na acolhida do noturno quanto na do integral. A atividade na acolhida do curso noturno aconteceu na \u00faltima semana antes do come\u00e7o do semestre letivo(2022\/1) no dia 28 de julho, j\u00e1 a do curso integral aconteceu na primeira semana de aulas, no dia 2 de agosto. O projeto teve o prazer de aceitar os convites das coordena\u00e7\u00f5es dos cursos para participar das acolhidas.<br \/>\nNas acolhidas, a exposi\u00e7\u00e3o foi dividida em duas etapas, na primeira, o professor C\u00edcero Nachtigall, coordenador do projeto, trouxe para os ingressantes uma breve explica\u00e7\u00e3o sobre a aprendizagem autorregulada com exemplos baseados em suas viv\u00eancias. Na acolhida do curso integral a professora Amanda Pranke, dr\u00b0 em autorregula\u00e7\u00e3o pela UFPel tamb\u00e9m falou um pouco sobre a autorregula\u00e7\u00e3o e sobre o livro &#8220;Cartas de Gerv\u00e1sio ao seu Umbigo: Comprometer-se com o Estudar na Educa\u00e7\u00e3o Superior&#8221;, que aborda o tema da autorregula\u00e7\u00e3o de forma descontra\u00edda com relatos de um personagem fict\u00edcio que est\u00e1 ingressando na universidade.<br \/>\nEm ambas as atividades, ap\u00f3s uma breve apresenta\u00e7\u00e3o do grupo e da introdu\u00e7\u00e3o \u00e0 discuss\u00e3o sobre autorregula\u00e7\u00e3o da aprendizagem, o restante da equipe, composta por estudantes veteranos do curso de matem\u00e1tica, trouxe para eles uma intera\u00e7\u00e3o no Ment\u00edmeter, com perguntas baseadas no tema da autorregula\u00e7\u00e3o para gerar uma reflex\u00e3o nos alunos acerca da maneira como levam seus estudos at\u00e9 o momento, esta etapa abrangeu maior parte da atividade. Baseado nas respostas dos alunos, o grupo ent\u00e3o comentou sobre os pontos que mais chamaram aten\u00e7\u00e3o, falando um pouco sobre a import\u00e2ncia de certos pontos que tiveram uma nota baixa no Ment\u00edmeter e ressaltando a import\u00e2ncia de pontos que tiveram uma nota alta, o grupo encerrou ent\u00e3o com mensagens para os ingressantes sobre o in\u00edcio da vida acad\u00eamica, desejando um bom in\u00edcio de curso a todos.<br \/>\nO projeto LEIAA agradece imensamente aos cursos de Licenciatura em Matem\u00e1tica &#8211; Integral e Licenciatura em Matem\u00e1tica &#8211; Noturno pelo espa\u00e7o concedido e pela preocupa\u00e7\u00e3o dos dois grupos de acolhida em rela\u00e7\u00e3o \u00e0s a\u00e7\u00f5es para a recep\u00e7\u00e3o dos ingressantes.<\/p>\n<p><img class=\"alignnone wp-image-207\" src=\"https:\/\/wp.ufpel.edu.br\/leiaa\/files\/2022\/08\/IMG-20220804-WA0001-400x225.jpg\" alt=\"\" width=\"439\" height=\"247\" srcset=\"https:\/\/wp.ufpel.edu.br\/leiaa\/files\/2022\/08\/IMG-20220804-WA0001-400x225.jpg 400w, https:\/\/wp.ufpel.edu.br\/leiaa\/files\/2022\/08\/IMG-20220804-WA0001-1024x576.jpg 1024w, https:\/\/wp.ufpel.edu.br\/leiaa\/files\/2022\/08\/IMG-20220804-WA0001-768x432.jpg 768w, https:\/\/wp.ufpel.edu.br\/leiaa\/files\/2022\/08\/IMG-20220804-WA0001-1536x864.jpg 1536w, https:\/\/wp.ufpel.edu.br\/leiaa\/files\/2022\/08\/IMG-20220804-WA0001.jpg 1600w\" sizes=\"(max-width: 439px) 100vw, 439px\" \/> <img class=\"alignnone wp-image-208\" src=\"https:\/\/wp.ufpel.edu.br\/leiaa\/files\/2022\/08\/IMG-20220802-WA0063-400x304.jpg\" alt=\"\" width=\"325\" height=\"247\" srcset=\"https:\/\/wp.ufpel.edu.br\/leiaa\/files\/2022\/08\/IMG-20220802-WA0063-400x304.jpg 400w, https:\/\/wp.ufpel.edu.br\/leiaa\/files\/2022\/08\/IMG-20220802-WA0063-1024x778.jpg 1024w, https:\/\/wp.ufpel.edu.br\/leiaa\/files\/2022\/08\/IMG-20220802-WA0063-768x584.jpg 768w, https:\/\/wp.ufpel.edu.br\/leiaa\/files\/2022\/08\/IMG-20220802-WA0063.jpg 1280w\" sizes=\"(max-width: 325px) 100vw, 325px\" \/><\/p>\n","protected":false},"excerpt":{"rendered":"<p>O Projeto LEIAA participou das duas acolhidas do curso de licenciatura em matem\u00e1tica, tanto na acolhida do noturno quanto na do integral. A atividade na acolhida do curso noturno aconteceu na \u00faltima semana antes do come\u00e7o do semestre letivo(2022\/1) no dia 28 de julho, j\u00e1 a do curso integral aconteceu na primeira semana de aulas, [&hellip;]<\/p>\n","protected":false},"author":1127,"featured_media":0,"comment_status":"closed","ping_status":"closed","sticky":false,"template":"","format":"standard","meta":{"footnotes":""},"categories":[1],"tags":[],"class_list":["post-205","post","type-post","status-publish","format-standard","hentry","category-noticias"],"jetpack_featured_media_url":"","_links":{"self":[{"href":"https:\/\/wp.ufpel.edu.br\/leiaa\/wp-json\/wp\/v2\/posts\/205","targetHints":{"allow":["GET"]}}],"collection":[{"href":"https:\/\/wp.ufpel.edu.br\/leiaa\/wp-json\/wp\/v2\/posts"}],"about":[{"href":"https:\/\/wp.ufpel.edu.br\/leiaa\/wp-json\/wp\/v2\/types\/post"}],"author":[{"embeddable":true,"href":"https:\/\/wp.ufpel.edu.br\/leiaa\/wp-json\/wp\/v2\/users\/1127"}],"replies":[{"embeddable":true,"href":"https:\/\/wp.ufpel.edu.br\/leiaa\/wp-json\/wp\/v2\/comments?post=205"}],"version-history":[{"count":2,"href":"https:\/\/wp.ufpel.edu.br\/leiaa\/wp-json\/wp\/v2\/posts\/205\/revisions"}],"predecessor-version":[{"id":210,"href":"https:\/\/wp.ufpel.edu.br\/leiaa\/wp-json\/wp\/v2\/posts\/205\/revisions\/210"}],"wp:attachment":[{"href":"https:\/\/wp.ufpel.edu.br\/leiaa\/wp-json\/wp\/v2\/media?parent=205"}],"wp:term":[{"taxonomy":"category","embeddable":true,"href":"https:\/\/wp.ufpel.edu.br\/leiaa\/wp-json\/wp\/v2\/categories?post=205"},{"taxonomy":"post_tag","embeddable":true,"href":"https:\/\/wp.ufpel.edu.br\/leiaa\/wp-json\/wp\/v2\/tags?post=205"}],"curies":[{"name":"wp","href":"https:\/\/api.w.org\/{rel}","templated":true}]}}