{"id":828,"date":"2020-06-30T18:30:52","date_gmt":"2020-06-30T21:30:52","guid":{"rendered":"https:\/\/wp.ufpel.edu.br\/leh\/?p=828"},"modified":"2022-12-08T15:41:10","modified_gmt":"2022-12-08T18:41:10","slug":"828","status":"publish","type":"post","link":"https:\/\/wp.ufpel.edu.br\/leh\/2020\/06\/30\/828\/","title":{"rendered":"Povo da Hist\u00f3ria da UFPel, se liguem nesse Projeto que preparamos para esse per\u00edodo de calend\u00e1rio alternativo"},"content":{"rendered":"<div class=\"kvgmc6g5 cxmmr5t8 oygrvhab hcukyx3x c1et5uql ii04i59q\">\n<h1 style=\"text-align: center;\"><\/h1>\n<\/div>\n<div dir=\"auto\"><\/div>\n<div dir=\"auto\"><\/div>\n<div class=\"kvgmc6g5 cxmmr5t8 oygrvhab hcukyx3x c1et5uql ii04i59q\">\n<div dir=\"auto\"><span style=\"font-family: times new roman, times, serif; font-size: 14pt;\"><img loading=\"lazy\" decoding=\"async\" class=\"aligncenter wp-image-830 size-large\" src=\"https:\/\/wp.ufpel.edu.br\/leh\/files\/2020\/06\/projeto-de-ensino-1024x576.jpg\" alt=\"\" width=\"640\" height=\"360\" srcset=\"https:\/\/wp.ufpel.edu.br\/leh\/files\/2020\/06\/projeto-de-ensino-1024x576.jpg 1024w, https:\/\/wp.ufpel.edu.br\/leh\/files\/2020\/06\/projeto-de-ensino-400x225.jpg 400w, https:\/\/wp.ufpel.edu.br\/leh\/files\/2020\/06\/projeto-de-ensino-768x432.jpg 768w, https:\/\/wp.ufpel.edu.br\/leh\/files\/2020\/06\/projeto-de-ensino-1536x864.jpg 1536w, https:\/\/wp.ufpel.edu.br\/leh\/files\/2020\/06\/projeto-de-ensino.jpg 2001w\" sizes=\"auto, (max-width: 640px) 100vw, 640px\" \/><\/span><\/div>\n<div dir=\"auto\"><\/div>\n<\/div>\n<div class=\"o9v6fnle cxmmr5t8 oygrvhab hcukyx3x c1et5uql ii04i59q\" style=\"text-align: justify;\">\n<div dir=\"auto\"><span style=\"font-size: 14pt; font-family: times new roman, times, serif;\"><strong>O que?<\/strong><\/span><\/div>\n<div dir=\"auto\"><span style=\"font-size: 14pt; font-family: times new roman, times, serif;\">Projeto de Ensino Ensinar Hist\u00f3ria no tempo presente: debates e (im)perman\u00eancias na teoria e nas pr\u00e1ticas educativas.<\/span><\/div>\n<div dir=\"auto\"><\/div>\n<div dir=\"auto\"><span style=\"font-size: 14pt; font-family: times new roman, times, serif;\"><strong>Como?<\/strong><\/span><\/div>\n<div dir=\"auto\"><span style=\"font-size: 14pt; font-family: times new roman, times, serif;\"> O Projeto se constitui de atividades variadas que ser\u00e3o desenvolvidas de forma remota. Os encontros ser\u00e3o quinzenais \u2013 nas quintas-feiras, das 17h \u00e0s 19h. Os\/as estudantes que participarem do Projeto como um todo ter\u00e3o certificadas 3 horas\/aulas semanais como Projeto de Ensino, que valem como horas em atividades complementares. A maior parte das atividades ser\u00e3o abertas, e mesmo aqueles\/as que n\u00e3o fazem parte do Projeto podem participar.<\/span><\/div>\n<div dir=\"auto\"><\/div>\n<div dir=\"auto\"><\/div>\n<div dir=\"auto\"><span style=\"font-family: times new roman, times, serif; font-size: 14pt;\"><strong>Quando?<\/strong><\/span><\/div>\n<div dir=\"auto\"><span style=\"font-size: 14pt; font-family: times new roman, times, serif;\">2 de julho, 17h &#8211; Apresenta\u00e7\u00e3o do Projeto e dos\/as integrantes e Roda de conversa: A escola em tempos de pandemia (Diego Tecchio \u2013 Prof. de Hist\u00f3ria e Diretor &#8211; Rede Estadual\/Paran\u00e1)<\/span><\/div>\n<div dir=\"auto\"><\/div>\n<div dir=\"auto\"><\/div>\n<div dir=\"auto\"><\/div>\n<div dir=\"auto\" style=\"text-align: center;\"><span style=\"font-size: 14pt; font-family: times new roman, times, serif;\">Acesso atrav\u00e9s do link: <a class=\"oajrlxb2 g5ia77u1 qu0x051f esr5mh6w e9989ue4 r7d6kgcz rq0escxv nhd2j8a9 nc684nl6 p7hjln8o kvgmc6g5 cxmmr5t8 oygrvhab hcukyx3x jb3vyjys rz4wbd8a qt6c0cv9 a8nywdso i1ao9s8h esuyzwwr f1sip0of lzcic4wl py34i1dx gpro0wi8\" role=\"link\" href=\"https:\/\/l.facebook.com\/l.php?u=https%3A%2F%2Fwebconf.ufpel.edu.br%2Fb%2Fale-94a-pnm%3Ffbclid%3DIwAR2Xts981ylbwXW4xVb8RN37x44ucWjvqhGpq0LujlnNM3-8NZIF0wqUi14&amp;h=AT2nV5IcpZw4UyGO8tqogWvk_s7z57aD-1dWkUECnZdzVdgsx0B-l5f-FXtJvCGng9GopNeVC9_KMqdxxew-i0sqXbKiDg74ydjH15eKsDLTzbe40rDZmE0gr72AVor5dlTo&amp;__tn__=-UK-y-R&amp;c[0]=AT0OiISFX2xSQeiGfizGF5dBDGR0vs6MVp0si8wSzaH1JlseTlnIn5n-hct_49Dix2_FoBxE8GpEe2Y5KLaAP35LfUD4qMCaLA6ztYTOE7K_Rpzl3LZ7JjWEr1igIYiZsZ8_r-_bjR82ryRBAMZfW-ho3DEwcPFyzBEOqfiGIEbKPbhF3Tfe_bNXH-mp6aDOsLrUIbxRTr1kyi5raHXE\" target=\"_blank\" rel=\"nofollow noopener noreferrer\">https:\/\/webconf.ufpel.edu.br\/b\/ale-94a-pnm<\/a><\/span><\/div>\n<div dir=\"auto\"><\/div>\n<\/div>\n<div dir=\"auto\"><\/div>\n<div dir=\"auto\"><\/div>\n<div class=\"o9v6fnle cxmmr5t8 oygrvhab hcukyx3x c1et5uql ii04i59q\" style=\"text-align: justify;\">\n<div dir=\"auto\"><span style=\"font-size: 14pt; font-family: times new roman, times, serif;\">Outras atividades no m\u00eas de julho:<\/span><\/div>\n<div dir=\"auto\"><\/div>\n<div dir=\"auto\"><span style=\"font-size: 14pt; font-family: times new roman, times, serif;\"><strong>16 de julho, 17h<\/strong> &#8211; Atividade de discuss\u00e3o e cria\u00e7\u00e3o: \u201cAs est\u00e1tuas derrubadas aterrissaram na minha aula de Hist\u00f3ria. E agora?\u201d<\/span><\/div>\n<div dir=\"auto\"><\/div>\n<div dir=\"auto\"><\/div>\n<div dir=\"auto\"><span style=\"font-size: 14pt; font-family: times new roman, times, serif;\"><strong>30 de julho<\/strong> &#8211; Oficina: Cria\u00e7\u00e3o de jogos para ensinar Hist\u00f3ria atrav\u00e9s do Google forms (Prof. Tiago Rattes \u2013 Escola Projeto 21 \/ Curitiba)<\/span><\/div>\n<div dir=\"auto\"><\/div>\n<div dir=\"auto\"><\/div>\n<div dir=\"auto\" style=\"text-align: center;\"><span style=\"font-size: 14pt; font-family: times new roman, times, serif;\">Acessa o nosso grupo no facebook para mais informa\u00e7\u00f5es:<\/span><\/div>\n<div dir=\"auto\" style=\"text-align: center;\"><span style=\"font-family: times new roman, times, serif; font-size: 14pt;\"><a href=\"https:\/\/www.facebook.com\/groups\/371544223824604\/\">https:\/\/www.facebook.com\/groups\/371544223824604\/<\/a><\/span><\/div>\n<\/div>\n","protected":false},"excerpt":{"rendered":"<p>O que? Projeto de Ensino Ensinar Hist\u00f3ria no tempo presente: debates e (im)perman\u00eancias na teoria e nas pr\u00e1ticas educativas. Como? O Projeto se constitui de atividades variadas que ser\u00e3o desenvolvidas de forma remota. Os encontros ser\u00e3o quinzenais \u2013 nas quintas-feiras, &hellip; <a href=\"https:\/\/wp.ufpel.edu.br\/leh\/2020\/06\/30\/828\/\">Continue lendo <span class=\"meta-nav\">&rarr;<\/span><\/a><\/p>\n","protected":false},"author":778,"featured_media":0,"comment_status":"closed","ping_status":"closed","sticky":false,"template":"","format":"gallery","meta":{"footnotes":""},"categories":[1],"tags":[],"class_list":["post-828","post","type-post","status-publish","format-gallery","hentry","category-noticias","post_format-post-format-gallery"],"jetpack_featured_media_url":"","_links":{"self":[{"href":"https:\/\/wp.ufpel.edu.br\/leh\/wp-json\/wp\/v2\/posts\/828","targetHints":{"allow":["GET"]}}],"collection":[{"href":"https:\/\/wp.ufpel.edu.br\/leh\/wp-json\/wp\/v2\/posts"}],"about":[{"href":"https:\/\/wp.ufpel.edu.br\/leh\/wp-json\/wp\/v2\/types\/post"}],"author":[{"embeddable":true,"href":"https:\/\/wp.ufpel.edu.br\/leh\/wp-json\/wp\/v2\/users\/778"}],"replies":[{"embeddable":true,"href":"https:\/\/wp.ufpel.edu.br\/leh\/wp-json\/wp\/v2\/comments?post=828"}],"version-history":[{"count":7,"href":"https:\/\/wp.ufpel.edu.br\/leh\/wp-json\/wp\/v2\/posts\/828\/revisions"}],"predecessor-version":[{"id":1955,"href":"https:\/\/wp.ufpel.edu.br\/leh\/wp-json\/wp\/v2\/posts\/828\/revisions\/1955"}],"wp:attachment":[{"href":"https:\/\/wp.ufpel.edu.br\/leh\/wp-json\/wp\/v2\/media?parent=828"}],"wp:term":[{"taxonomy":"category","embeddable":true,"href":"https:\/\/wp.ufpel.edu.br\/leh\/wp-json\/wp\/v2\/categories?post=828"},{"taxonomy":"post_tag","embeddable":true,"href":"https:\/\/wp.ufpel.edu.br\/leh\/wp-json\/wp\/v2\/tags?post=828"}],"curies":[{"name":"wp","href":"https:\/\/api.w.org\/{rel}","templated":true}]}}