{"id":712,"date":"2020-06-17T15:33:25","date_gmt":"2020-06-17T18:33:25","guid":{"rendered":"https:\/\/wp.ufpel.edu.br\/leh\/?p=712"},"modified":"2022-12-08T15:44:26","modified_gmt":"2022-12-08T18:44:26","slug":"712","status":"publish","type":"post","link":"https:\/\/wp.ufpel.edu.br\/leh\/2020\/06\/17\/712\/","title":{"rendered":"Convite aos professores\/as de Hist\u00f3ria de Pelotas"},"content":{"rendered":"<p><span style=\"font-family: times new roman, times, serif; font-size: 14pt;\"><img loading=\"lazy\" decoding=\"async\" class=\"aligncenter wp-image-714 size-large\" src=\"https:\/\/wp.ufpel.edu.br\/leh\/files\/2020\/06\/convite-LEH-1-1024x768.jpg\" alt=\"\" width=\"640\" height=\"480\" srcset=\"https:\/\/wp.ufpel.edu.br\/leh\/files\/2020\/06\/convite-LEH-1-1024x768.jpg 1024w, https:\/\/wp.ufpel.edu.br\/leh\/files\/2020\/06\/convite-LEH-1-400x300.jpg 400w, https:\/\/wp.ufpel.edu.br\/leh\/files\/2020\/06\/convite-LEH-1-768x576.jpg 768w, https:\/\/wp.ufpel.edu.br\/leh\/files\/2020\/06\/convite-LEH-1-1536x1152.jpg 1536w, https:\/\/wp.ufpel.edu.br\/leh\/files\/2020\/06\/convite-LEH-1.jpg 2000w\" sizes=\"auto, (max-width: 640px) 100vw, 640px\" \/><\/span><\/p>\n<p style=\"text-align: justify;\"><span style=\"font-family: times new roman, times, serif; font-size: 14pt;\">Professor, professora:<\/span><\/p>\n<p style=\"text-align: justify;\"><span style=\"font-family: times new roman, times, serif; font-size: 14pt;\">Diante dos desdobramentos da COVID 19 e da implanta\u00e7\u00e3o de atividades de ensino remoto na rede estadual e nas redes municipais, muitos s\u00e3o os desafios que atravessam o nosso cotidiano. Para al\u00e9m das dificuldades de acesso \u00e0 internet e de equipamentos adequados de parte expressiva dos\/as estudantes, h\u00e1 tamb\u00e9m as dificuldades de ensinar a partir desse novo contexto, de conhecer e fazer uso de plataformas e portais educativos, de pensar quais temas importam neste momento e como eles podem ser abordados de forma remota.<\/span><\/p>\n<p style=\"text-align: justify;\"><span style=\"font-family: times new roman, times, serif; font-size: 14pt;\">Diante disso, o Laborat\u00f3rio de Ensino de Hist\u00f3ria da UFPel convida professores\/as de Hist\u00f3ria de Pelotas e da regi\u00e3o sul do Estado para conversarmos sobre esses desafios. Nossa ideia \u00e9 criar um espa\u00e7o de escuta, conhecer as demandas e apresentar algumas propostas do LEH para auxiliar professoras e professores de Hist\u00f3ria que atuam nas escolas neste momento, bem como construir redes de contato entre esses\/as docentes e nossos\/as estudantes de Licenciatura.<\/span><\/p>\n<p style=\"text-align: center;\"><span style=\"font-family: times new roman, times, serif; font-size: 14pt;\">Aguardamos voc\u00eas para essa conversa na pr\u00f3xima sexta-feira, dia 19 de junho,<\/span><br \/>\n<span style=\"font-family: times new roman, times, serif; font-size: 14pt;\">17h, atrav\u00e9s do link: <a href=\"https:\/\/webconf.ufpel.edu.br\/b\/ale-crq-9dh\">https:\/\/webconf.ufpel.edu.br\/b\/ale-crq-9dh<\/a><\/span><\/p>\n<p style=\"text-align: center;\"><span style=\"font-family: times new roman, times, serif; font-size: 14pt;\">Salientamos tamb\u00e9m que estamos alimentando o nosso site &#8211;<\/span><br \/>\n<span style=\"font-family: times new roman, times, serif; font-size: 14pt;\"><a href=\"https:\/\/wp.ufpel.edu.br\/leh\/\">https:\/\/wp.ufpel.edu.br\/leh\/<\/a>&#8211; e a p\u00e1gina do facebook &#8211;<\/span><br \/>\n<span style=\"font-family: times new roman, times, serif; font-size: 14pt;\"><a href=\"https:\/\/www.facebook.com\/leh.ich.ufpel\/\">https:\/\/www.facebook.com\/leh.ich.ufpel\/<\/a> &#8211; com v\u00e1rias sugest\u00f5es de sites e materiais<\/span><br \/>\n<span style=\"font-family: times new roman, times, serif; font-size: 14pt;\">educativos (textos, jogos, v\u00eddeos, documentos de \u00e9poca, etc) para aulas de Hist\u00f3ria.<\/span><\/p>\n<p style=\"text-align: right;\"><span style=\"font-family: times new roman, times, serif; font-size: 14pt;\">Abra\u00e7os,<\/span><br \/>\n<span style=\"font-family: times new roman, times, serif; font-size: 14pt;\"><strong>Equipe do Laborat\u00f3rio de Ensino de Hist\u00f3ria da UFPel<\/strong><\/span><\/p>\n","protected":false},"excerpt":{"rendered":"<p>Professor, professora: Diante dos desdobramentos da COVID 19 e da implanta\u00e7\u00e3o de atividades de ensino remoto na rede estadual e nas redes municipais, muitos s\u00e3o os desafios que atravessam o nosso cotidiano. Para al\u00e9m das dificuldades de acesso \u00e0 internet &hellip; <a href=\"https:\/\/wp.ufpel.edu.br\/leh\/2020\/06\/17\/712\/\">Continue lendo <span class=\"meta-nav\">&rarr;<\/span><\/a><\/p>\n","protected":false},"author":778,"featured_media":0,"comment_status":"closed","ping_status":"closed","sticky":false,"template":"","format":"gallery","meta":{"footnotes":""},"categories":[1],"tags":[],"class_list":["post-712","post","type-post","status-publish","format-gallery","hentry","category-noticias","post_format-post-format-gallery"],"jetpack_featured_media_url":"","_links":{"self":[{"href":"https:\/\/wp.ufpel.edu.br\/leh\/wp-json\/wp\/v2\/posts\/712","targetHints":{"allow":["GET"]}}],"collection":[{"href":"https:\/\/wp.ufpel.edu.br\/leh\/wp-json\/wp\/v2\/posts"}],"about":[{"href":"https:\/\/wp.ufpel.edu.br\/leh\/wp-json\/wp\/v2\/types\/post"}],"author":[{"embeddable":true,"href":"https:\/\/wp.ufpel.edu.br\/leh\/wp-json\/wp\/v2\/users\/778"}],"replies":[{"embeddable":true,"href":"https:\/\/wp.ufpel.edu.br\/leh\/wp-json\/wp\/v2\/comments?post=712"}],"version-history":[{"count":8,"href":"https:\/\/wp.ufpel.edu.br\/leh\/wp-json\/wp\/v2\/posts\/712\/revisions"}],"predecessor-version":[{"id":1957,"href":"https:\/\/wp.ufpel.edu.br\/leh\/wp-json\/wp\/v2\/posts\/712\/revisions\/1957"}],"wp:attachment":[{"href":"https:\/\/wp.ufpel.edu.br\/leh\/wp-json\/wp\/v2\/media?parent=712"}],"wp:term":[{"taxonomy":"category","embeddable":true,"href":"https:\/\/wp.ufpel.edu.br\/leh\/wp-json\/wp\/v2\/categories?post=712"},{"taxonomy":"post_tag","embeddable":true,"href":"https:\/\/wp.ufpel.edu.br\/leh\/wp-json\/wp\/v2\/tags?post=712"}],"curies":[{"name":"wp","href":"https:\/\/api.w.org\/{rel}","templated":true}]}}