{"id":619,"date":"2018-10-04T15:20:27","date_gmt":"2018-10-04T18:20:27","guid":{"rendered":"https:\/\/wp.ufpel.edu.br\/leh\/?p=619"},"modified":"2018-10-04T15:20:27","modified_gmt":"2018-10-04T18:20:27","slug":"seminario-guarani-mbya-acoes-e-experiencias-contemporaneas","status":"publish","type":"post","link":"https:\/\/wp.ufpel.edu.br\/leh\/2018\/10\/04\/seminario-guarani-mbya-acoes-e-experiencias-contemporaneas\/","title":{"rendered":"Semin\u00e1rio Guarani Mby\u00e1: a\u00e7\u00f5es e experi\u00eancias contempor\u00e2neas"},"content":{"rendered":"<p>O Laborat\u00f3rio de ensino de hist\u00f3ria convida a todas e todos para participar do \u201cSemin\u00e1rio Guarani Mby\u00e1: a\u00e7\u00f5es e experi\u00eancias contempor\u00e2neas\u201d que objetiva oportunizar espa\u00e7os de reflex\u00e3o sobre a hist\u00f3ria e a cultura do povo Mby\u00e1 Guarani, bem como discutir sobre as a\u00e7\u00f5es afirmativas e a abordagem da tem\u00e1tica ind\u00edgena na escola.<\/p>\n<p>Acontece entre os dias 30 de outubro e 1\u00ba de novembro, na Bibliotheca P\u00fablica Pelotense ser\u00e1 palco de uma s\u00e9rie de atividades e palestras, que marcam a abertura da Exposi\u00e7\u00e3o Fotogr\u00e1fica Os Guarani Mby\u00e1, produzida por Vher\u00e1 Poty e Danilo Christides.<br \/>\nA exposi\u00e7\u00e3o permanecer\u00e1 no Museu do Doce da Universidade Federal de Pelotas entre 30 de outubro de 2018 e 08 de dezembro de 2018.<\/p>\n<p>O evento \u00e9 realizado atrav\u00e9s de uma parceria entre a Universidade Federal de Pelotas, o Museu da Universidade Federal do Rio Grande do Sul e o SESC-RS.<\/p>\n<p>Segue abaixo a programa\u00e7\u00e3o do evento:<\/p>\n<p><a href=\"https:\/\/wp.ufpel.edu.br\/leh\/files\/2018\/10\/43105946_367757967336369_1897053549603323904_n.jpg\"><img loading=\"lazy\" decoding=\"async\" class=\"aligncenter wp-image-623 size-full\" src=\"https:\/\/wp.ufpel.edu.br\/leh\/files\/2018\/10\/43105946_367757967336369_1897053549603323904_n.jpg\" alt=\"\" width=\"2604\" height=\"3508\" srcset=\"https:\/\/wp.ufpel.edu.br\/leh\/files\/2018\/10\/43105946_367757967336369_1897053549603323904_n.jpg 2604w, https:\/\/wp.ufpel.edu.br\/leh\/files\/2018\/10\/43105946_367757967336369_1897053549603323904_n-297x400.jpg 297w, https:\/\/wp.ufpel.edu.br\/leh\/files\/2018\/10\/43105946_367757967336369_1897053549603323904_n-768x1035.jpg 768w, https:\/\/wp.ufpel.edu.br\/leh\/files\/2018\/10\/43105946_367757967336369_1897053549603323904_n-760x1024.jpg 760w\" sizes=\"auto, (max-width: 2604px) 100vw, 2604px\" \/><\/a><\/p>\n<p>&nbsp;<\/p>\n","protected":false},"excerpt":{"rendered":"<p>O Laborat\u00f3rio de ensino de hist\u00f3ria convida a todas e todos para participar do \u201cSemin\u00e1rio Guarani Mby\u00e1: a\u00e7\u00f5es e experi\u00eancias contempor\u00e2neas\u201d que objetiva oportunizar espa\u00e7os de reflex\u00e3o sobre a hist\u00f3ria e a cultura do povo Mby\u00e1 Guarani, bem como discutir &hellip; <a href=\"https:\/\/wp.ufpel.edu.br\/leh\/2018\/10\/04\/seminario-guarani-mbya-acoes-e-experiencias-contemporaneas\/\">Continue lendo <span class=\"meta-nav\">&rarr;<\/span><\/a><\/p>\n","protected":false},"author":806,"featured_media":0,"comment_status":"closed","ping_status":"closed","sticky":false,"template":"","format":"standard","meta":{"footnotes":""},"categories":[1],"tags":[],"class_list":["post-619","post","type-post","status-publish","format-standard","hentry","category-noticias"],"jetpack_featured_media_url":"","_links":{"self":[{"href":"https:\/\/wp.ufpel.edu.br\/leh\/wp-json\/wp\/v2\/posts\/619","targetHints":{"allow":["GET"]}}],"collection":[{"href":"https:\/\/wp.ufpel.edu.br\/leh\/wp-json\/wp\/v2\/posts"}],"about":[{"href":"https:\/\/wp.ufpel.edu.br\/leh\/wp-json\/wp\/v2\/types\/post"}],"author":[{"embeddable":true,"href":"https:\/\/wp.ufpel.edu.br\/leh\/wp-json\/wp\/v2\/users\/806"}],"replies":[{"embeddable":true,"href":"https:\/\/wp.ufpel.edu.br\/leh\/wp-json\/wp\/v2\/comments?post=619"}],"version-history":[{"count":5,"href":"https:\/\/wp.ufpel.edu.br\/leh\/wp-json\/wp\/v2\/posts\/619\/revisions"}],"predecessor-version":[{"id":627,"href":"https:\/\/wp.ufpel.edu.br\/leh\/wp-json\/wp\/v2\/posts\/619\/revisions\/627"}],"wp:attachment":[{"href":"https:\/\/wp.ufpel.edu.br\/leh\/wp-json\/wp\/v2\/media?parent=619"}],"wp:term":[{"taxonomy":"category","embeddable":true,"href":"https:\/\/wp.ufpel.edu.br\/leh\/wp-json\/wp\/v2\/categories?post=619"},{"taxonomy":"post_tag","embeddable":true,"href":"https:\/\/wp.ufpel.edu.br\/leh\/wp-json\/wp\/v2\/tags?post=619"}],"curies":[{"name":"wp","href":"https:\/\/api.w.org\/{rel}","templated":true}]}}