{"id":2691,"date":"2025-03-11T17:58:01","date_gmt":"2025-03-11T20:58:01","guid":{"rendered":"https:\/\/wp.ufpel.edu.br\/leh\/?p=2691"},"modified":"2025-03-11T18:01:39","modified_gmt":"2025-03-11T21:01:39","slug":"professor-wilian-bonete-lanca-livro-organizado-sobre-didatica-da-historia-e-ensino-de-historia","status":"publish","type":"post","link":"https:\/\/wp.ufpel.edu.br\/leh\/2025\/03\/11\/professor-wilian-bonete-lanca-livro-organizado-sobre-didatica-da-historia-e-ensino-de-historia\/","title":{"rendered":"Professor Wilian Bonete lan\u00e7a livro organizado sobre Did\u00e1tica da Hist\u00f3ria e Ensino de Hist\u00f3ria"},"content":{"rendered":"<p style=\"text-align: justify;\"><a href=\"https:\/\/wp.ufpel.edu.br\/leh\/files\/2025\/03\/WhatsApp-Image-2025-03-03-at-17.14.16.jpeg\"><img loading=\"lazy\" decoding=\"async\" class=\"alignleft size-medium wp-image-2693\" src=\"https:\/\/wp.ufpel.edu.br\/leh\/files\/2025\/03\/WhatsApp-Image-2025-03-03-at-17.14.16-300x400.jpeg\" alt=\"\" width=\"300\" height=\"400\" srcset=\"https:\/\/wp.ufpel.edu.br\/leh\/files\/2025\/03\/WhatsApp-Image-2025-03-03-at-17.14.16-300x400.jpeg 300w, https:\/\/wp.ufpel.edu.br\/leh\/files\/2025\/03\/WhatsApp-Image-2025-03-03-at-17.14.16-600x800.jpeg 600w, https:\/\/wp.ufpel.edu.br\/leh\/files\/2025\/03\/WhatsApp-Image-2025-03-03-at-17.14.16-768x1024.jpeg 768w, https:\/\/wp.ufpel.edu.br\/leh\/files\/2025\/03\/WhatsApp-Image-2025-03-03-at-17.14.16.jpeg 960w\" sizes=\"auto, (max-width: 300px) 100vw, 300px\" \/><\/a>O professor Wilian Bonete (DH\/LEH\/UFPEL) lan\u00e7ou o livro intitulado \u02dcDid\u00e1tica da Hist\u00f3ria e Ensino de Hist\u00f3ria: pesquisas, abordagens e perspectivas&#8221;(volume 1), que foi organizado em parceria com o prof. Arnaldo Szlachta (UFPE\/UEM). O livro \u00e9 fruto da primeira edi\u00e7\u00e3o do curso de extens\u00e3o, que leva o mesmo nome, que foi realizado durante o ano de 2023, de forma virtual, pelo LEH e IFPR (Campus Curitiba). A colet\u00e2nea conta com 11 cap\u00edtulos que foram redigidos pelos ministrantes do referido curso e mais dois convidados.<\/p>\n<p>Os cap\u00edtulos contemplam reflex\u00f5es te\u00f3rico-metodol\u00f3gicas sobre a Did\u00e1tica da Hist\u00f3ria no Brasil e seus m\u00faltiplos di\u00e1logos com o ensino de Hist\u00f3ria e outras sub\u00e1reas da ci\u00eancia hist\u00f3rica.<\/p>\n<p>O livro foi publicado pela Editora Casa Letras, e pode ser feito gratuitamente o download <a href=\"https:\/\/wp.ufpel.edu.br\/leh\/files\/2025\/03\/Dida\u0301tica-da-Histo\u0301ria-3.pdf\">clicando aqui.<\/a><\/p>\n<p>&nbsp;<\/p>\n","protected":false},"excerpt":{"rendered":"<p>O professor Wilian Bonete (DH\/LEH\/UFPEL) lan\u00e7ou o livro intitulado \u02dcDid\u00e1tica da Hist\u00f3ria e Ensino de Hist\u00f3ria: pesquisas, abordagens e perspectivas&#8221;(volume 1), que foi organizado em parceria com o prof. Arnaldo Szlachta (UFPE\/UEM). O livro \u00e9 fruto da primeira edi\u00e7\u00e3o do &hellip; <a href=\"https:\/\/wp.ufpel.edu.br\/leh\/2025\/03\/11\/professor-wilian-bonete-lanca-livro-organizado-sobre-didatica-da-historia-e-ensino-de-historia\/\">Continue lendo <span class=\"meta-nav\">&rarr;<\/span><\/a><\/p>\n","protected":false},"author":778,"featured_media":0,"comment_status":"closed","ping_status":"closed","sticky":false,"template":"","format":"standard","meta":{"footnotes":""},"categories":[1],"tags":[],"class_list":["post-2691","post","type-post","status-publish","format-standard","hentry","category-noticias"],"jetpack_featured_media_url":"","_links":{"self":[{"href":"https:\/\/wp.ufpel.edu.br\/leh\/wp-json\/wp\/v2\/posts\/2691","targetHints":{"allow":["GET"]}}],"collection":[{"href":"https:\/\/wp.ufpel.edu.br\/leh\/wp-json\/wp\/v2\/posts"}],"about":[{"href":"https:\/\/wp.ufpel.edu.br\/leh\/wp-json\/wp\/v2\/types\/post"}],"author":[{"embeddable":true,"href":"https:\/\/wp.ufpel.edu.br\/leh\/wp-json\/wp\/v2\/users\/778"}],"replies":[{"embeddable":true,"href":"https:\/\/wp.ufpel.edu.br\/leh\/wp-json\/wp\/v2\/comments?post=2691"}],"version-history":[{"count":2,"href":"https:\/\/wp.ufpel.edu.br\/leh\/wp-json\/wp\/v2\/posts\/2691\/revisions"}],"predecessor-version":[{"id":2696,"href":"https:\/\/wp.ufpel.edu.br\/leh\/wp-json\/wp\/v2\/posts\/2691\/revisions\/2696"}],"wp:attachment":[{"href":"https:\/\/wp.ufpel.edu.br\/leh\/wp-json\/wp\/v2\/media?parent=2691"}],"wp:term":[{"taxonomy":"category","embeddable":true,"href":"https:\/\/wp.ufpel.edu.br\/leh\/wp-json\/wp\/v2\/categories?post=2691"},{"taxonomy":"post_tag","embeddable":true,"href":"https:\/\/wp.ufpel.edu.br\/leh\/wp-json\/wp\/v2\/tags?post=2691"}],"curies":[{"name":"wp","href":"https:\/\/api.w.org\/{rel}","templated":true}]}}