{"id":2648,"date":"2024-09-26T15:44:49","date_gmt":"2024-09-26T18:44:49","guid":{"rendered":"https:\/\/wp.ufpel.edu.br\/leh\/?p=2648"},"modified":"2024-12-18T02:07:33","modified_gmt":"2024-12-18T05:07:33","slug":"lancamento-de-dossie-o-ensino-de-historia-e-os-60-anos-do-golpe-de-1964-o-que-temos-aprendido-e-ensinado","status":"publish","type":"post","link":"https:\/\/wp.ufpel.edu.br\/leh\/2024\/09\/26\/lancamento-de-dossie-o-ensino-de-historia-e-os-60-anos-do-golpe-de-1964-o-que-temos-aprendido-e-ensinado\/","title":{"rendered":"Lan\u00e7amento de Dossi\u00ea &#8211; O ensino de hist\u00f3ria e os 60 anos do golpe de 1964: o que temos aprendido e ensinado?"},"content":{"rendered":"<p style=\"text-align: justify;\"><img loading=\"lazy\" decoding=\"async\" class=\"alignleft size-medium wp-image-2650\" src=\"https:\/\/wp.ufpel.edu.br\/leh\/files\/2024\/09\/WhatsApp-Image-2024-09-24-at-10.03.18-400x398.jpeg\" alt=\"\" width=\"400\" height=\"398\" srcset=\"https:\/\/wp.ufpel.edu.br\/leh\/files\/2024\/09\/WhatsApp-Image-2024-09-24-at-10.03.18-400x398.jpeg 400w, https:\/\/wp.ufpel.edu.br\/leh\/files\/2024\/09\/WhatsApp-Image-2024-09-24-at-10.03.18-800x796.jpeg 800w, https:\/\/wp.ufpel.edu.br\/leh\/files\/2024\/09\/WhatsApp-Image-2024-09-24-at-10.03.18-200x200.jpeg 200w, https:\/\/wp.ufpel.edu.br\/leh\/files\/2024\/09\/WhatsApp-Image-2024-09-24-at-10.03.18-768x764.jpeg 768w, https:\/\/wp.ufpel.edu.br\/leh\/files\/2024\/09\/WhatsApp-Image-2024-09-24-at-10.03.18.jpeg 1080w\" sizes=\"auto, (max-width: 400px) 100vw, 400px\" \/>No dia 24 de setembro, \u00e0s 19 horas, aconteceu a <em>live<\/em> de lan\u00e7amento do dossi\u00ea &#8220;O ensino de hist\u00f3ria e os 60 anos do golpe de 1964: o que temos aprendido e ensinado?&#8221;, pela revista &#8220;Hist\u00f3ria Hoje&#8221;. A <em>live, <\/em>que foi transmitida pelo canal da ANPUH<em>,<\/em> contou com a participa\u00e7\u00e3o da prof. dra. Alessandra Gasparotto, integrante do laborat\u00f3rio de ensino de hist\u00f3ria , da prof. dra. Alessandra Carvalho (UFRJ) e do prof. dr. Thiago Nunes Soares (UPE). A media\u00e7\u00e3o ficou por conta do prof. dr. Marcus Bomfim (UFJF), editor da revista.<\/p>\n<p>A\u00a0<em>live\u00a0<\/em>ainda pode ser acessada pelo\u00a0<em>Youtube.\u00a0<\/em><\/p>\n<p><a href=\"https:\/\/www.youtube.com\/live\/OWOi6TOeZbA\">https:\/\/www.youtube.com\/live\/OWOi6TOeZbA<\/a><\/p>\n","protected":false},"excerpt":{"rendered":"<p>No dia 24 de setembro, \u00e0s 19 horas, aconteceu a live de lan\u00e7amento do dossi\u00ea &#8220;O ensino de hist\u00f3ria e os 60 anos do golpe de 1964: o que temos aprendido e ensinado?&#8221;, pela revista &#8220;Hist\u00f3ria Hoje&#8221;. A live, que &hellip; <a href=\"https:\/\/wp.ufpel.edu.br\/leh\/2024\/09\/26\/lancamento-de-dossie-o-ensino-de-historia-e-os-60-anos-do-golpe-de-1964-o-que-temos-aprendido-e-ensinado\/\">Continue lendo <span class=\"meta-nav\">&rarr;<\/span><\/a><\/p>\n","protected":false},"author":778,"featured_media":0,"comment_status":"closed","ping_status":"closed","sticky":false,"template":"","format":"standard","meta":{"footnotes":""},"categories":[1],"tags":[],"class_list":["post-2648","post","type-post","status-publish","format-standard","hentry","category-noticias"],"jetpack_featured_media_url":"","_links":{"self":[{"href":"https:\/\/wp.ufpel.edu.br\/leh\/wp-json\/wp\/v2\/posts\/2648","targetHints":{"allow":["GET"]}}],"collection":[{"href":"https:\/\/wp.ufpel.edu.br\/leh\/wp-json\/wp\/v2\/posts"}],"about":[{"href":"https:\/\/wp.ufpel.edu.br\/leh\/wp-json\/wp\/v2\/types\/post"}],"author":[{"embeddable":true,"href":"https:\/\/wp.ufpel.edu.br\/leh\/wp-json\/wp\/v2\/users\/778"}],"replies":[{"embeddable":true,"href":"https:\/\/wp.ufpel.edu.br\/leh\/wp-json\/wp\/v2\/comments?post=2648"}],"version-history":[{"count":3,"href":"https:\/\/wp.ufpel.edu.br\/leh\/wp-json\/wp\/v2\/posts\/2648\/revisions"}],"predecessor-version":[{"id":2662,"href":"https:\/\/wp.ufpel.edu.br\/leh\/wp-json\/wp\/v2\/posts\/2648\/revisions\/2662"}],"wp:attachment":[{"href":"https:\/\/wp.ufpel.edu.br\/leh\/wp-json\/wp\/v2\/media?parent=2648"}],"wp:term":[{"taxonomy":"category","embeddable":true,"href":"https:\/\/wp.ufpel.edu.br\/leh\/wp-json\/wp\/v2\/categories?post=2648"},{"taxonomy":"post_tag","embeddable":true,"href":"https:\/\/wp.ufpel.edu.br\/leh\/wp-json\/wp\/v2\/tags?post=2648"}],"curies":[{"name":"wp","href":"https:\/\/api.w.org\/{rel}","templated":true}]}}