{"id":2644,"date":"2024-09-26T15:23:44","date_gmt":"2024-09-26T18:23:44","guid":{"rendered":"https:\/\/wp.ufpel.edu.br\/leh\/?p=2644"},"modified":"2024-12-18T02:15:43","modified_gmt":"2024-12-18T05:15:43","slug":"leh-na-8a-mostra-de-cursos-da-ufpel","status":"publish","type":"post","link":"https:\/\/wp.ufpel.edu.br\/leh\/2024\/09\/26\/leh-na-8a-mostra-de-cursos-da-ufpel\/","title":{"rendered":"LEH na 8\u00aa Mostra de Cursos da UFPEL"},"content":{"rendered":"<p style=\"text-align: justify;\"><img loading=\"lazy\" decoding=\"async\" class=\"alignleft size-medium wp-image-2646\" src=\"https:\/\/wp.ufpel.edu.br\/leh\/files\/2024\/09\/Mostra-de-Cursos-UFPEL-320x400.png\" alt=\"\" width=\"320\" height=\"400\" srcset=\"https:\/\/wp.ufpel.edu.br\/leh\/files\/2024\/09\/Mostra-de-Cursos-UFPEL-320x400.png 320w, https:\/\/wp.ufpel.edu.br\/leh\/files\/2024\/09\/Mostra-de-Cursos-UFPEL-640x800.png 640w, https:\/\/wp.ufpel.edu.br\/leh\/files\/2024\/09\/Mostra-de-Cursos-UFPEL-768x960.png 768w, https:\/\/wp.ufpel.edu.br\/leh\/files\/2024\/09\/Mostra-de-Cursos-UFPEL.png 1080w\" sizes=\"auto, (max-width: 320px) 100vw, 320px\" \/>Quarta-Feira, dia 18 de Setembro, aconteceu no gin\u00e1sio da <em>Escola Superior de Educa\u00e7\u00e3o F\u00edsica e Fisioterapia (ESEF)<\/em> a <strong>8\u00aa Mostra de Cursos da UFPEL<\/strong>, evento que visa apresentar os mais de 100 cursos da universidade para os estudantes do ensino m\u00e9dio de Pelotas e regi\u00e3o.<\/p>\n<p style=\"text-align: justify;\">Os integrantes do Laborat\u00f3rio de Ensino de Hist\u00f3ria estiveram presentes no estande do curso de Hist\u00f3ria durante todo o evento, fazendo explana\u00e7\u00f5es sobre o curso de Licenciatura em Hist\u00f3ria, o acervo e as atividades do laborat\u00f3rio.<\/p>\n","protected":false},"excerpt":{"rendered":"<p>Quarta-Feira, dia 18 de Setembro, aconteceu no gin\u00e1sio da Escola Superior de Educa\u00e7\u00e3o F\u00edsica e Fisioterapia (ESEF) a 8\u00aa Mostra de Cursos da UFPEL, evento que visa apresentar os mais de 100 cursos da universidade para os estudantes do ensino &hellip; <a href=\"https:\/\/wp.ufpel.edu.br\/leh\/2024\/09\/26\/leh-na-8a-mostra-de-cursos-da-ufpel\/\">Continue lendo <span class=\"meta-nav\">&rarr;<\/span><\/a><\/p>\n","protected":false},"author":778,"featured_media":0,"comment_status":"closed","ping_status":"closed","sticky":false,"template":"","format":"standard","meta":{"footnotes":""},"categories":[1],"tags":[],"class_list":["post-2644","post","type-post","status-publish","format-standard","hentry","category-noticias"],"jetpack_featured_media_url":"","_links":{"self":[{"href":"https:\/\/wp.ufpel.edu.br\/leh\/wp-json\/wp\/v2\/posts\/2644","targetHints":{"allow":["GET"]}}],"collection":[{"href":"https:\/\/wp.ufpel.edu.br\/leh\/wp-json\/wp\/v2\/posts"}],"about":[{"href":"https:\/\/wp.ufpel.edu.br\/leh\/wp-json\/wp\/v2\/types\/post"}],"author":[{"embeddable":true,"href":"https:\/\/wp.ufpel.edu.br\/leh\/wp-json\/wp\/v2\/users\/778"}],"replies":[{"embeddable":true,"href":"https:\/\/wp.ufpel.edu.br\/leh\/wp-json\/wp\/v2\/comments?post=2644"}],"version-history":[{"count":4,"href":"https:\/\/wp.ufpel.edu.br\/leh\/wp-json\/wp\/v2\/posts\/2644\/revisions"}],"predecessor-version":[{"id":2671,"href":"https:\/\/wp.ufpel.edu.br\/leh\/wp-json\/wp\/v2\/posts\/2644\/revisions\/2671"}],"wp:attachment":[{"href":"https:\/\/wp.ufpel.edu.br\/leh\/wp-json\/wp\/v2\/media?parent=2644"}],"wp:term":[{"taxonomy":"category","embeddable":true,"href":"https:\/\/wp.ufpel.edu.br\/leh\/wp-json\/wp\/v2\/categories?post=2644"},{"taxonomy":"post_tag","embeddable":true,"href":"https:\/\/wp.ufpel.edu.br\/leh\/wp-json\/wp\/v2\/tags?post=2644"}],"curies":[{"name":"wp","href":"https:\/\/api.w.org\/{rel}","templated":true}]}}