{"id":2636,"date":"2024-08-16T14:52:22","date_gmt":"2024-08-16T17:52:22","guid":{"rendered":"https:\/\/wp.ufpel.edu.br\/leh\/?p=2636"},"modified":"2024-12-18T02:09:47","modified_gmt":"2024-12-18T05:09:47","slug":"lancamento-cadernos-tematicos-do-leh-v-3","status":"publish","type":"post","link":"https:\/\/wp.ufpel.edu.br\/leh\/2024\/08\/16\/lancamento-cadernos-tematicos-do-leh-v-3\/","title":{"rendered":"Lan\u00e7amento &#8211; cadernos tem\u00e1ticos do LEH, v. 3"},"content":{"rendered":"<p style=\"text-align: justify;\"><img loading=\"lazy\" decoding=\"async\" class=\"alignleft size-medium wp-image-2638\" src=\"https:\/\/wp.ufpel.edu.br\/leh\/files\/2024\/08\/WhatsApp-Image-2024-08-05-at-13.38.53-1-283x400.jpeg\" alt=\"\" width=\"283\" height=\"400\" srcset=\"https:\/\/wp.ufpel.edu.br\/leh\/files\/2024\/08\/WhatsApp-Image-2024-08-05-at-13.38.53-1-283x400.jpeg 283w, https:\/\/wp.ufpel.edu.br\/leh\/files\/2024\/08\/WhatsApp-Image-2024-08-05-at-13.38.53-1-565x800.jpeg 565w, https:\/\/wp.ufpel.edu.br\/leh\/files\/2024\/08\/WhatsApp-Image-2024-08-05-at-13.38.53-1-768x1087.jpeg 768w, https:\/\/wp.ufpel.edu.br\/leh\/files\/2024\/08\/WhatsApp-Image-2024-08-05-at-13.38.53-1.jpeg 904w\" sizes=\"auto, (max-width: 283px) 100vw, 283px\" \/> Os Cadernos Tem\u00e1ticos do LEH, Projeto do Laborat\u00f3rio de Ensino de Hist\u00f3ria (LEH\/UFPel), lan\u00e7am sua terceira edi\u00e7\u00e3o intitulada:\u00a0 <strong>Lei 10.639\/03, vinte anos existindo e resistindo.<\/strong><\/p>\n<p style=\"text-align: justify;\">\u00a0Neste Caderno Tem\u00e1tico comemorativo aos 20 anos da Lei n\u00ba 10.639\/03 que institui a obrigatoriedade do ensino da cultura africana e afro-brasileira na Educa\u00e7\u00e3o B\u00e1sica, buscou-se como tema gerador \u201cO continente Africano e as africanidades que observamos diariamente&#8221;. o caderno conta com a organiza\u00e7\u00e3o das professoras: Cl\u00e1udia Duarte, K\u00e1tia Flores Fontoura e Alessandra Gasparotto.<\/p>\n<p style=\"text-align: justify;\">O E-book est\u00e1 dispon\u00edvel para download no site da editora:<\/p>\n<p style=\"text-align: justify;\"><a href=\"https:\/\/www.casaletras.com\/cadernosleh\">\u00a0https:\/\/www.casaletras.com\/cadernosleh<\/a><\/p>\n","protected":false},"excerpt":{"rendered":"<p>Os Cadernos Tem\u00e1ticos do LEH, Projeto do Laborat\u00f3rio de Ensino de Hist\u00f3ria (LEH\/UFPel), lan\u00e7am sua terceira edi\u00e7\u00e3o intitulada:\u00a0 Lei 10.639\/03, vinte anos existindo e resistindo. \u00a0Neste Caderno Tem\u00e1tico comemorativo aos 20 anos da Lei n\u00ba 10.639\/03 que institui a obrigatoriedade &hellip; <a href=\"https:\/\/wp.ufpel.edu.br\/leh\/2024\/08\/16\/lancamento-cadernos-tematicos-do-leh-v-3\/\">Continue lendo <span class=\"meta-nav\">&rarr;<\/span><\/a><\/p>\n","protected":false},"author":778,"featured_media":0,"comment_status":"closed","ping_status":"closed","sticky":false,"template":"","format":"standard","meta":{"footnotes":""},"categories":[1],"tags":[],"class_list":["post-2636","post","type-post","status-publish","format-standard","hentry","category-noticias"],"jetpack_featured_media_url":"","_links":{"self":[{"href":"https:\/\/wp.ufpel.edu.br\/leh\/wp-json\/wp\/v2\/posts\/2636","targetHints":{"allow":["GET"]}}],"collection":[{"href":"https:\/\/wp.ufpel.edu.br\/leh\/wp-json\/wp\/v2\/posts"}],"about":[{"href":"https:\/\/wp.ufpel.edu.br\/leh\/wp-json\/wp\/v2\/types\/post"}],"author":[{"embeddable":true,"href":"https:\/\/wp.ufpel.edu.br\/leh\/wp-json\/wp\/v2\/users\/778"}],"replies":[{"embeddable":true,"href":"https:\/\/wp.ufpel.edu.br\/leh\/wp-json\/wp\/v2\/comments?post=2636"}],"version-history":[{"count":3,"href":"https:\/\/wp.ufpel.edu.br\/leh\/wp-json\/wp\/v2\/posts\/2636\/revisions"}],"predecessor-version":[{"id":2666,"href":"https:\/\/wp.ufpel.edu.br\/leh\/wp-json\/wp\/v2\/posts\/2636\/revisions\/2666"}],"wp:attachment":[{"href":"https:\/\/wp.ufpel.edu.br\/leh\/wp-json\/wp\/v2\/media?parent=2636"}],"wp:term":[{"taxonomy":"category","embeddable":true,"href":"https:\/\/wp.ufpel.edu.br\/leh\/wp-json\/wp\/v2\/categories?post=2636"},{"taxonomy":"post_tag","embeddable":true,"href":"https:\/\/wp.ufpel.edu.br\/leh\/wp-json\/wp\/v2\/tags?post=2636"}],"curies":[{"name":"wp","href":"https:\/\/api.w.org\/{rel}","templated":true}]}}