{"id":263,"date":"2017-10-19T14:07:25","date_gmt":"2017-10-19T16:07:25","guid":{"rendered":"https:\/\/wp.ufpel.edu.br\/leh\/?p=263"},"modified":"2017-10-20T14:18:26","modified_gmt":"2017-10-20T16:18:26","slug":"oficina-sobre-escravidao-no-brasil-com-estudantes-do-colegio-tiradentes-da-brigada-militar","status":"publish","type":"post","link":"https:\/\/wp.ufpel.edu.br\/leh\/2017\/10\/19\/oficina-sobre-escravidao-no-brasil-com-estudantes-do-colegio-tiradentes-da-brigada-militar\/","title":{"rendered":"Oficina sobre escravid\u00e3o no Brasil com estudantes do Col\u00e9gio Tiradentes da Brigada Militar"},"content":{"rendered":"<p>O LEH deu in\u00edcio \u00e0s atividades de ensino que t\u00eam por objetivo receber as escolas de Educa\u00e7\u00e3o B\u00e1sica em seu espa\u00e7o, ontem (18\/10) os estudantes do Col\u00e9gio Tiradentes da Brigada Militar realizaram essa visita ao Laborat\u00f3rio, participaram de uma oficina sobre escravid\u00e3o no Brasil e problematizaram a produ\u00e7\u00e3o do conhecimento hist\u00f3rico.<br \/>\nPara entenderem mais sobre ambos os temas, os estudantes analisaram documentos e fotos sobre o per\u00edodo da escravid\u00e3o, com cartas de alforria, testamentos e imagens de pinturas e revistas da \u00e9poca que traziam tanto a realidade dos negros como seus movimentos de resist\u00eancia.<br \/>\nAgradecemos a presen\u00e7a dos estudantes e do docente respons\u00e1vel, Professor Rog\u00e9rio Brasil.<\/p>\n<p style=\"text-align: center\"><img loading=\"lazy\" decoding=\"async\" class=\"alignnone size-medium wp-image-268\" src=\"https:\/\/wp.ufpel.edu.br\/leh\/files\/2017\/10\/20171018_151704-400x225.jpg\" alt=\"\" width=\"400\" height=\"225\" \/><\/p>\n<p><img loading=\"lazy\" decoding=\"async\" class=\"alignnone size-medium wp-image-266 aligncenter\" src=\"https:\/\/wp.ufpel.edu.br\/leh\/files\/2017\/10\/20171018_152233-400x225.jpg\" alt=\"\" width=\"400\" height=\"225\" \/><img loading=\"lazy\" decoding=\"async\" class=\"alignnone size-medium wp-image-267 aligncenter\" src=\"https:\/\/wp.ufpel.edu.br\/leh\/files\/2017\/10\/22491465_754218251454902_5486812326414349447_n-400x300.jpg\" alt=\"\" width=\"400\" height=\"300\" srcset=\"https:\/\/wp.ufpel.edu.br\/leh\/files\/2017\/10\/22491465_754218251454902_5486812326414349447_n-400x300.jpg 400w, https:\/\/wp.ufpel.edu.br\/leh\/files\/2017\/10\/22491465_754218251454902_5486812326414349447_n-768x576.jpg 768w, https:\/\/wp.ufpel.edu.br\/leh\/files\/2017\/10\/22491465_754218251454902_5486812326414349447_n.jpg 960w\" sizes=\"auto, (max-width: 400px) 100vw, 400px\" \/><\/p>\n","protected":false},"excerpt":{"rendered":"<p>O LEH deu in\u00edcio \u00e0s atividades de ensino que t\u00eam por objetivo receber as escolas de Educa\u00e7\u00e3o B\u00e1sica em seu espa\u00e7o, ontem (18\/10) os estudantes do Col\u00e9gio Tiradentes da Brigada Militar realizaram essa visita ao Laborat\u00f3rio, participaram de uma oficina &hellip; <a href=\"https:\/\/wp.ufpel.edu.br\/leh\/2017\/10\/19\/oficina-sobre-escravidao-no-brasil-com-estudantes-do-colegio-tiradentes-da-brigada-militar\/\">Continue lendo <span class=\"meta-nav\">&rarr;<\/span><\/a><\/p>\n","protected":false},"author":806,"featured_media":0,"comment_status":"closed","ping_status":"closed","sticky":false,"template":"","format":"standard","meta":{"footnotes":""},"categories":[1],"tags":[],"class_list":["post-263","post","type-post","status-publish","format-standard","hentry","category-noticias"],"jetpack_featured_media_url":"","_links":{"self":[{"href":"https:\/\/wp.ufpel.edu.br\/leh\/wp-json\/wp\/v2\/posts\/263","targetHints":{"allow":["GET"]}}],"collection":[{"href":"https:\/\/wp.ufpel.edu.br\/leh\/wp-json\/wp\/v2\/posts"}],"about":[{"href":"https:\/\/wp.ufpel.edu.br\/leh\/wp-json\/wp\/v2\/types\/post"}],"author":[{"embeddable":true,"href":"https:\/\/wp.ufpel.edu.br\/leh\/wp-json\/wp\/v2\/users\/806"}],"replies":[{"embeddable":true,"href":"https:\/\/wp.ufpel.edu.br\/leh\/wp-json\/wp\/v2\/comments?post=263"}],"version-history":[{"count":3,"href":"https:\/\/wp.ufpel.edu.br\/leh\/wp-json\/wp\/v2\/posts\/263\/revisions"}],"predecessor-version":[{"id":274,"href":"https:\/\/wp.ufpel.edu.br\/leh\/wp-json\/wp\/v2\/posts\/263\/revisions\/274"}],"wp:attachment":[{"href":"https:\/\/wp.ufpel.edu.br\/leh\/wp-json\/wp\/v2\/media?parent=263"}],"wp:term":[{"taxonomy":"category","embeddable":true,"href":"https:\/\/wp.ufpel.edu.br\/leh\/wp-json\/wp\/v2\/categories?post=263"},{"taxonomy":"post_tag","embeddable":true,"href":"https:\/\/wp.ufpel.edu.br\/leh\/wp-json\/wp\/v2\/tags?post=263"}],"curies":[{"name":"wp","href":"https:\/\/api.w.org\/{rel}","templated":true}]}}