{"id":2617,"date":"2024-07-29T18:22:31","date_gmt":"2024-07-29T21:22:31","guid":{"rendered":"https:\/\/wp.ufpel.edu.br\/leh\/?p=2617"},"modified":"2024-12-18T02:11:09","modified_gmt":"2024-12-18T05:11:09","slug":"roda-de-conversa-sobre-juventudes-e-ensino-medio-com-o-prof-dr-ricardo-severo-furg","status":"publish","type":"post","link":"https:\/\/wp.ufpel.edu.br\/leh\/2024\/07\/29\/roda-de-conversa-sobre-juventudes-e-ensino-medio-com-o-prof-dr-ricardo-severo-furg\/","title":{"rendered":"Roda de conversa sobre juventudes e ensino m\u00e9dio, com o Prof. Dr. Ricardo Severo (FURG)"},"content":{"rendered":"<p style=\"text-align: justify;\"><span style=\"font-size: 12pt; font-family: georgia, palatino, serif;\">No \u00faltimo dia 23\/07\/2024, os\/as estudantes da disciplina de Est\u00e1gio Supervisionado no Ensino M\u00e9dio II participaram de uma roda de conversa com o prof. Ricardo Severo (FURG) sobre o tema &#8220;juventudes e ensino m\u00e9dio&#8221;. Na ocasi\u00e3o, o prof. Ricardo abordou diferentes aspectos desenvolvidos em suas pesquisas referente ao perfil identit\u00e1rio dos jovens estudantes da atualidade, os dilemas e quest\u00f5es que envolvem suas rela\u00e7\u00f5es e intera\u00e7\u00f5es entre escola e sociedade. Tamb\u00e9m abordou-se algumas tem\u00e1ticas relativas \u00e0 reforma do ensino m\u00e9dio e suas implica\u00e7\u00f5es para a vida dos jovens estudantes.<\/span><\/p>\n<p style=\"text-align: justify;\"><span style=\"font-family: arial, helvetica, sans-serif; font-size: 12pt;\">A atividade foi coordenada pelos docentes Alessandra Gasparotto e Wilian Bonete<\/span><\/p>\n<p style=\"text-align: justify;\"><span style=\"font-family: arial, helvetica, sans-serif; font-size: 12pt;\">Para conhecer mais sobre os trabalhos do Prof. Dr. Ricardo Severo, acesse o link abaixo:<\/span><\/p>\n<p style=\"text-align: justify;\"><span style=\"font-family: arial, helvetica, sans-serif; font-size: 12pt;\">\u00a0<a href=\"https:\/\/scholar.google.com.br\/citations?user=8Erp5XcAAAAJ&amp;hl=pt-BR\" target=\"_blank\" rel=\"noopener\" data-saferedirecturl=\"https:\/\/www.google.com\/url?q=https:\/\/scholar.google.com.br\/citations?user%3D8Erp5XcAAAAJ%26hl%3Dpt-BR&amp;source=gmail&amp;ust=1722361794993000&amp;usg=AOvVaw3fpl-P9t5Ynap4cWEF8P8U\">https:\/\/scholar.google.<wbr \/>com.br\/citations?user=<wbr \/>8Erp5XcAAAAJ&amp;hl=pt-BR<\/a><\/span><\/p>\n<div style=\"text-align: justify;\"><img loading=\"lazy\" decoding=\"async\" class=\"alignleft size-thumbnail wp-image-2623\" src=\"https:\/\/wp.ufpel.edu.br\/leh\/files\/2024\/07\/WhatsApp-Image-2024-07-30-at-14.49.42-200x200.jpeg\" alt=\"\" width=\"200\" height=\"200\" \/> <img loading=\"lazy\" decoding=\"async\" class=\"alignleft size-thumbnail wp-image-2624\" src=\"https:\/\/wp.ufpel.edu.br\/leh\/files\/2024\/07\/WhatsApp-Image-2024-07-30-at-14.49.42-1-200x200.jpeg\" alt=\"\" width=\"200\" height=\"200\" \/><\/div>\n","protected":false},"excerpt":{"rendered":"<p>No \u00faltimo dia 23\/07\/2024, os\/as estudantes da disciplina de Est\u00e1gio Supervisionado no Ensino M\u00e9dio II participaram de uma roda de conversa com o prof. Ricardo Severo (FURG) sobre o tema &#8220;juventudes e ensino m\u00e9dio&#8221;. Na ocasi\u00e3o, o prof. Ricardo abordou &hellip; <a href=\"https:\/\/wp.ufpel.edu.br\/leh\/2024\/07\/29\/roda-de-conversa-sobre-juventudes-e-ensino-medio-com-o-prof-dr-ricardo-severo-furg\/\">Continue lendo <span class=\"meta-nav\">&rarr;<\/span><\/a><\/p>\n","protected":false},"author":778,"featured_media":0,"comment_status":"closed","ping_status":"closed","sticky":false,"template":"","format":"standard","meta":{"footnotes":""},"categories":[1],"tags":[],"class_list":["post-2617","post","type-post","status-publish","format-standard","hentry","category-noticias"],"jetpack_featured_media_url":"","_links":{"self":[{"href":"https:\/\/wp.ufpel.edu.br\/leh\/wp-json\/wp\/v2\/posts\/2617","targetHints":{"allow":["GET"]}}],"collection":[{"href":"https:\/\/wp.ufpel.edu.br\/leh\/wp-json\/wp\/v2\/posts"}],"about":[{"href":"https:\/\/wp.ufpel.edu.br\/leh\/wp-json\/wp\/v2\/types\/post"}],"author":[{"embeddable":true,"href":"https:\/\/wp.ufpel.edu.br\/leh\/wp-json\/wp\/v2\/users\/778"}],"replies":[{"embeddable":true,"href":"https:\/\/wp.ufpel.edu.br\/leh\/wp-json\/wp\/v2\/comments?post=2617"}],"version-history":[{"count":9,"href":"https:\/\/wp.ufpel.edu.br\/leh\/wp-json\/wp\/v2\/posts\/2617\/revisions"}],"predecessor-version":[{"id":2669,"href":"https:\/\/wp.ufpel.edu.br\/leh\/wp-json\/wp\/v2\/posts\/2617\/revisions\/2669"}],"wp:attachment":[{"href":"https:\/\/wp.ufpel.edu.br\/leh\/wp-json\/wp\/v2\/media?parent=2617"}],"wp:term":[{"taxonomy":"category","embeddable":true,"href":"https:\/\/wp.ufpel.edu.br\/leh\/wp-json\/wp\/v2\/categories?post=2617"},{"taxonomy":"post_tag","embeddable":true,"href":"https:\/\/wp.ufpel.edu.br\/leh\/wp-json\/wp\/v2\/tags?post=2617"}],"curies":[{"name":"wp","href":"https:\/\/api.w.org\/{rel}","templated":true}]}}