{"id":2601,"date":"2024-06-27T13:08:26","date_gmt":"2024-06-27T16:08:26","guid":{"rendered":"https:\/\/wp.ufpel.edu.br\/leh\/?p=2601"},"modified":"2024-12-18T02:14:31","modified_gmt":"2024-12-18T05:14:31","slug":"leh-indica","status":"publish","type":"post","link":"https:\/\/wp.ufpel.edu.br\/leh\/2024\/06\/27\/leh-indica\/","title":{"rendered":"LEH indica &#8211; E-book &#8211; Hist\u00f3ria do ensino de Hist\u00f3ria: Projetos de Na\u00e7\u00e3o, Materiais Did\u00e1ticos e Trajet\u00f3rias docentes"},"content":{"rendered":"<p style=\"text-align: justify;\"><img loading=\"lazy\" decoding=\"async\" class=\"alignleft size-full wp-image-1791\" src=\"https:\/\/wp.ufpel.edu.br\/leh\/files\/2022\/07\/historia-do-ensino-de-historia-1.jpg\" alt=\"\" width=\"287\" height=\"400\" \/><strong>Hist\u00f3ria do ensino de Hist\u00f3ria: Projetos de Na\u00e7\u00e3o, Materiais Did\u00e1ticos e Trajet\u00f3rias docentes.<\/strong><\/p>\n<p style=\"text-align: justify;\">Organizadores: Jo\u00e3o Paulo Gama Oliveira; Lisiane Sias Manke e Magno Francisco de Jesus Santos<\/p>\n<p style=\"text-align: justify;\">O livro \u00e9 uma produ\u00e7\u00e3o interinstitucional, que congrega pesquisadores\/as de distintas institui\u00e7\u00f5es de ensino do Brasil, a saber: UERN, Unicamp, UFG, UFMT, UFPel, UFRN, UFRGS, UFS e Unit, com pref\u00e1cio de Tha\u00eds N\u00edvia Lima e Fonseca (UFMG). A obra re\u00fane um diversificado conjunto de quest\u00f5es que colocam em tela o ensino de hist\u00f3ria em diferentes perspectivas.<\/p>\n<p>&nbsp;<\/p>\n<p style=\"text-align: justify;\"><a href=\"https:\/\/drive.google.com\/file\/d\/1ZJk6hoUQ0SfKzOuXF7YOq1mJiYbGpnpN\/view?usp=sharing\">Acesse diretamente a obra clicando aqui.<\/a><\/p>\n<p style=\"text-align: justify;\"><a href=\"http:\/\/edupe.com.br\/produto.php?codigo=130\">Acesse o E-book pelo site da Editora clicando aqui.<\/a><\/p>\n","protected":false},"excerpt":{"rendered":"<p>Hist\u00f3ria do ensino de Hist\u00f3ria: Projetos de Na\u00e7\u00e3o, Materiais Did\u00e1ticos e Trajet\u00f3rias docentes. Organizadores: Jo\u00e3o Paulo Gama Oliveira; Lisiane Sias Manke e Magno Francisco de Jesus Santos O livro \u00e9 uma produ\u00e7\u00e3o interinstitucional, que congrega pesquisadores\/as de distintas institui\u00e7\u00f5es de &hellip; <a href=\"https:\/\/wp.ufpel.edu.br\/leh\/2024\/06\/27\/leh-indica\/\">Continue lendo <span class=\"meta-nav\">&rarr;<\/span><\/a><\/p>\n","protected":false},"author":778,"featured_media":0,"comment_status":"closed","ping_status":"closed","sticky":false,"template":"","format":"standard","meta":{"footnotes":""},"categories":[1],"tags":[],"class_list":["post-2601","post","type-post","status-publish","format-standard","hentry","category-noticias"],"jetpack_featured_media_url":"","_links":{"self":[{"href":"https:\/\/wp.ufpel.edu.br\/leh\/wp-json\/wp\/v2\/posts\/2601","targetHints":{"allow":["GET"]}}],"collection":[{"href":"https:\/\/wp.ufpel.edu.br\/leh\/wp-json\/wp\/v2\/posts"}],"about":[{"href":"https:\/\/wp.ufpel.edu.br\/leh\/wp-json\/wp\/v2\/types\/post"}],"author":[{"embeddable":true,"href":"https:\/\/wp.ufpel.edu.br\/leh\/wp-json\/wp\/v2\/users\/778"}],"replies":[{"embeddable":true,"href":"https:\/\/wp.ufpel.edu.br\/leh\/wp-json\/wp\/v2\/comments?post=2601"}],"version-history":[{"count":6,"href":"https:\/\/wp.ufpel.edu.br\/leh\/wp-json\/wp\/v2\/posts\/2601\/revisions"}],"predecessor-version":[{"id":2670,"href":"https:\/\/wp.ufpel.edu.br\/leh\/wp-json\/wp\/v2\/posts\/2601\/revisions\/2670"}],"wp:attachment":[{"href":"https:\/\/wp.ufpel.edu.br\/leh\/wp-json\/wp\/v2\/media?parent=2601"}],"wp:term":[{"taxonomy":"category","embeddable":true,"href":"https:\/\/wp.ufpel.edu.br\/leh\/wp-json\/wp\/v2\/categories?post=2601"},{"taxonomy":"post_tag","embeddable":true,"href":"https:\/\/wp.ufpel.edu.br\/leh\/wp-json\/wp\/v2\/tags?post=2601"}],"curies":[{"name":"wp","href":"https:\/\/api.w.org\/{rel}","templated":true}]}}