{"id":2350,"date":"2023-09-22T08:15:02","date_gmt":"2023-09-22T11:15:02","guid":{"rendered":"https:\/\/wp.ufpel.edu.br\/leh\/?p=2350"},"modified":"2024-07-25T19:07:01","modified_gmt":"2024-07-25T22:07:01","slug":"visite-nosso-site-residencia-pedagogica-historia","status":"publish","type":"post","link":"https:\/\/wp.ufpel.edu.br\/leh\/2023\/09\/22\/visite-nosso-site-residencia-pedagogica-historia\/","title":{"rendered":"Visite nosso site Resid\u00eancia Pedag\u00f3gica Hist\u00f3ria"},"content":{"rendered":"<p style=\"text-align: justify;\"><span style=\"font-weight: 400; color: #000000;\"><span style=\"font-weight: 400;\"><img loading=\"lazy\" decoding=\"async\" class=\"alignleft wp-image-2403\" src=\"https:\/\/wp.ufpel.edu.br\/leh\/files\/2023\/09\/2-1.png\" alt=\"\" width=\"284\" height=\"284\" srcset=\"https:\/\/wp.ufpel.edu.br\/leh\/files\/2023\/09\/2-1.png 1080w, https:\/\/wp.ufpel.edu.br\/leh\/files\/2023\/09\/2-1-400x400.png 400w, https:\/\/wp.ufpel.edu.br\/leh\/files\/2023\/09\/2-1-800x800.png 800w, https:\/\/wp.ufpel.edu.br\/leh\/files\/2023\/09\/2-1-200x200.png 200w, https:\/\/wp.ufpel.edu.br\/leh\/files\/2023\/09\/2-1-768x768.png 768w\" sizes=\"auto, (max-width: 284px) 100vw, 284px\" \/>\ud83d\udcda\ud83d\udd70\ufe0f<\/span><\/span><span style=\"font-size: 12pt; color: #000000;\">Voc\u00ea j\u00e1 ouviu falar sobre o Programa de Resid\u00eancia Pedag\u00f3gica da UFPel? Ele \u00e9 um projeto institucional vinculado \u00e0 CAPES, que tem como objetivo aprimorar a forma\u00e7\u00e3o inicial de professores\/as. E adivinha s\u00f3? Agora, mais do que nunca, \u00e9 o momento para voc\u00ea conhecer mais sobre esse projeto.<\/span><!--more--><\/p>\n<div style=\"text-align: justify;\"><span style=\"font-size: 12pt; color: #000000;\">\u00a0 No n\u00facleo de Hist\u00f3ria do Programa Resid\u00eancia Pedag\u00f3gica da UFPel, estamos comprometidos em promover a aprendizagem hist\u00f3rica de forma cr\u00edtica e criativa. Nosso foco \u00e9 desenvolver a capacidade de orienta\u00e7\u00e3o no tempo (passado) e sobre o tempo (presente) dos estudantes, em harmonia com a cultura hist\u00f3rica que envolve a comunidade escolar. Buscamos tamb\u00e9m contribuir para a forma\u00e7\u00e3o da consci\u00eancia hist\u00f3rica dos estudantes, atrav\u00e9s de a\u00e7\u00f5es que promovam a compet\u00eancia leitora, utilizando estrat\u00e9gias de media\u00e7\u00e3o da leitura e intera\u00e7\u00e3o com textos de diversos formatos, g\u00eaneros e suportes.<\/span><\/div>\n<div style=\"text-align: justify;\"><span style=\"font-size: 12pt; color: #000000;\">\u00a0 \u00a0 \u00a0 \u00a0Voc\u00ea pode conhecer parte do trabalho que vem sendo realizado no \u00e2mbito do programa atrav\u00e9s dos materiais que disponibilizamos no nosso site. Acesse o site do Programa Resid\u00eancia Pedag\u00f3gica, n\u00facleo Hist\u00f3ria, da UFPel, em <span style=\"color: #3366ff;\"><a style=\"color: #3366ff;\" href=\"https:\/\/wp.ufpel.edu.br\/residenciapedagogica\/historia\/\">https:\/\/wp.ufpel.edu.br\/residenciapedagogica\/historia\/<\/a><\/span><\/span><\/div>\n<p>&nbsp;<\/p>\n","protected":false},"excerpt":{"rendered":"<p>\ud83d\udcda\ud83d\udd70\ufe0fVoc\u00ea j\u00e1 ouviu falar sobre o Programa de Resid\u00eancia Pedag\u00f3gica da UFPel? Ele \u00e9 um projeto institucional vinculado \u00e0 CAPES, que tem como objetivo aprimorar a forma\u00e7\u00e3o inicial de professores\/as. E adivinha s\u00f3? Agora, mais do que nunca, \u00e9 o &hellip; <a href=\"https:\/\/wp.ufpel.edu.br\/leh\/2023\/09\/22\/visite-nosso-site-residencia-pedagogica-historia\/\">Continue lendo <span class=\"meta-nav\">&rarr;<\/span><\/a><\/p>\n","protected":false},"author":778,"featured_media":0,"comment_status":"closed","ping_status":"closed","sticky":false,"template":"","format":"aside","meta":{"footnotes":""},"categories":[1],"tags":[],"class_list":["post-2350","post","type-post","status-publish","format-aside","hentry","category-noticias","post_format-post-format-aside"],"jetpack_featured_media_url":"","_links":{"self":[{"href":"https:\/\/wp.ufpel.edu.br\/leh\/wp-json\/wp\/v2\/posts\/2350","targetHints":{"allow":["GET"]}}],"collection":[{"href":"https:\/\/wp.ufpel.edu.br\/leh\/wp-json\/wp\/v2\/posts"}],"about":[{"href":"https:\/\/wp.ufpel.edu.br\/leh\/wp-json\/wp\/v2\/types\/post"}],"author":[{"embeddable":true,"href":"https:\/\/wp.ufpel.edu.br\/leh\/wp-json\/wp\/v2\/users\/778"}],"replies":[{"embeddable":true,"href":"https:\/\/wp.ufpel.edu.br\/leh\/wp-json\/wp\/v2\/comments?post=2350"}],"version-history":[{"count":7,"href":"https:\/\/wp.ufpel.edu.br\/leh\/wp-json\/wp\/v2\/posts\/2350\/revisions"}],"predecessor-version":[{"id":2404,"href":"https:\/\/wp.ufpel.edu.br\/leh\/wp-json\/wp\/v2\/posts\/2350\/revisions\/2404"}],"wp:attachment":[{"href":"https:\/\/wp.ufpel.edu.br\/leh\/wp-json\/wp\/v2\/media?parent=2350"}],"wp:term":[{"taxonomy":"category","embeddable":true,"href":"https:\/\/wp.ufpel.edu.br\/leh\/wp-json\/wp\/v2\/categories?post=2350"},{"taxonomy":"post_tag","embeddable":true,"href":"https:\/\/wp.ufpel.edu.br\/leh\/wp-json\/wp\/v2\/tags?post=2350"}],"curies":[{"name":"wp","href":"https:\/\/api.w.org\/{rel}","templated":true}]}}