{"id":2339,"date":"2023-09-18T22:29:09","date_gmt":"2023-09-19T01:29:09","guid":{"rendered":"https:\/\/wp.ufpel.edu.br\/leh\/?p=2339"},"modified":"2023-09-18T22:35:06","modified_gmt":"2023-09-19T01:35:06","slug":"dossie-tematico-o-ensino-de-historia-e-os-desafios-do-tempo-presente","status":"publish","type":"post","link":"https:\/\/wp.ufpel.edu.br\/leh\/2023\/09\/18\/dossie-tematico-o-ensino-de-historia-e-os-desafios-do-tempo-presente\/","title":{"rendered":"Dossi\u00ea tem\u00e1tico &#8220;O Ensino de Hist\u00f3ria e os desafios do tempo presente&#8221;"},"content":{"rendered":"<p style=\"text-align: justify;\"><span style=\"font-weight: 400;\"><span style=\"color: #000000;\"><img loading=\"lazy\" decoding=\"async\" class=\"alignleft wp-image-2341\" src=\"https:\/\/wp.ufpel.edu.br\/leh\/files\/2023\/09\/WhatsApp-Image-2023-09-18-at-21.22.22.jpeg\" alt=\"\" width=\"132\" height=\"186\" srcset=\"https:\/\/wp.ufpel.edu.br\/leh\/files\/2023\/09\/WhatsApp-Image-2023-09-18-at-21.22.22.jpeg 720w, https:\/\/wp.ufpel.edu.br\/leh\/files\/2023\/09\/WhatsApp-Image-2023-09-18-at-21.22.22-283x400.jpeg 283w, https:\/\/wp.ufpel.edu.br\/leh\/files\/2023\/09\/WhatsApp-Image-2023-09-18-at-21.22.22-565x800.jpeg 565w\" sizes=\"auto, (max-width: 132px) 100vw, 132px\" \/> <\/span><\/span><\/p>\n<p style=\"text-align: justify;\"><span style=\"font-weight: 400;\"><span style=\"color: #000000;\">\u00a0 \u00a0 \u00c9 com muita alegria que divulgamos o lan\u00e7amento do dossi\u00ea tem\u00e1tico intitulado &#8220;O Ensino de Hist\u00f3ria e os desafios do tempo presente: disputas de narrativas, m\u00eddias sociais e negacionismos&#8221;. <\/span><\/span><\/p>\n<p style=\"text-align: justify;\"><span style=\"font-weight: 400;\"><span style=\"color: #000000;\">\u00a0 \u00a0 \u00a0O dossi\u00ea foi publicado na Revista AEDOS (UFRGS), v. 15 n. 34 (2023), sendo organizado pelos docentes Lisiane Manke (UFPEL) e Arnaldo Martin Szlachta Junior (UFPE) e conta com excelentes textos, dispon\u00edvel para leitura e aprecia\u00e7\u00e3o no link<\/span> <a href=\"https:\/\/seer.ufrgs.br\/index.php\/aedos\/issue\/view\/4734\">https:\/\/seer.ufrgs.br\/index.php\/aedos\/issue\/view\/4734<\/a><\/span><!--more--><\/p>\n","protected":false},"excerpt":{"rendered":"<p>\u00a0 \u00a0 \u00c9 com muita alegria que divulgamos o lan\u00e7amento do dossi\u00ea tem\u00e1tico intitulado &#8220;O Ensino de Hist\u00f3ria e os desafios do tempo presente: disputas de narrativas, m\u00eddias sociais e negacionismos&#8221;. \u00a0 \u00a0 \u00a0O dossi\u00ea foi publicado na Revista AEDOS &hellip; <a href=\"https:\/\/wp.ufpel.edu.br\/leh\/2023\/09\/18\/dossie-tematico-o-ensino-de-historia-e-os-desafios-do-tempo-presente\/\">Continue lendo <span class=\"meta-nav\">&rarr;<\/span><\/a><\/p>\n","protected":false},"author":778,"featured_media":0,"comment_status":"closed","ping_status":"closed","sticky":false,"template":"","format":"standard","meta":{"footnotes":""},"categories":[1],"tags":[],"class_list":["post-2339","post","type-post","status-publish","format-standard","hentry","category-noticias"],"jetpack_featured_media_url":"","_links":{"self":[{"href":"https:\/\/wp.ufpel.edu.br\/leh\/wp-json\/wp\/v2\/posts\/2339","targetHints":{"allow":["GET"]}}],"collection":[{"href":"https:\/\/wp.ufpel.edu.br\/leh\/wp-json\/wp\/v2\/posts"}],"about":[{"href":"https:\/\/wp.ufpel.edu.br\/leh\/wp-json\/wp\/v2\/types\/post"}],"author":[{"embeddable":true,"href":"https:\/\/wp.ufpel.edu.br\/leh\/wp-json\/wp\/v2\/users\/778"}],"replies":[{"embeddable":true,"href":"https:\/\/wp.ufpel.edu.br\/leh\/wp-json\/wp\/v2\/comments?post=2339"}],"version-history":[{"count":4,"href":"https:\/\/wp.ufpel.edu.br\/leh\/wp-json\/wp\/v2\/posts\/2339\/revisions"}],"predecessor-version":[{"id":2345,"href":"https:\/\/wp.ufpel.edu.br\/leh\/wp-json\/wp\/v2\/posts\/2339\/revisions\/2345"}],"wp:attachment":[{"href":"https:\/\/wp.ufpel.edu.br\/leh\/wp-json\/wp\/v2\/media?parent=2339"}],"wp:term":[{"taxonomy":"category","embeddable":true,"href":"https:\/\/wp.ufpel.edu.br\/leh\/wp-json\/wp\/v2\/categories?post=2339"},{"taxonomy":"post_tag","embeddable":true,"href":"https:\/\/wp.ufpel.edu.br\/leh\/wp-json\/wp\/v2\/tags?post=2339"}],"curies":[{"name":"wp","href":"https:\/\/api.w.org\/{rel}","templated":true}]}}