{"id":2322,"date":"2023-07-31T19:27:18","date_gmt":"2023-07-31T22:27:18","guid":{"rendered":"https:\/\/wp.ufpel.edu.br\/leh\/?p=2322"},"modified":"2023-07-31T19:27:18","modified_gmt":"2023-07-31T22:27:18","slug":"comunicado-importante","status":"publish","type":"post","link":"https:\/\/wp.ufpel.edu.br\/leh\/2023\/07\/31\/comunicado-importante\/","title":{"rendered":"Comunicado importante"},"content":{"rendered":"<p><img loading=\"lazy\" decoding=\"async\" class=\"alignleft size-full wp-image-2311\" src=\"https:\/\/wp.ufpel.edu.br\/leh\/files\/2023\/06\/WhatsApp-Image-2023-06-30-at-11.44.43-e1688140029465.jpeg\" alt=\"\" width=\"200\" height=\"200\" \/>Devido a alta procura, a comiss\u00e3o organizadora da II Mostra de Ensino de Hist\u00f3ria e Pr\u00e1ticas Docentes \u2013 LEH\/UFPEL, optou por limitar o n\u00famero de inscri\u00e7\u00f5es para que possamos atender com qualidade a todas as salas de comunica\u00e7\u00f5es. Desse modo, comunicamos que\u00a0<strong>restam apenas 5 vagas para apresenta\u00e7\u00f5es de trabalho no formato virtual! <\/strong>Quanto ao formato presencial, as vagas seguem abertas. Para maiores informa\u00e7\u00f5es, <span style=\"color: #3366ff;\"><a style=\"color: #3366ff;\" href=\"https:\/\/wp.ufpel.edu.br\/iimostradeensinodehistoria\/\">clique neste link.<\/a><\/span><\/p>\n","protected":false},"excerpt":{"rendered":"<p>Devido a alta procura, a comiss\u00e3o organizadora da II Mostra de Ensino de Hist\u00f3ria e Pr\u00e1ticas Docentes \u2013 LEH\/UFPEL, optou por limitar o n\u00famero de inscri\u00e7\u00f5es para que possamos atender com qualidade a todas as salas de comunica\u00e7\u00f5es. Desse modo, &hellip; <a href=\"https:\/\/wp.ufpel.edu.br\/leh\/2023\/07\/31\/comunicado-importante\/\">Continue lendo <span class=\"meta-nav\">&rarr;<\/span><\/a><\/p>\n","protected":false},"author":778,"featured_media":0,"comment_status":"closed","ping_status":"closed","sticky":false,"template":"","format":"standard","meta":{"footnotes":""},"categories":[1],"tags":[],"class_list":["post-2322","post","type-post","status-publish","format-standard","hentry","category-noticias"],"jetpack_featured_media_url":"","_links":{"self":[{"href":"https:\/\/wp.ufpel.edu.br\/leh\/wp-json\/wp\/v2\/posts\/2322","targetHints":{"allow":["GET"]}}],"collection":[{"href":"https:\/\/wp.ufpel.edu.br\/leh\/wp-json\/wp\/v2\/posts"}],"about":[{"href":"https:\/\/wp.ufpel.edu.br\/leh\/wp-json\/wp\/v2\/types\/post"}],"author":[{"embeddable":true,"href":"https:\/\/wp.ufpel.edu.br\/leh\/wp-json\/wp\/v2\/users\/778"}],"replies":[{"embeddable":true,"href":"https:\/\/wp.ufpel.edu.br\/leh\/wp-json\/wp\/v2\/comments?post=2322"}],"version-history":[{"count":1,"href":"https:\/\/wp.ufpel.edu.br\/leh\/wp-json\/wp\/v2\/posts\/2322\/revisions"}],"predecessor-version":[{"id":2324,"href":"https:\/\/wp.ufpel.edu.br\/leh\/wp-json\/wp\/v2\/posts\/2322\/revisions\/2324"}],"wp:attachment":[{"href":"https:\/\/wp.ufpel.edu.br\/leh\/wp-json\/wp\/v2\/media?parent=2322"}],"wp:term":[{"taxonomy":"category","embeddable":true,"href":"https:\/\/wp.ufpel.edu.br\/leh\/wp-json\/wp\/v2\/categories?post=2322"},{"taxonomy":"post_tag","embeddable":true,"href":"https:\/\/wp.ufpel.edu.br\/leh\/wp-json\/wp\/v2\/tags?post=2322"}],"curies":[{"name":"wp","href":"https:\/\/api.w.org\/{rel}","templated":true}]}}