{"id":2309,"date":"2023-06-30T12:47:41","date_gmt":"2023-06-30T15:47:41","guid":{"rendered":"https:\/\/wp.ufpel.edu.br\/leh\/?p=2309"},"modified":"2023-06-30T16:07:10","modified_gmt":"2023-06-30T19:07:10","slug":"vem-ai-a-ii-mostra-de-ensino-de-historia-e-praticas-docentes","status":"publish","type":"post","link":"https:\/\/wp.ufpel.edu.br\/leh\/2023\/06\/30\/vem-ai-a-ii-mostra-de-ensino-de-historia-e-praticas-docentes\/","title":{"rendered":"Vem a\u00ed a II Mostra de Ensino de Hist\u00f3ria e Pr\u00e1ticas Docentes"},"content":{"rendered":"<p style=\"text-align: justify;\"><img loading=\"lazy\" decoding=\"async\" class=\"alignleft size-full wp-image-2311\" src=\"https:\/\/wp.ufpel.edu.br\/leh\/files\/2023\/06\/WhatsApp-Image-2023-06-30-at-11.44.43-e1688140029465.jpeg\" alt=\"\" width=\"200\" height=\"200\" \/>Ol\u00e1, prezados\/as professores, professoras e estudantes! \u00c9 com imensa satisfa\u00e7\u00e3o que convidamos a todos para a II Mostra de Ensino de Hist\u00f3ria e Pr\u00e1ticas Docentes, que acontecer\u00e1 nos dias 15 e 16 de agosto, em formato h\u00edbrido, na cidade de Pelotas, RS. Estudantes e professores ter\u00e3o a oportunidade de aprimorar seus conhecimentos e compartilhar pr\u00e1ticas inovadoras no campo do ensino de Hist\u00f3ria, sendo essa uma oportunidade valiosa para ampliar horizontes, conhecer pr\u00e1ticas pedag\u00f3gicas inovadoras e estabelecer conex\u00f5es com profissionais engajados na \u00e1rea. Neste ano, o evento contar\u00e1 com a confer\u00eancia da Professora Dr\u00aa Al\u00e9xia P\u00e1dua Franco (UFU), com duas manh\u00e3s destinadas \u00e0s comunica\u00e7\u00f5es em formato virtual (apenas para quem reside em Pelotas, RS), com duas tardes para atividades denominadas de trocas de saberes e uma noite reservada para sess\u00f5es de comunica\u00e7\u00f5es presenciais. Saiba mais em <a href=\"https:\/\/wp.ufpel.edu.br\/iimostradeensinodehistoria\/\">https:\/\/wp.ufpel.edu.br\/iimostradeensinodehistoria\/<\/a><!--more--><\/p>\n","protected":false},"excerpt":{"rendered":"<p>Ol\u00e1, prezados\/as professores, professoras e estudantes! \u00c9 com imensa satisfa\u00e7\u00e3o que convidamos a todos para a II Mostra de Ensino de Hist\u00f3ria e Pr\u00e1ticas Docentes, que acontecer\u00e1 nos dias 15 e 16 de agosto, em formato h\u00edbrido, na cidade de &hellip; <a href=\"https:\/\/wp.ufpel.edu.br\/leh\/2023\/06\/30\/vem-ai-a-ii-mostra-de-ensino-de-historia-e-praticas-docentes\/\">Continue lendo <span class=\"meta-nav\">&rarr;<\/span><\/a><\/p>\n","protected":false},"author":778,"featured_media":0,"comment_status":"closed","ping_status":"closed","sticky":false,"template":"","format":"standard","meta":{"footnotes":""},"categories":[4],"tags":[],"class_list":["post-2309","post","type-post","status-publish","format-standard","hentry","category-eventos"],"jetpack_featured_media_url":"","_links":{"self":[{"href":"https:\/\/wp.ufpel.edu.br\/leh\/wp-json\/wp\/v2\/posts\/2309","targetHints":{"allow":["GET"]}}],"collection":[{"href":"https:\/\/wp.ufpel.edu.br\/leh\/wp-json\/wp\/v2\/posts"}],"about":[{"href":"https:\/\/wp.ufpel.edu.br\/leh\/wp-json\/wp\/v2\/types\/post"}],"author":[{"embeddable":true,"href":"https:\/\/wp.ufpel.edu.br\/leh\/wp-json\/wp\/v2\/users\/778"}],"replies":[{"embeddable":true,"href":"https:\/\/wp.ufpel.edu.br\/leh\/wp-json\/wp\/v2\/comments?post=2309"}],"version-history":[{"count":3,"href":"https:\/\/wp.ufpel.edu.br\/leh\/wp-json\/wp\/v2\/posts\/2309\/revisions"}],"predecessor-version":[{"id":2314,"href":"https:\/\/wp.ufpel.edu.br\/leh\/wp-json\/wp\/v2\/posts\/2309\/revisions\/2314"}],"wp:attachment":[{"href":"https:\/\/wp.ufpel.edu.br\/leh\/wp-json\/wp\/v2\/media?parent=2309"}],"wp:term":[{"taxonomy":"category","embeddable":true,"href":"https:\/\/wp.ufpel.edu.br\/leh\/wp-json\/wp\/v2\/categories?post=2309"},{"taxonomy":"post_tag","embeddable":true,"href":"https:\/\/wp.ufpel.edu.br\/leh\/wp-json\/wp\/v2\/tags?post=2309"}],"curies":[{"name":"wp","href":"https:\/\/api.w.org\/{rel}","templated":true}]}}