{"id":2174,"date":"2023-04-14T15:59:35","date_gmt":"2023-04-14T18:59:35","guid":{"rendered":"https:\/\/wp.ufpel.edu.br\/leh\/?p=2174"},"modified":"2023-04-14T18:14:44","modified_gmt":"2023-04-14T21:14:44","slug":"estagiarios-realizam-a-organizacao-e-catalogacao-do-acervo-de-impressos-e-livros-didaticos-do-leh-ufpel","status":"publish","type":"post","link":"https:\/\/wp.ufpel.edu.br\/leh\/2023\/04\/14\/estagiarios-realizam-a-organizacao-e-catalogacao-do-acervo-de-impressos-e-livros-didaticos-do-leh-ufpel\/","title":{"rendered":"Estagi\u00e1rios realizam a organiza\u00e7\u00e3o e cataloga\u00e7\u00e3o do Acervo de Impressos e Livros Did\u00e1ticos do LEH\/UFPel"},"content":{"rendered":"<p>A organiza\u00e7\u00e3o e cataloga\u00e7\u00e3o do Acervo de Impressos e Livros Did\u00e1ticos do LEH\/UFPel, nesse semestre, acontece a partir da atua\u00e7\u00e3o dos estagi\u00e1rios da Disciplina de Organiza\u00e7\u00e3o de Arquivos hist\u00f3ricos. Nosso reconhecimento ao trabalho da Profa. Ana Klein e da\/os estudante\/s Anelise, Mara, Mateus e Tarso.<\/p>\n<div id='gallery-1' class='gallery galleryid-2174 gallery-columns-3 gallery-size-medium'><dl class='gallery-item'>\n\t\t\t<dt class='gallery-icon landscape'>\n\t\t\t\t<a href='https:\/\/wp.ufpel.edu.br\/leh\/2023\/04\/14\/estagiarios-realizam-a-organizacao-e-catalogacao-do-acervo-de-impressos-e-livros-didaticos-do-leh-ufpel\/whatsapp-image-2023-04-14-at-16-26-47\/'><img loading=\"lazy\" decoding=\"async\" width=\"400\" height=\"300\" src=\"https:\/\/wp.ufpel.edu.br\/leh\/files\/2023\/04\/WhatsApp-Image-2023-04-14-at-16.26.47-e1688234100723-400x300.jpeg\" class=\"attachment-medium size-medium\" alt=\"\" srcset=\"https:\/\/wp.ufpel.edu.br\/leh\/files\/2023\/04\/WhatsApp-Image-2023-04-14-at-16.26.47-e1688234100723-400x300.jpeg 400w, https:\/\/wp.ufpel.edu.br\/leh\/files\/2023\/04\/WhatsApp-Image-2023-04-14-at-16.26.47-e1688234100723-768x576.jpeg 768w, https:\/\/wp.ufpel.edu.br\/leh\/files\/2023\/04\/WhatsApp-Image-2023-04-14-at-16.26.47-e1688234100723.jpeg 816w\" sizes=\"auto, (max-width: 400px) 100vw, 400px\" \/><\/a>\n\t\t\t<\/dt><\/dl><dl class='gallery-item'>\n\t\t\t<dt class='gallery-icon portrait'>\n\t\t\t\t<a href='https:\/\/wp.ufpel.edu.br\/leh\/2023\/04\/14\/estagiarios-realizam-a-organizacao-e-catalogacao-do-acervo-de-impressos-e-livros-didaticos-do-leh-ufpel\/ana-005\/'><img loading=\"lazy\" decoding=\"async\" width=\"300\" height=\"400\" src=\"https:\/\/wp.ufpel.edu.br\/leh\/files\/2023\/04\/ana-005-e1688233671393-300x400.jpg\" class=\"attachment-medium size-medium\" alt=\"\" srcset=\"https:\/\/wp.ufpel.edu.br\/leh\/files\/2023\/04\/ana-005-e1688233671393-300x400.jpg 300w, https:\/\/wp.ufpel.edu.br\/leh\/files\/2023\/04\/ana-005-e1688233671393.jpg 612w\" sizes=\"auto, (max-width: 300px) 100vw, 300px\" \/><\/a>\n\t\t\t<\/dt><\/dl><dl class='gallery-item'>\n\t\t\t<dt class='gallery-icon portrait'>\n\t\t\t\t<a href='https:\/\/wp.ufpel.edu.br\/leh\/2023\/04\/14\/estagiarios-realizam-a-organizacao-e-catalogacao-do-acervo-de-impressos-e-livros-didaticos-do-leh-ufpel\/ana-006\/'><img loading=\"lazy\" decoding=\"async\" width=\"300\" height=\"400\" src=\"https:\/\/wp.ufpel.edu.br\/leh\/files\/2023\/04\/ana-006-e1688234060635-300x400.jpg\" class=\"attachment-medium size-medium\" alt=\"\" srcset=\"https:\/\/wp.ufpel.edu.br\/leh\/files\/2023\/04\/ana-006-e1688234060635-300x400.jpg 300w, https:\/\/wp.ufpel.edu.br\/leh\/files\/2023\/04\/ana-006-e1688234060635.jpg 612w\" sizes=\"auto, (max-width: 300px) 100vw, 300px\" \/><\/a>\n\t\t\t<\/dt><\/dl><br style=\"clear: both\" \/><dl class='gallery-item'>\n\t\t\t<dt class='gallery-icon portrait'>\n\t\t\t\t<a href='https:\/\/wp.ufpel.edu.br\/leh\/2023\/04\/14\/estagiarios-realizam-a-organizacao-e-catalogacao-do-acervo-de-impressos-e-livros-didaticos-do-leh-ufpel\/ana-003\/'><img loading=\"lazy\" decoding=\"async\" width=\"300\" height=\"400\" src=\"https:\/\/wp.ufpel.edu.br\/leh\/files\/2023\/04\/ana-003-300x400.jpg\" class=\"attachment-medium size-medium\" alt=\"\" srcset=\"https:\/\/wp.ufpel.edu.br\/leh\/files\/2023\/04\/ana-003-300x400.jpg 300w, https:\/\/wp.ufpel.edu.br\/leh\/files\/2023\/04\/ana-003-768x1024.jpg 768w, https:\/\/wp.ufpel.edu.br\/leh\/files\/2023\/04\/ana-003-1152x1536.jpg 1152w, https:\/\/wp.ufpel.edu.br\/leh\/files\/2023\/04\/ana-003.jpg 1200w\" sizes=\"auto, (max-width: 300px) 100vw, 300px\" \/><\/a>\n\t\t\t<\/dt><\/dl><dl class='gallery-item'>\n\t\t\t<dt class='gallery-icon portrait'>\n\t\t\t\t<a href='https:\/\/wp.ufpel.edu.br\/leh\/2023\/04\/14\/estagiarios-realizam-a-organizacao-e-catalogacao-do-acervo-de-impressos-e-livros-didaticos-do-leh-ufpel\/ana-002\/'><img loading=\"lazy\" decoding=\"async\" width=\"300\" height=\"400\" src=\"https:\/\/wp.ufpel.edu.br\/leh\/files\/2023\/04\/ana-002-e1688233655830-300x400.jpg\" class=\"attachment-medium size-medium\" alt=\"\" srcset=\"https:\/\/wp.ufpel.edu.br\/leh\/files\/2023\/04\/ana-002-e1688233655830-300x400.jpg 300w, https:\/\/wp.ufpel.edu.br\/leh\/files\/2023\/04\/ana-002-e1688233655830.jpg 612w\" sizes=\"auto, (max-width: 300px) 100vw, 300px\" \/><\/a>\n\t\t\t<\/dt><\/dl><dl class='gallery-item'>\n\t\t\t<dt class='gallery-icon portrait'>\n\t\t\t\t<a href='https:\/\/wp.ufpel.edu.br\/leh\/2023\/04\/14\/estagiarios-realizam-a-organizacao-e-catalogacao-do-acervo-de-impressos-e-livros-didaticos-do-leh-ufpel\/ana-004\/'><img loading=\"lazy\" decoding=\"async\" width=\"300\" height=\"400\" src=\"https:\/\/wp.ufpel.edu.br\/leh\/files\/2023\/04\/ana-004-e1688234514632-300x400.jpg\" class=\"attachment-medium size-medium\" alt=\"\" srcset=\"https:\/\/wp.ufpel.edu.br\/leh\/files\/2023\/04\/ana-004-e1688234514632-300x400.jpg 300w, https:\/\/wp.ufpel.edu.br\/leh\/files\/2023\/04\/ana-004-e1688234514632.jpg 612w\" sizes=\"auto, (max-width: 300px) 100vw, 300px\" \/><\/a>\n\t\t\t<\/dt><\/dl><br style=\"clear: both\" \/>\n\t\t<\/div>\n\n<p style=\"text-align: justify;\"><!--more--><\/p>\n<p style=\"text-align: justify;\">\n","protected":false},"excerpt":{"rendered":"<p>A organiza\u00e7\u00e3o e cataloga\u00e7\u00e3o do Acervo de Impressos e Livros Did\u00e1ticos do LEH\/UFPel, nesse semestre, acontece a partir da atua\u00e7\u00e3o dos estagi\u00e1rios da Disciplina de Organiza\u00e7\u00e3o de Arquivos hist\u00f3ricos. Nosso reconhecimento ao trabalho da Profa. Ana Klein e da\/os estudante\/s &hellip; <a href=\"https:\/\/wp.ufpel.edu.br\/leh\/2023\/04\/14\/estagiarios-realizam-a-organizacao-e-catalogacao-do-acervo-de-impressos-e-livros-didaticos-do-leh-ufpel\/\">Continue lendo <span class=\"meta-nav\">&rarr;<\/span><\/a><\/p>\n","protected":false},"author":778,"featured_media":0,"comment_status":"closed","ping_status":"closed","sticky":false,"template":"","format":"gallery","meta":{"footnotes":""},"categories":[1],"tags":[],"class_list":["post-2174","post","type-post","status-publish","format-gallery","hentry","category-noticias","post_format-post-format-gallery"],"jetpack_featured_media_url":"","_links":{"self":[{"href":"https:\/\/wp.ufpel.edu.br\/leh\/wp-json\/wp\/v2\/posts\/2174","targetHints":{"allow":["GET"]}}],"collection":[{"href":"https:\/\/wp.ufpel.edu.br\/leh\/wp-json\/wp\/v2\/posts"}],"about":[{"href":"https:\/\/wp.ufpel.edu.br\/leh\/wp-json\/wp\/v2\/types\/post"}],"author":[{"embeddable":true,"href":"https:\/\/wp.ufpel.edu.br\/leh\/wp-json\/wp\/v2\/users\/778"}],"replies":[{"embeddable":true,"href":"https:\/\/wp.ufpel.edu.br\/leh\/wp-json\/wp\/v2\/comments?post=2174"}],"version-history":[{"count":5,"href":"https:\/\/wp.ufpel.edu.br\/leh\/wp-json\/wp\/v2\/posts\/2174\/revisions"}],"predecessor-version":[{"id":2199,"href":"https:\/\/wp.ufpel.edu.br\/leh\/wp-json\/wp\/v2\/posts\/2174\/revisions\/2199"}],"wp:attachment":[{"href":"https:\/\/wp.ufpel.edu.br\/leh\/wp-json\/wp\/v2\/media?parent=2174"}],"wp:term":[{"taxonomy":"category","embeddable":true,"href":"https:\/\/wp.ufpel.edu.br\/leh\/wp-json\/wp\/v2\/categories?post=2174"},{"taxonomy":"post_tag","embeddable":true,"href":"https:\/\/wp.ufpel.edu.br\/leh\/wp-json\/wp\/v2\/tags?post=2174"}],"curies":[{"name":"wp","href":"https:\/\/api.w.org\/{rel}","templated":true}]}}