{"id":2163,"date":"2023-04-14T15:32:46","date_gmt":"2023-04-14T18:32:46","guid":{"rendered":"https:\/\/wp.ufpel.edu.br\/leh\/?p=2163"},"modified":"2023-04-14T21:05:14","modified_gmt":"2023-04-15T00:05:14","slug":"estudantes-do-curso-de-historia-recebem-a-visita-marisa-massone-professora-na-universidade-de-buenos-aires","status":"publish","type":"post","link":"https:\/\/wp.ufpel.edu.br\/leh\/2023\/04\/14\/estudantes-do-curso-de-historia-recebem-a-visita-marisa-massone-professora-na-universidade-de-buenos-aires\/","title":{"rendered":"Estudantes do curso de Hist\u00f3ria recebem a Profa. Marisa Massone, da Universidade de Buenos Aires"},"content":{"rendered":"<div dir=\"auto\"><\/div>\n<div dir=\"auto\" style=\"text-align: justify;\"><span style=\"font-size: 12pt; color: #000000;\">\u00a0 \u00a0 \u00a0Os estudantes do curso de Hist\u00f3ria e os participantes do PIBID e RP, receberam a ilustre visita da professora Marisa Massone, na segunda-feira, 03 de abril de 2023, na UFPEL, onde a educadora ministrou duas aulas, nos per\u00edodos tarde e noite, tendo como tem\u00e1tica as tecnologias digitais, cultura digital, Wikip\u00e9dia, al\u00e9m de pr\u00e1ticas de escrita e leitura. <\/span><\/div>\n<div dir=\"auto\" style=\"text-align: justify;\"><span style=\"font-size: 12pt; color: #000000;\">\u00a0 \u00a0 \u00a0 \u00a0Massone \u00e9 Graduada em Hist\u00f3ria pela Universidade de Buenos Aires(UBA), Especialista em Curr\u00edculo e Pr\u00e1ticas Escolares em Contexto (FLACSO), Especialista em Leitura, Escrita e Educa\u00e7\u00e3o (FLACSO). Possui\u00a0 Doutorado com orienta\u00e7\u00e3o em Educa\u00e7\u00e3o (UBA), sendo au tora de materiais escolares para alunos e professores do ensino fundamental e m\u00e9dio e de artigos acad\u00eamicos publicados em diversos congressos, revistas e livros. Atualmente participa de v\u00e1rios projetos de forma\u00e7\u00e3o de professores \u00e9 professora Adjunta Regular da cadeira de &#8220;Did\u00e1tica e Pr\u00e1ticas do Ensino de Hist\u00f3ria&#8221; na carreira de Hist\u00f3ria (Faculdade de Filosofia e Letras da Universidade de Buenos Aires), formadora de professores, gestores e bibliotec\u00e1rios da Escola de Professores (ex\u2013CePA), Minist\u00e9rio da Educa\u00e7\u00e3o do Governo da Cidade de Buenos Aires e assessora em Ci\u00eancias Sociais da Escuela Escocesa San Andr\u00e9s. Confira alguns registros do evento:<\/span><\/div>\n<div dir=\"auto\">\n<div id='gallery-1' class='gallery galleryid-2163 gallery-columns-3 gallery-size-thumbnail'><dl class='gallery-item'>\n\t\t\t<dt class='gallery-icon landscape'>\n\t\t\t\t<a href='https:\/\/wp.ufpel.edu.br\/leh\/2023\/04\/14\/estudantes-do-curso-de-historia-recebem-a-visita-marisa-massone-professora-na-universidade-de-buenos-aires\/marisa-massone-002-2\/'><img loading=\"lazy\" decoding=\"async\" width=\"200\" height=\"200\" src=\"https:\/\/wp.ufpel.edu.br\/leh\/files\/2023\/04\/Marisa-Massone-002-1-e1688233600530-200x200.jpg\" class=\"attachment-thumbnail size-thumbnail\" alt=\"\" \/><\/a>\n\t\t\t<\/dt><\/dl><dl class='gallery-item'>\n\t\t\t<dt class='gallery-icon portrait'>\n\t\t\t\t<a href='https:\/\/wp.ufpel.edu.br\/leh\/2023\/04\/14\/estudantes-do-curso-de-historia-recebem-a-visita-marisa-massone-professora-na-universidade-de-buenos-aires\/marisa-massone-004-2\/'><img loading=\"lazy\" decoding=\"async\" width=\"200\" height=\"200\" src=\"https:\/\/wp.ufpel.edu.br\/leh\/files\/2023\/04\/Marisa-Massone-004-1-200x200.jpg\" class=\"attachment-thumbnail size-thumbnail\" alt=\"\" \/><\/a>\n\t\t\t<\/dt><\/dl><dl class='gallery-item'>\n\t\t\t<dt class='gallery-icon landscape'>\n\t\t\t\t<a href='https:\/\/wp.ufpel.edu.br\/leh\/2023\/04\/14\/estudantes-do-curso-de-historia-recebem-a-visita-marisa-massone-professora-na-universidade-de-buenos-aires\/marisa-massone-003-2\/'><img loading=\"lazy\" decoding=\"async\" width=\"200\" height=\"200\" src=\"https:\/\/wp.ufpel.edu.br\/leh\/files\/2023\/04\/Marisa-Massone-003-1-200x200.jpg\" class=\"attachment-thumbnail size-thumbnail\" alt=\"\" \/><\/a>\n\t\t\t<\/dt><\/dl><br style=\"clear: both\" \/><dl class='gallery-item'>\n\t\t\t<dt class='gallery-icon portrait'>\n\t\t\t\t<a href='https:\/\/wp.ufpel.edu.br\/leh\/2023\/04\/14\/estudantes-do-curso-de-historia-recebem-a-visita-marisa-massone-professora-na-universidade-de-buenos-aires\/marisa-massone-001-2\/'><img loading=\"lazy\" decoding=\"async\" width=\"200\" height=\"200\" src=\"https:\/\/wp.ufpel.edu.br\/leh\/files\/2023\/04\/Marisa-Massone-001-1-e1688233615339-200x200.jpg\" class=\"attachment-thumbnail size-thumbnail\" alt=\"\" \/><\/a>\n\t\t\t<\/dt><\/dl><dl class='gallery-item'>\n\t\t\t<dt class='gallery-icon landscape'>\n\t\t\t\t<a href='https:\/\/wp.ufpel.edu.br\/leh\/2023\/04\/14\/estudantes-do-curso-de-historia-recebem-a-visita-marisa-massone-professora-na-universidade-de-buenos-aires\/whatsapp-image-2023-04-14-at-16-29-03\/'><img loading=\"lazy\" decoding=\"async\" width=\"200\" height=\"200\" src=\"https:\/\/wp.ufpel.edu.br\/leh\/files\/2023\/04\/WhatsApp-Image-2023-04-14-at-16.29.03-e1688234493468-200x200.jpeg\" class=\"attachment-thumbnail size-thumbnail\" alt=\"\" \/><\/a>\n\t\t\t<\/dt><\/dl><dl class='gallery-item'>\n\t\t\t<dt class='gallery-icon landscape'>\n\t\t\t\t<a href='https:\/\/wp.ufpel.edu.br\/leh\/2023\/04\/14\/estudantes-do-curso-de-historia-recebem-a-visita-marisa-massone-professora-na-universidade-de-buenos-aires\/marisa-massone-002a-2\/'><img loading=\"lazy\" decoding=\"async\" width=\"200\" height=\"200\" src=\"https:\/\/wp.ufpel.edu.br\/leh\/files\/2023\/04\/Marisa-Massone-002A-1-e1688233631469-200x200.png\" class=\"attachment-thumbnail size-thumbnail\" alt=\"\" \/><\/a>\n\t\t\t<\/dt><\/dl><br style=\"clear: both\" \/>\n\t\t<\/div>\n\n<\/div>\n<p><!--more--><\/p>\n<div dir=\"auto\"><\/div>\n","protected":false},"excerpt":{"rendered":"<p>\u00a0 \u00a0 \u00a0Os estudantes do curso de Hist\u00f3ria e os participantes do PIBID e RP, receberam a ilustre visita da professora Marisa Massone, na segunda-feira, 03 de abril de 2023, na UFPEL, onde a educadora ministrou duas aulas, nos per\u00edodos &hellip; <a href=\"https:\/\/wp.ufpel.edu.br\/leh\/2023\/04\/14\/estudantes-do-curso-de-historia-recebem-a-visita-marisa-massone-professora-na-universidade-de-buenos-aires\/\">Continue lendo <span class=\"meta-nav\">&rarr;<\/span><\/a><\/p>\n","protected":false},"author":778,"featured_media":0,"comment_status":"closed","ping_status":"closed","sticky":false,"template":"","format":"gallery","meta":{"footnotes":""},"categories":[1],"tags":[],"class_list":["post-2163","post","type-post","status-publish","format-gallery","hentry","category-noticias","post_format-post-format-gallery"],"jetpack_featured_media_url":"","_links":{"self":[{"href":"https:\/\/wp.ufpel.edu.br\/leh\/wp-json\/wp\/v2\/posts\/2163","targetHints":{"allow":["GET"]}}],"collection":[{"href":"https:\/\/wp.ufpel.edu.br\/leh\/wp-json\/wp\/v2\/posts"}],"about":[{"href":"https:\/\/wp.ufpel.edu.br\/leh\/wp-json\/wp\/v2\/types\/post"}],"author":[{"embeddable":true,"href":"https:\/\/wp.ufpel.edu.br\/leh\/wp-json\/wp\/v2\/users\/778"}],"replies":[{"embeddable":true,"href":"https:\/\/wp.ufpel.edu.br\/leh\/wp-json\/wp\/v2\/comments?post=2163"}],"version-history":[{"count":11,"href":"https:\/\/wp.ufpel.edu.br\/leh\/wp-json\/wp\/v2\/posts\/2163\/revisions"}],"predecessor-version":[{"id":2200,"href":"https:\/\/wp.ufpel.edu.br\/leh\/wp-json\/wp\/v2\/posts\/2163\/revisions\/2200"}],"wp:attachment":[{"href":"https:\/\/wp.ufpel.edu.br\/leh\/wp-json\/wp\/v2\/media?parent=2163"}],"wp:term":[{"taxonomy":"category","embeddable":true,"href":"https:\/\/wp.ufpel.edu.br\/leh\/wp-json\/wp\/v2\/categories?post=2163"},{"taxonomy":"post_tag","embeddable":true,"href":"https:\/\/wp.ufpel.edu.br\/leh\/wp-json\/wp\/v2\/tags?post=2163"}],"curies":[{"name":"wp","href":"https:\/\/api.w.org\/{rel}","templated":true}]}}