{"id":2109,"date":"2023-03-25T13:29:23","date_gmt":"2023-03-25T16:29:23","guid":{"rendered":"https:\/\/wp.ufpel.edu.br\/leh\/?p=2109"},"modified":"2023-03-25T16:36:19","modified_gmt":"2023-03-25T19:36:19","slug":"selecao-de-bolsista-modalidade-ead-para-atuacao-no-leh","status":"publish","type":"post","link":"https:\/\/wp.ufpel.edu.br\/leh\/2023\/03\/25\/selecao-de-bolsista-modalidade-ead-para-atuacao-no-leh\/","title":{"rendered":"Sele\u00e7\u00e3o de bolsista &#8211; modalidade EAD &#8211; para atua\u00e7\u00e3o no LEH"},"content":{"rendered":"<p>&nbsp;<\/p>\n<p style=\"text-align: justify;\"><a href=\"https:\/\/docs.google.com\/document\/d\/1CK4Fpb1AUELXkjIem3ofawq7Q8PzSopNw5GXeMDO-Yg\/edit?usp=sharing\"><img loading=\"lazy\" decoding=\"async\" class=\"wp-image-2117 aligncenter\" src=\"https:\/\/wp.ufpel.edu.br\/leh\/files\/2023\/03\/Blue-and-Yellow-Modern-Online-Delivery-Facebook-Ad-1-1.png\" alt=\"\" width=\"430\" height=\"225\" \/><\/a><\/p>\n<p style=\"text-align: justify;\">O laborat\u00f3rio de Ensino de Hist\u00f3ria (LEH) est\u00e1 com uma vaga para bolsista de extens\u00e3o para atua\u00e7\u00e3o em diferentes demandas dos projetos. A bolsa \u00e9 exclusiva para os\/as estudantes do cursos de Hist\u00f3ria, modalidade EAD.<\/p>\n<p style=\"text-align: justify;\">Os\/as interessados\/as devem acessar o link, ler com aten\u00e7\u00e3o a todas as informa\u00e7\u00f5es e submeter a inscri\u00e7\u00e3o.<\/p>\n<p style=\"text-align: justify;\">Per\u00edodo de inscri\u00e7\u00f5es: 26\/03 \u00e0 29\/03\/2023<\/p>\n<p style=\"text-align: justify;\">Entrevista: 30\/03\/2023.<\/p>\n<p style=\"text-align: justify;\">Resultado final: 31\/03\/2023<\/p>\n<p style=\"text-align: justify;\">Para acessar o edital completo e demais orienta\u00e7\u00f5es, <a href=\"https:\/\/docs.google.com\/document\/d\/1CK4Fpb1AUELXkjIem3ofawq7Q8PzSopNw5GXeMDO-Yg\/edit?usp=sharing\">clique aqui<\/a><\/p>\n<p style=\"text-align: right;\"><span style=\"font-size: 8pt;\">Publicado em 25\/03\/2023<\/span><\/p>\n","protected":false},"excerpt":{"rendered":"<p>&nbsp; O laborat\u00f3rio de Ensino de Hist\u00f3ria (LEH) est\u00e1 com uma vaga para bolsista de extens\u00e3o para atua\u00e7\u00e3o em diferentes demandas dos projetos. A bolsa \u00e9 exclusiva para os\/as estudantes do cursos de Hist\u00f3ria, modalidade EAD. Os\/as interessados\/as devem acessar &hellip; <a href=\"https:\/\/wp.ufpel.edu.br\/leh\/2023\/03\/25\/selecao-de-bolsista-modalidade-ead-para-atuacao-no-leh\/\">Continue lendo <span class=\"meta-nav\">&rarr;<\/span><\/a><\/p>\n","protected":false},"author":778,"featured_media":0,"comment_status":"closed","ping_status":"closed","sticky":false,"template":"","format":"gallery","meta":{"footnotes":""},"categories":[1],"tags":[],"class_list":["post-2109","post","type-post","status-publish","format-gallery","hentry","category-noticias","post_format-post-format-gallery"],"jetpack_featured_media_url":"","_links":{"self":[{"href":"https:\/\/wp.ufpel.edu.br\/leh\/wp-json\/wp\/v2\/posts\/2109","targetHints":{"allow":["GET"]}}],"collection":[{"href":"https:\/\/wp.ufpel.edu.br\/leh\/wp-json\/wp\/v2\/posts"}],"about":[{"href":"https:\/\/wp.ufpel.edu.br\/leh\/wp-json\/wp\/v2\/types\/post"}],"author":[{"embeddable":true,"href":"https:\/\/wp.ufpel.edu.br\/leh\/wp-json\/wp\/v2\/users\/778"}],"replies":[{"embeddable":true,"href":"https:\/\/wp.ufpel.edu.br\/leh\/wp-json\/wp\/v2\/comments?post=2109"}],"version-history":[{"count":6,"href":"https:\/\/wp.ufpel.edu.br\/leh\/wp-json\/wp\/v2\/posts\/2109\/revisions"}],"predecessor-version":[{"id":2121,"href":"https:\/\/wp.ufpel.edu.br\/leh\/wp-json\/wp\/v2\/posts\/2109\/revisions\/2121"}],"wp:attachment":[{"href":"https:\/\/wp.ufpel.edu.br\/leh\/wp-json\/wp\/v2\/media?parent=2109"}],"wp:term":[{"taxonomy":"category","embeddable":true,"href":"https:\/\/wp.ufpel.edu.br\/leh\/wp-json\/wp\/v2\/categories?post=2109"},{"taxonomy":"post_tag","embeddable":true,"href":"https:\/\/wp.ufpel.edu.br\/leh\/wp-json\/wp\/v2\/tags?post=2109"}],"curies":[{"name":"wp","href":"https:\/\/api.w.org\/{rel}","templated":true}]}}