{"id":2040,"date":"2023-01-03T00:30:52","date_gmt":"2023-01-03T03:30:52","guid":{"rendered":"https:\/\/wp.ufpel.edu.br\/leh\/?p=2040"},"modified":"2023-01-03T02:24:48","modified_gmt":"2023-01-03T05:24:48","slug":"vem-ai-a-xxvi-jornada-de-ensino-de-historia-e-educacao-gt-de-ensino-anpuh-rs-marco-de-2023","status":"publish","type":"post","link":"https:\/\/wp.ufpel.edu.br\/leh\/2023\/01\/03\/vem-ai-a-xxvi-jornada-de-ensino-de-historia-e-educacao-gt-de-ensino-anpuh-rs-marco-de-2023\/","title":{"rendered":"Vem a\u00ed a XXVI Jornada de Ensino de Hist\u00f3ria e Educa\u00e7\u00e3o &#8211; GT de Ensino &#8211; ANPUH\/RS &#8211; Mar\u00e7o de 2023"},"content":{"rendered":"<div class=\"x11i5rnm xat24cr x1mh8g0r x1vvkbs xdj266r x126k92a\">\n<div dir=\"auto\" style=\"text-align: justify;\" data-wp-editing=\"1\">Nos dias 29,3<a style=\"color: #ff4b33; text-align: justify;\" href=\"https:\/\/wp.ufpel.edu.br\/leh\/files\/2023\/01\/323322081_1335598447207662_7648386473754064241_n.jpg\"><img loading=\"lazy\" decoding=\"async\" class=\"alignleft wp-image-2042 \" src=\"https:\/\/wp.ufpel.edu.br\/leh\/files\/2023\/01\/323322081_1335598447207662_7648386473754064241_n.jpg\" alt=\"\" width=\"388\" height=\"274\" \/><\/a>0 e 31 de Mar\u00e7o e 1\u00ba de Abril ser\u00e1 realizada em Pelotas a XXVI Jornada de Ensino de Hist\u00f3ria e Educa\u00e7\u00e3o, promovida pelo Grupo de Trabalho Ensino de Hist\u00f3ria e Educa\u00e7\u00e3o da ANPUH-RS, em parceria com o Laborat\u00f3rio de Ensino de Hist\u00f3ria e do Programa de P\u00f3s-Gradua\u00e7\u00e3o em Hist\u00f3ria da Universidade Federal de Pelotas.<\/div>\n<div dir=\"auto\" style=\"text-align: justify;\">O evento, que re\u00fane professores\/as da Educa\u00e7\u00e3o B\u00e1sica e do Ensino Superior, pesquisadores\/as e estudantes de Licenciaturas, objetiva promover espa\u00e7os de forma\u00e7\u00e3o e discuss\u00e3o acerca de temas que atravessam os mundos da escola e, mais particularmente, o ensino de Hist\u00f3ria. Este ano, a Jornada ter\u00e1 como tema central ensino de Hist\u00f3ria, lutas sociais e direitos humanos e homenagear\u00e1 o Professor Enrique Serra Padr\u00f3s, militante hist\u00f3rico de nosso GT.<\/div>\n<div dir=\"auto\" style=\"text-align: justify;\">Esta Jornada, que se constitui no primeiro encontro presencial do GT ap\u00f3s o per\u00edodo de isolamento social, ocorre em um momento em que a educa\u00e7\u00e3o e o Ensino de Hist\u00f3ria tem sido atravessados por uma s\u00e9rie de desafios. A emerg\u00eancia de discursos negacionistas e\/ou que reivindicam o autoritarismo, as concep\u00e7\u00f5es equivocadas acerca dos direitos humanos e das lutas sociais que marcam nossa hist\u00f3ria recente, as reformas e pol\u00edticas p\u00fablicas implementadas nos \u00faltimos anos e as tentativas de vigil\u00e2ncia e controle sobre o trabalho docente tem impactado de forma sign<\/div>\n<div dir=\"auto\" style=\"text-align: justify;\">ificativa os mundos da escola. Todos esses movimentos, em um tempo que nos parece cada vez mais acelerado, nos colocam a necessidade de refletir sobre o nosso of\u00edcio e nossas pr\u00e1ticas, de forma a delinearmos novos horizontes e projetos coletivos. Para que possamos, juntos\/as, \u201cdevolver alegria ao futuro\u201d.<\/div>\n<div dir=\"auto\" style=\"text-align: justify;\">A XXVI Jornada ser\u00e1 desenvolvida a partir de diferentes atividades: confer\u00eancias, mesas redondas, sess\u00f5es de apresenta\u00e7\u00e3o de trabalhos, sarau, oficinas, rodas de conversa e atividades culturais. Entre as tem\u00e1ticas que ser\u00e3o abordadas ao longo do evento, destacam-se: direitos humanos; lutas antirracistas e educa\u00e7\u00e3o para as rela\u00e7\u00f5es \u00e9tnico-raciais; Novo Ensino M\u00e9dio e seus desdobramentos e limites; igualdade de g\u00eanero e direitos da popula\u00e7\u00e3o LGBTQIA+ nas aulas de Hist\u00f3ria; condi\u00e7\u00f5es de trabalho, valoriza\u00e7\u00e3o profissional e sa\u00fade mental do\/a professor\/a de Hist\u00f3ria; experi\u00eancias e metodologias para ensinar Hist\u00f3ria na Educa\u00e7\u00e3o B\u00e1sica.<\/div>\n<div dir=\"auto\" style=\"text-align: justify;\">Vem para a Jornada<\/div>\n<div dir=\"auto\" style=\"text-align: justify;\">Ser\u00e3o quatro dias de reencontros, trocas e debates. Esperamos tamb\u00e9m que seja um espa\u00e7o para a consolida\u00e7\u00e3o de la\u00e7os e projetos coletivos em torno de propostas educativas vinculadas \u00e0s lutas sociais do presente \u2013 que s\u00e3o urgentes \u2013 e \u00e0 defesa dos direitos humanos.<\/div>\n<\/div>\n<div class=\"x11i5rnm xat24cr x1mh8g0r x1vvkbs xtlvy1s x126k92a\">\n<div dir=\"auto\"><\/div>\n<div dir=\"auto\">Acesse aqui a \u00edntegra da <strong>Primeira Circular\u00a0<\/strong><\/div>\n<div dir=\"auto\"><a href=\"https:\/\/drive.google.com\/file\/d\/1nwAXdIjJ73P_Ga74ZmvumnHzGknGhLeX\/view?fbclid=IwAR0rvN5gC5QwIAc5tgr6va3G-ofQuo6_Z9uqfqoGDYuTC6zrVBzzOzRn9vA\">https:\/\/drive.google.com\/file\/d\/1nwAXdIjJ73P_Ga74ZmvumnHzGknGhLeX\/view?fbclid=IwAR0rvN5gC5QwIAc5tgr6va3G-ofQuo6_Z9uqfqoGDYuTC6zrVBzzOzRn9vA<\/a><\/div>\n<\/div>\n","protected":false},"excerpt":{"rendered":"<p>Nos dias 29,30 e 31 de Mar\u00e7o e 1\u00ba de Abril ser\u00e1 realizada em Pelotas a XXVI Jornada de Ensino de Hist\u00f3ria e Educa\u00e7\u00e3o, promovida pelo Grupo de Trabalho Ensino de Hist\u00f3ria e Educa\u00e7\u00e3o da ANPUH-RS, em parceria com o &hellip; <a href=\"https:\/\/wp.ufpel.edu.br\/leh\/2023\/01\/03\/vem-ai-a-xxvi-jornada-de-ensino-de-historia-e-educacao-gt-de-ensino-anpuh-rs-marco-de-2023\/\">Continue lendo <span class=\"meta-nav\">&rarr;<\/span><\/a><\/p>\n","protected":false},"author":778,"featured_media":0,"comment_status":"closed","ping_status":"closed","sticky":false,"template":"","format":"gallery","meta":{"footnotes":""},"categories":[1],"tags":[],"class_list":["post-2040","post","type-post","status-publish","format-gallery","hentry","category-noticias","post_format-post-format-gallery"],"jetpack_featured_media_url":"","_links":{"self":[{"href":"https:\/\/wp.ufpel.edu.br\/leh\/wp-json\/wp\/v2\/posts\/2040","targetHints":{"allow":["GET"]}}],"collection":[{"href":"https:\/\/wp.ufpel.edu.br\/leh\/wp-json\/wp\/v2\/posts"}],"about":[{"href":"https:\/\/wp.ufpel.edu.br\/leh\/wp-json\/wp\/v2\/types\/post"}],"author":[{"embeddable":true,"href":"https:\/\/wp.ufpel.edu.br\/leh\/wp-json\/wp\/v2\/users\/778"}],"replies":[{"embeddable":true,"href":"https:\/\/wp.ufpel.edu.br\/leh\/wp-json\/wp\/v2\/comments?post=2040"}],"version-history":[{"count":5,"href":"https:\/\/wp.ufpel.edu.br\/leh\/wp-json\/wp\/v2\/posts\/2040\/revisions"}],"predecessor-version":[{"id":2061,"href":"https:\/\/wp.ufpel.edu.br\/leh\/wp-json\/wp\/v2\/posts\/2040\/revisions\/2061"}],"wp:attachment":[{"href":"https:\/\/wp.ufpel.edu.br\/leh\/wp-json\/wp\/v2\/media?parent=2040"}],"wp:term":[{"taxonomy":"category","embeddable":true,"href":"https:\/\/wp.ufpel.edu.br\/leh\/wp-json\/wp\/v2\/categories?post=2040"},{"taxonomy":"post_tag","embeddable":true,"href":"https:\/\/wp.ufpel.edu.br\/leh\/wp-json\/wp\/v2\/tags?post=2040"}],"curies":[{"name":"wp","href":"https:\/\/api.w.org\/{rel}","templated":true}]}}