{"id":2025,"date":"2022-12-08T16:21:06","date_gmt":"2022-12-08T19:21:06","guid":{"rendered":"https:\/\/wp.ufpel.edu.br\/leh\/?p=2025"},"modified":"2023-01-03T02:26:16","modified_gmt":"2023-01-03T05:26:16","slug":"docentes-lancam-volume-1-e-volume-2-do-cadernos-tematicos-do-leh-confira","status":"publish","type":"post","link":"https:\/\/wp.ufpel.edu.br\/leh\/2022\/12\/08\/docentes-lancam-volume-1-e-volume-2-do-cadernos-tematicos-do-leh-confira\/","title":{"rendered":"Docentes lan\u00e7am volume 1 e volume 2 do Cadernos Tem\u00e1ticos do LEH &#8211; Confira"},"content":{"rendered":"<p>Os Cadernos Tem\u00e1ticos do LEH, Projeto do Laborat\u00f3rio de Ensino de Hist\u00f3ria (LEH\/UFPel), se constitui enquanto publica\u00e7\u00e3o seriada em que cada volume contempla um recorte tem\u00e1tico para o ensino da Hist\u00f3ria escolar. Conhe\u00e7am o Vol 1 e o Vol 2 dispon\u00edveis para download no site<a href=\"https:\/\/www.casaletras.com\/cadernosleh\"> https:\/\/www.casaletras.com\/cadernosleh<\/a><\/p>\n<p><a href=\"https:\/\/wp.ufpel.edu.br\/leh\/files\/2022\/12\/309662472_520137223449313_9114411762050461514_n.jpg\"><img loading=\"lazy\" decoding=\"async\" class=\"alignnone wp-image-2028 \" src=\"https:\/\/wp.ufpel.edu.br\/leh\/files\/2022\/12\/309662472_520137223449313_9114411762050461514_n-869x1024.jpg\" alt=\"\" width=\"264\" height=\"311\" \/>\u00a0\u00a0<\/a> <a href=\"https:\/\/wp.ufpel.edu.br\/leh\/files\/2022\/12\/309400015_520137220115980_7155547504811414765_n.jpg\"><img loading=\"lazy\" decoding=\"async\" class=\"alignnone wp-image-2027 \" src=\"https:\/\/wp.ufpel.edu.br\/leh\/files\/2022\/12\/309400015_520137220115980_7155547504811414765_n.jpg\" alt=\"\" width=\"268\" height=\"316\" \/><\/a><\/p>\n","protected":false},"excerpt":{"rendered":"<p>Os Cadernos Tem\u00e1ticos do LEH, Projeto do Laborat\u00f3rio de Ensino de Hist\u00f3ria (LEH\/UFPel), se constitui enquanto publica\u00e7\u00e3o seriada em que cada volume contempla um recorte tem\u00e1tico para o ensino da Hist\u00f3ria escolar. Conhe\u00e7am o Vol 1 e o Vol 2 &hellip; <a href=\"https:\/\/wp.ufpel.edu.br\/leh\/2022\/12\/08\/docentes-lancam-volume-1-e-volume-2-do-cadernos-tematicos-do-leh-confira\/\">Continue lendo <span class=\"meta-nav\">&rarr;<\/span><\/a><\/p>\n","protected":false},"author":778,"featured_media":0,"comment_status":"closed","ping_status":"closed","sticky":false,"template":"","format":"gallery","meta":{"footnotes":""},"categories":[1],"tags":[],"class_list":["post-2025","post","type-post","status-publish","format-gallery","hentry","category-noticias","post_format-post-format-gallery"],"jetpack_featured_media_url":"","_links":{"self":[{"href":"https:\/\/wp.ufpel.edu.br\/leh\/wp-json\/wp\/v2\/posts\/2025","targetHints":{"allow":["GET"]}}],"collection":[{"href":"https:\/\/wp.ufpel.edu.br\/leh\/wp-json\/wp\/v2\/posts"}],"about":[{"href":"https:\/\/wp.ufpel.edu.br\/leh\/wp-json\/wp\/v2\/types\/post"}],"author":[{"embeddable":true,"href":"https:\/\/wp.ufpel.edu.br\/leh\/wp-json\/wp\/v2\/users\/778"}],"replies":[{"embeddable":true,"href":"https:\/\/wp.ufpel.edu.br\/leh\/wp-json\/wp\/v2\/comments?post=2025"}],"version-history":[{"count":4,"href":"https:\/\/wp.ufpel.edu.br\/leh\/wp-json\/wp\/v2\/posts\/2025\/revisions"}],"predecessor-version":[{"id":2063,"href":"https:\/\/wp.ufpel.edu.br\/leh\/wp-json\/wp\/v2\/posts\/2025\/revisions\/2063"}],"wp:attachment":[{"href":"https:\/\/wp.ufpel.edu.br\/leh\/wp-json\/wp\/v2\/media?parent=2025"}],"wp:term":[{"taxonomy":"category","embeddable":true,"href":"https:\/\/wp.ufpel.edu.br\/leh\/wp-json\/wp\/v2\/categories?post=2025"},{"taxonomy":"post_tag","embeddable":true,"href":"https:\/\/wp.ufpel.edu.br\/leh\/wp-json\/wp\/v2\/tags?post=2025"}],"curies":[{"name":"wp","href":"https:\/\/api.w.org\/{rel}","templated":true}]}}