{"id":1485,"date":"2021-12-02T11:33:18","date_gmt":"2021-12-02T14:33:18","guid":{"rendered":"https:\/\/wp.ufpel.edu.br\/leh\/?p=1485"},"modified":"2022-12-08T15:35:53","modified_gmt":"2022-12-08T18:35:53","slug":"memorias-de-formacao-para-o-ensino-de-historia","status":"publish","type":"post","link":"https:\/\/wp.ufpel.edu.br\/leh\/2021\/12\/02\/memorias-de-formacao-para-o-ensino-de-historia\/","title":{"rendered":"Projeto Mem\u00f3rias de forma\u00e7\u00e3o para o Ensino de Hist\u00f3ria"},"content":{"rendered":"<h5 style=\"text-align: justify;\"><span style=\"font-family: times new roman, times, serif; font-size: 14pt;\"><em>O projeto Mem\u00f3rias de forma\u00e7\u00e3o para o Ensino de Hist\u00f3ria: conversa com professores\/as egressos\/as do curso de Licenciatura em Hist\u00f3ria da UFPel<\/em>, coordenado pela Profa. Lisiane Manke, foi organizado como parte da programa\u00e7\u00e3o alusiva aos 40 anos do curso de Licenciatura, com objetivo de oportunizar a constru\u00e7\u00e3o de narrativas memoriais sobre o percurso de forma\u00e7\u00e3o inicial de professores\/as de hist\u00f3ria. Durante os meses de agosto a maio de 2021, reunimo-nos quinzenalmente, atrav\u00e9s de plataforma digital (devido a necessidade de distanciamento social decorrente da pandemia de Covid-19), para rememorarmos as experi\u00eancias vivenciadas em algum momento desses 40 anos.<\/span><\/h5>\n<p><span style=\"font-family: times new roman, times, serif; font-size: 14pt;\"><img loading=\"lazy\" decoding=\"async\" class=\"wp-image-1487 aligncenter\" src=\"https:\/\/wp.ufpel.edu.br\/leh\/files\/2021\/12\/5-26-de-agosto-de-2021-283x400.jpg\" alt=\"\" width=\"323\" height=\"457\" srcset=\"https:\/\/wp.ufpel.edu.br\/leh\/files\/2021\/12\/5-26-de-agosto-de-2021-283x400.jpg 283w, https:\/\/wp.ufpel.edu.br\/leh\/files\/2021\/12\/5-26-de-agosto-de-2021-723x1024.jpg 723w, https:\/\/wp.ufpel.edu.br\/leh\/files\/2021\/12\/5-26-de-agosto-de-2021-768x1087.jpg 768w, https:\/\/wp.ufpel.edu.br\/leh\/files\/2021\/12\/5-26-de-agosto-de-2021.jpg 904w\" sizes=\"auto, (max-width: 323px) 100vw, 323px\" \/><\/span><\/p>\n<p><span style=\"font-family: times new roman, times, serif; font-size: 14pt;\"><img loading=\"lazy\" decoding=\"async\" class=\"aligncenter wp-image-1488\" src=\"https:\/\/wp.ufpel.edu.br\/leh\/files\/2021\/12\/6-9-de-setembro-de-2021-e1638455133288-306x400.jpg\" alt=\"\" width=\"395\" height=\"517\" srcset=\"https:\/\/wp.ufpel.edu.br\/leh\/files\/2021\/12\/6-9-de-setembro-de-2021-e1638455133288-306x400.jpg 306w, https:\/\/wp.ufpel.edu.br\/leh\/files\/2021\/12\/6-9-de-setembro-de-2021-e1638455133288-783x1024.jpg 783w, https:\/\/wp.ufpel.edu.br\/leh\/files\/2021\/12\/6-9-de-setembro-de-2021-e1638455133288-768x1004.jpg 768w, https:\/\/wp.ufpel.edu.br\/leh\/files\/2021\/12\/6-9-de-setembro-de-2021-e1638455133288.jpg 826w\" sizes=\"auto, (max-width: 395px) 100vw, 395px\" \/><\/span><\/p>\n<p><span style=\"font-family: times new roman, times, serif; font-size: 14pt;\"><img loading=\"lazy\" decoding=\"async\" class=\"aligncenter wp-image-1489 \" src=\"https:\/\/wp.ufpel.edu.br\/leh\/files\/2021\/12\/7-23-de-setembro-de-2021-e1638455284419-306x400.jpg\" alt=\"\" width=\"395\" height=\"516\" srcset=\"https:\/\/wp.ufpel.edu.br\/leh\/files\/2021\/12\/7-23-de-setembro-de-2021-e1638455284419-306x400.jpg 306w, https:\/\/wp.ufpel.edu.br\/leh\/files\/2021\/12\/7-23-de-setembro-de-2021-e1638455284419-783x1024.jpg 783w, https:\/\/wp.ufpel.edu.br\/leh\/files\/2021\/12\/7-23-de-setembro-de-2021-e1638455284419-768x1004.jpg 768w, https:\/\/wp.ufpel.edu.br\/leh\/files\/2021\/12\/7-23-de-setembro-de-2021-e1638455284419.jpg 826w\" sizes=\"auto, (max-width: 395px) 100vw, 395px\" \/><\/span><\/p>\n<p><span style=\"font-family: times new roman, times, serif; font-size: 14pt;\"><img loading=\"lazy\" decoding=\"async\" class=\"aligncenter wp-image-1490 \" src=\"https:\/\/wp.ufpel.edu.br\/leh\/files\/2021\/12\/8-07-de-outubro-de-2021-e1638455342899-325x400.png\" alt=\"\" width=\"396\" height=\"487\" srcset=\"https:\/\/wp.ufpel.edu.br\/leh\/files\/2021\/12\/8-07-de-outubro-de-2021-e1638455342899-325x400.png 325w, https:\/\/wp.ufpel.edu.br\/leh\/files\/2021\/12\/8-07-de-outubro-de-2021-e1638455342899-832x1024.png 832w, https:\/\/wp.ufpel.edu.br\/leh\/files\/2021\/12\/8-07-de-outubro-de-2021-e1638455342899-768x946.png 768w, https:\/\/wp.ufpel.edu.br\/leh\/files\/2021\/12\/8-07-de-outubro-de-2021-e1638455342899.png 877w\" sizes=\"auto, (max-width: 396px) 100vw, 396px\" \/><\/span><\/p>\n<p><span style=\"font-family: times new roman, times, serif; font-size: 14pt;\"><img loading=\"lazy\" decoding=\"async\" class=\"aligncenter wp-image-1491 size-medium\" src=\"https:\/\/wp.ufpel.edu.br\/leh\/files\/2021\/12\/9-21-de-outubro-de-2021-400x400.jpg\" alt=\"\" width=\"400\" height=\"400\" srcset=\"https:\/\/wp.ufpel.edu.br\/leh\/files\/2021\/12\/9-21-de-outubro-de-2021-400x400.jpg 400w, https:\/\/wp.ufpel.edu.br\/leh\/files\/2021\/12\/9-21-de-outubro-de-2021-1024x1024.jpg 1024w, https:\/\/wp.ufpel.edu.br\/leh\/files\/2021\/12\/9-21-de-outubro-de-2021-200x200.jpg 200w, https:\/\/wp.ufpel.edu.br\/leh\/files\/2021\/12\/9-21-de-outubro-de-2021-768x768.jpg 768w, https:\/\/wp.ufpel.edu.br\/leh\/files\/2021\/12\/9-21-de-outubro-de-2021.jpg 1080w\" sizes=\"auto, (max-width: 400px) 100vw, 400px\" \/><\/span><\/p>\n<p><span style=\"font-family: times new roman, times, serif; font-size: 14pt;\"><img loading=\"lazy\" decoding=\"async\" class=\"aligncenter wp-image-1492 size-medium\" src=\"https:\/\/wp.ufpel.edu.br\/leh\/files\/2021\/12\/10-04-de-novembro-de-2021-400x400.png\" alt=\"\" width=\"400\" height=\"400\" srcset=\"https:\/\/wp.ufpel.edu.br\/leh\/files\/2021\/12\/10-04-de-novembro-de-2021-400x400.png 400w, https:\/\/wp.ufpel.edu.br\/leh\/files\/2021\/12\/10-04-de-novembro-de-2021-1024x1024.png 1024w, https:\/\/wp.ufpel.edu.br\/leh\/files\/2021\/12\/10-04-de-novembro-de-2021-200x200.png 200w, https:\/\/wp.ufpel.edu.br\/leh\/files\/2021\/12\/10-04-de-novembro-de-2021-768x768.png 768w, https:\/\/wp.ufpel.edu.br\/leh\/files\/2021\/12\/10-04-de-novembro-de-2021.png 1080w\" sizes=\"auto, (max-width: 400px) 100vw, 400px\" \/><\/span><\/p>\n<p><span style=\"font-family: times new roman, times, serif; font-size: 14pt;\"><img loading=\"lazy\" decoding=\"async\" class=\"aligncenter size-medium wp-image-1493\" src=\"https:\/\/wp.ufpel.edu.br\/leh\/files\/2021\/12\/11-18-de-novembro-de-2021-400x400.jpg\" alt=\"\" width=\"400\" height=\"400\" srcset=\"https:\/\/wp.ufpel.edu.br\/leh\/files\/2021\/12\/11-18-de-novembro-de-2021-400x400.jpg 400w, https:\/\/wp.ufpel.edu.br\/leh\/files\/2021\/12\/11-18-de-novembro-de-2021-1024x1024.jpg 1024w, https:\/\/wp.ufpel.edu.br\/leh\/files\/2021\/12\/11-18-de-novembro-de-2021-200x200.jpg 200w, https:\/\/wp.ufpel.edu.br\/leh\/files\/2021\/12\/11-18-de-novembro-de-2021-768x768.jpg 768w, https:\/\/wp.ufpel.edu.br\/leh\/files\/2021\/12\/11-18-de-novembro-de-2021.jpg 1080w\" sizes=\"auto, (max-width: 400px) 100vw, 400px\" \/><\/span><\/p>\n","protected":false},"excerpt":{"rendered":"<p>O projeto Mem\u00f3rias de forma\u00e7\u00e3o para o Ensino de Hist\u00f3ria: conversa com professores\/as egressos\/as do curso de Licenciatura em Hist\u00f3ria da UFPel, coordenado pela Profa. Lisiane Manke, foi organizado como parte da programa\u00e7\u00e3o alusiva aos 40 anos do curso de &hellip; <a href=\"https:\/\/wp.ufpel.edu.br\/leh\/2021\/12\/02\/memorias-de-formacao-para-o-ensino-de-historia\/\">Continue lendo <span class=\"meta-nav\">&rarr;<\/span><\/a><\/p>\n","protected":false},"author":778,"featured_media":0,"comment_status":"closed","ping_status":"closed","sticky":false,"template":"","format":"gallery","meta":{"footnotes":""},"categories":[1],"tags":[],"class_list":["post-1485","post","type-post","status-publish","format-gallery","hentry","category-noticias","post_format-post-format-gallery"],"jetpack_featured_media_url":"","_links":{"self":[{"href":"https:\/\/wp.ufpel.edu.br\/leh\/wp-json\/wp\/v2\/posts\/1485","targetHints":{"allow":["GET"]}}],"collection":[{"href":"https:\/\/wp.ufpel.edu.br\/leh\/wp-json\/wp\/v2\/posts"}],"about":[{"href":"https:\/\/wp.ufpel.edu.br\/leh\/wp-json\/wp\/v2\/types\/post"}],"author":[{"embeddable":true,"href":"https:\/\/wp.ufpel.edu.br\/leh\/wp-json\/wp\/v2\/users\/778"}],"replies":[{"embeddable":true,"href":"https:\/\/wp.ufpel.edu.br\/leh\/wp-json\/wp\/v2\/comments?post=1485"}],"version-history":[{"count":6,"href":"https:\/\/wp.ufpel.edu.br\/leh\/wp-json\/wp\/v2\/posts\/1485\/revisions"}],"predecessor-version":[{"id":1952,"href":"https:\/\/wp.ufpel.edu.br\/leh\/wp-json\/wp\/v2\/posts\/1485\/revisions\/1952"}],"wp:attachment":[{"href":"https:\/\/wp.ufpel.edu.br\/leh\/wp-json\/wp\/v2\/media?parent=1485"}],"wp:term":[{"taxonomy":"category","embeddable":true,"href":"https:\/\/wp.ufpel.edu.br\/leh\/wp-json\/wp\/v2\/categories?post=1485"},{"taxonomy":"post_tag","embeddable":true,"href":"https:\/\/wp.ufpel.edu.br\/leh\/wp-json\/wp\/v2\/tags?post=1485"}],"curies":[{"name":"wp","href":"https:\/\/api.w.org\/{rel}","templated":true}]}}