{"id":106,"date":"2017-08-11T17:30:14","date_gmt":"2017-08-11T20:30:14","guid":{"rendered":"https:\/\/wp.ufpel.edu.br\/leh\/?p=106"},"modified":"2017-10-11T15:06:44","modified_gmt":"2017-10-11T18:06:44","slug":"projeto-de-ensino-de-historia-na-educacao-basica","status":"publish","type":"post","link":"https:\/\/wp.ufpel.edu.br\/leh\/2017\/08\/11\/projeto-de-ensino-de-historia-na-educacao-basica\/","title":{"rendered":"Projeto de Ensino de Hist\u00f3ria na Educa\u00e7\u00e3o B\u00e1sica"},"content":{"rendered":"<p>O Grupo de estudos sobre Ensino de Hist\u00f3ria discutiu, no dia 27 de Julho, o tema Ensino de Hist\u00f3ria e Literatura. Agradecemos a presen\u00e7a de todos\/as que apresentaram diversas perspectivas a respeito desse tema e a Profa. Dr\u00aa Ana Inez Klein por contribuir com a discuss\u00e3o compartilhando suas valiosas experi\u00eancias.<\/p>\n<p><img loading=\"lazy\" decoding=\"async\" class=\"size-medium wp-image-108 aligncenter\" src=\"https:\/\/wp.ufpel.edu.br\/leh\/files\/2017\/08\/SIte-1-400x225.jpg\" alt=\"\" width=\"400\" height=\"225\" srcset=\"https:\/\/wp.ufpel.edu.br\/leh\/files\/2017\/08\/SIte-1-400x225.jpg 400w, https:\/\/wp.ufpel.edu.br\/leh\/files\/2017\/08\/SIte-1-768x431.jpg 768w, https:\/\/wp.ufpel.edu.br\/leh\/files\/2017\/08\/SIte-1.jpg 960w\" sizes=\"auto, (max-width: 400px) 100vw, 400px\" \/><img loading=\"lazy\" decoding=\"async\" class=\"size-medium wp-image-109 aligncenter\" src=\"https:\/\/wp.ufpel.edu.br\/leh\/files\/2017\/08\/Site-2-400x225.jpg\" alt=\"\" width=\"400\" height=\"225\" srcset=\"https:\/\/wp.ufpel.edu.br\/leh\/files\/2017\/08\/Site-2-400x225.jpg 400w, https:\/\/wp.ufpel.edu.br\/leh\/files\/2017\/08\/Site-2-768x431.jpg 768w, https:\/\/wp.ufpel.edu.br\/leh\/files\/2017\/08\/Site-2.jpg 960w\" sizes=\"auto, (max-width: 400px) 100vw, 400px\" \/><\/p>\n","protected":false},"excerpt":{"rendered":"<p>O Grupo de estudos sobre Ensino de Hist\u00f3ria discutiu, no dia 27 de Julho, o tema Ensino de Hist\u00f3ria e Literatura. Agradecemos a presen\u00e7a de todos\/as que apresentaram diversas perspectivas a respeito desse tema e a Profa. Dr\u00aa Ana Inez &hellip; <a href=\"https:\/\/wp.ufpel.edu.br\/leh\/2017\/08\/11\/projeto-de-ensino-de-historia-na-educacao-basica\/\">Continue lendo <span class=\"meta-nav\">&rarr;<\/span><\/a><\/p>\n","protected":false},"author":778,"featured_media":0,"comment_status":"closed","ping_status":"closed","sticky":false,"template":"","format":"standard","meta":{"footnotes":""},"categories":[1],"tags":[],"class_list":["post-106","post","type-post","status-publish","format-standard","hentry","category-noticias"],"jetpack_featured_media_url":"","_links":{"self":[{"href":"https:\/\/wp.ufpel.edu.br\/leh\/wp-json\/wp\/v2\/posts\/106","targetHints":{"allow":["GET"]}}],"collection":[{"href":"https:\/\/wp.ufpel.edu.br\/leh\/wp-json\/wp\/v2\/posts"}],"about":[{"href":"https:\/\/wp.ufpel.edu.br\/leh\/wp-json\/wp\/v2\/types\/post"}],"author":[{"embeddable":true,"href":"https:\/\/wp.ufpel.edu.br\/leh\/wp-json\/wp\/v2\/users\/778"}],"replies":[{"embeddable":true,"href":"https:\/\/wp.ufpel.edu.br\/leh\/wp-json\/wp\/v2\/comments?post=106"}],"version-history":[{"count":2,"href":"https:\/\/wp.ufpel.edu.br\/leh\/wp-json\/wp\/v2\/posts\/106\/revisions"}],"predecessor-version":[{"id":258,"href":"https:\/\/wp.ufpel.edu.br\/leh\/wp-json\/wp\/v2\/posts\/106\/revisions\/258"}],"wp:attachment":[{"href":"https:\/\/wp.ufpel.edu.br\/leh\/wp-json\/wp\/v2\/media?parent=106"}],"wp:term":[{"taxonomy":"category","embeddable":true,"href":"https:\/\/wp.ufpel.edu.br\/leh\/wp-json\/wp\/v2\/categories?post=106"},{"taxonomy":"post_tag","embeddable":true,"href":"https:\/\/wp.ufpel.edu.br\/leh\/wp-json\/wp\/v2\/tags?post=106"}],"curies":[{"name":"wp","href":"https:\/\/api.w.org\/{rel}","templated":true}]}}